{"id":5826,"date":"2018-03-13T22:47:39","date_gmt":"2018-03-13T22:47:39","guid":{"rendered":"http:\/\/fmamiga909.com.ar\/?p=5826"},"modified":"2018-03-13T22:47:39","modified_gmt":"2018-03-13T22:47:39","slug":"el-vicepresidente-de-la-epe-estuvo-en-san-cristobal","status":"publish","type":"post","link":"https:\/\/fmamiga909.com.ar\/?p=5826","title":{"rendered":"El vicepresidente de la EPE estuvo en San Crist\u00f3bal"},"content":{"rendered":"<p><strong>El\u00a0vicepresidente de la EPE, Fabi\u00e1n Bast\u00eda,\u00a0junto a otros miembros del directorio estuvieron en San Crist\u00f3bal brindando explicaciones sobre el incidente que se desat\u00f3 en la ma\u00f1ana del viernes en Arruf\u00f3 cuando se incendi\u00f3 un transformador.\u00a0<\/strong><\/p>\n<p><strong>En tanto\u00a0el Senador Michlig confirm\u00f3 que el 26 de marzo\u00a0estar\u00e1 llegando a San Crist\u00f3bal el Vicegobernador Fascendini y el Directorio de la EPE para avanzar en la confirmaci\u00f3n del plan de inversiones para el departamento.\u00a0<\/strong><\/p>\n<p><strong>La gravedad del accidente fue muy importante pero por suerte y a partir de las inversiones que se hicieron,\u00a0hemos podido instalar la estaci\u00f3n transformadora m\u00f3vil\u00a0que nos permiti\u00f3 superar la emergencia. A nosotros nos duele lo que tuvieron que atravesar los habitantes de San Crist\u00f3bal y por eso pedimos nuevamente disculpas, afirm\u00f3 Bast\u00eda.\u00a0<\/strong><\/p>\n<p><strong>Anunci\u00f3 que\u00a0para reemplazar el transformador quemado se instalar\u00e1 uno de 30 megas\u00a0que duplica la capacidad por lo que tendremos una inversi\u00f3n que nos permitir\u00e1 tener una m\u00e1quina para varios a\u00f1os.\u00a0<\/strong><\/p>\n<p><strong>Consultado sobre el origen de la falla, manifest\u00f3 que\u00a0el transformador hab\u00eda sido chequeado el 8 de enero\u00a0con una muestra de aceite la que nos mostr\u00f3 que la m\u00e1quina estaba en condiciones de seguir funcionando. No obstante los cortocircuitos que se generaron por una fuerte tormenta, podr\u00edan haberlo afectado.\u00a0<\/strong><\/p>\n<p><strong>Un incidente similar\u00a0s\u00f3lo hab\u00eda ocurrido en el a\u00f1o 97, en la ciudad de Rosario, lo que marca la excepcionalidad del hecho.\u00a0<\/strong><\/p>\n<p><strong>Hemos tenido una gran respuesta de nuestra gente y por eso nos sentimos conformes, aunque sabemos que\u00a0a la gente le debemos dar respuestas permanentes.\u00a0Por eso estaremos invirtiendo en\u00a0una planta generadora para San Crist\u00f3bal\u00a0a los efectos de minimizar cualquier problema. Algo similar\u00a0se estar\u00e1 instalando en San Guillermo.\u00a0<\/strong><\/p>\n<p><strong>El funcionario destac\u00f3 que en los \u00faltimos dos a\u00f1os hemos invertido para mejorar la ruralidad pero las debemos a seguir haciendo, adem\u00e1s de ratificar que\u00a0el 21 de marzo se estar\u00e1 poniendo en marcha la Agencia de EPE en Ceres.\u00a0<\/strong><\/p>\n<p><strong>Por otra parte\u00a0confirm\u00f3 que EPE estar\u00e1 refuncionalizando la l\u00ednea que llega de C\u00f3rdoba\u00a0para abastecer a Suardi en casos de emergencias. Adem\u00e1s dijo que en los pr\u00f3ximos 50 d\u00edas se estar\u00e1 comenzando\u00a0la l\u00ednea nueva entre San Guillermo.Suardi.<\/strong><\/p>\n","protected":false},"excerpt":{"rendered":"<p>El\u00a0vicepresidente de la EPE, Fabi\u00e1n Bast\u00eda,\u00a0junto a otros miembros del directorio estuvieron en San Crist\u00f3bal&#8230;<\/p>\n","protected":false},"author":3,"featured_media":5827,"comment_status":"closed","ping_status":"closed","sticky":false,"template":"","format":"standard","meta":{"footnotes":""},"categories":[1,3],"tags":[],"class_list":["post-5826","post","type-post","status-publish","format-standard","has-post-thumbnail","hentry","category-uncategorized","category-noticias"],"featured_image_urls":{"full":["https:\/\/fmamiga909.com.ar\/wp-content\/uploads\/2018\/03\/8035-michlig-bastia.jpg",806,525,false],"thumbnail":["https:\/\/fmamiga909.com.ar\/wp-content\/uploads\/2018\/03\/8035-michlig-bastia-150x150.jpg",150,150,true],"medium":["https:\/\/fmamiga909.com.ar\/wp-content\/uploads\/2018\/03\/8035-michlig-bastia-300x195.jpg",300,195,true],"medium_large":["https:\/\/fmamiga909.com.ar\/wp-content\/uploads\/2018\/03\/8035-michlig-bastia.jpg",806,525,false],"large":["https:\/\/fmamiga909.com.ar\/wp-content\/uploads\/2018\/03\/8035-michlig-bastia.jpg",640,417,false],"1536x1536":["https:\/\/fmamiga909.com.ar\/wp-content\/uploads\/2018\/03\/8035-michlig-bastia.jpg",806,525,false],"2048x2048":["https:\/\/fmamiga909.com.ar\/wp-content\/uploads\/2018\/03\/8035-michlig-bastia.jpg",806,525,false],"newsium-slider-full":["https:\/\/fmamiga909.com.ar\/wp-content\/uploads\/2018\/03\/8035-michlig-bastia.jpg",806,525,false],"newsium-featured":["https:\/\/fmamiga909.com.ar\/wp-content\/uploads\/2018\/03\/8035-michlig-bastia.jpg",806,525,false],"newsium-medium":["https:\/\/fmamiga909.com.ar\/wp-content\/uploads\/2018\/03\/8035-michlig-bastia.jpg",720,469,false]},"author_info":{"display_name":"Fredy Giuliano","author_link":"https:\/\/fmamiga909.com.ar\/?author=3"},"category_info":"<a href=\"https:\/\/fmamiga909.com.ar\/?cat=1\" rel=\"category\">La radio<\/a> <a href=\"https:\/\/fmamiga909.com.ar\/?cat=3\" rel=\"category\">Noticias<\/a>","tag_info":"Noticias","comment_count":"0","_links":{"self":[{"href":"https:\/\/fmamiga909.com.ar\/index.php?rest_route=\/wp\/v2\/posts\/5826","targetHints":{"allow":["GET"]}}],"collection":[{"href":"https:\/\/fmamiga909.com.ar\/index.php?rest_route=\/wp\/v2\/posts"}],"about":[{"href":"https:\/\/fmamiga909.com.ar\/index.php?rest_route=\/wp\/v2\/types\/post"}],"author":[{"embeddable":true,"href":"https:\/\/fmamiga909.com.ar\/index.php?rest_route=\/wp\/v2\/users\/3"}],"replies":[{"embeddable":true,"href":"https:\/\/fmamiga909.com.ar\/index.php?rest_route=%2Fwp%2Fv2%2Fcomments&post=5826"}],"version-history":[{"count":1,"href":"https:\/\/fmamiga909.com.ar\/index.php?rest_route=\/wp\/v2\/posts\/5826\/revisions"}],"predecessor-version":[{"id":5828,"href":"https:\/\/fmamiga909.com.ar\/index.php?rest_route=\/wp\/v2\/posts\/5826\/revisions\/5828"}],"wp:featuredmedia":[{"embeddable":true,"href":"https:\/\/fmamiga909.com.ar\/index.php?rest_route=\/wp\/v2\/media\/5827"}],"wp:attachment":[{"href":"https:\/\/fmamiga909.com.ar\/index.php?rest_route=%2Fwp%2Fv2%2Fmedia&parent=5826"}],"wp:term":[{"taxonomy":"category","embeddable":true,"href":"https:\/\/fmamiga909.com.ar\/index.php?rest_route=%2Fwp%2Fv2%2Fcategories&post=5826"},{"taxonomy":"post_tag","embeddable":true,"href":"https:\/\/fmamiga909.com.ar\/index.php?rest_route=%2Fwp%2Fv2%2Ftags&post=5826"}],"curies":[{"name":"wp","href":"https:\/\/api.w.org\/{rel}","templated":true}]}}