{"id":5946,"date":"2018-04-09T15:05:20","date_gmt":"2018-04-09T15:05:20","guid":{"rendered":"http:\/\/fmamiga909.com.ar\/?p=5946"},"modified":"2018-04-10T20:34:58","modified_gmt":"2018-04-10T20:34:58","slug":"lifschitz-anuncio-medidas-para-hacer-frente-a-los-aumentos-de-tarifas-dispuestos-por-el-gobierno-naciona","status":"publish","type":"post","link":"https:\/\/fmamiga909.com.ar\/?p=5946","title":{"rendered":"Lifschitz anunci\u00f3 medidas para hacer frente a los aumentos de tarifas dispuestos por el gobierno naciona"},"content":{"rendered":"<p>Adem\u00e1s, inform\u00f3 que este mismo lunes le enviar\u00e1 un pedido al ministro de Energ\u00eda de la Naci\u00f3n, Juan Jos\u00e9 Aranguren, para \u201cque durante 2018 no se incrementen nuevamente los costos de la energ\u00eda mayorista\u201d.<\/p>\n<p>El gobernador de la provincia, Miguel Lifschitz, encabez\u00f3 este lunes una conferencia de prensa en la que dio a conocer un paquete de medidas que adoptar\u00e1 su gobierno para hacer frente al aumento de la tarifa energ\u00e9tica dispuesto a nivel nacional.<\/p>\n<p>Lifschitz inform\u00f3 que enviar\u00e1 este mismo lunes una carta al ministro de Energ\u00eda de la Naci\u00f3n, Juan Jos\u00e9 Aranguren, para \u201cpedirle que durante 2018 no se incrementen nuevamente los costos de la energ\u00eda mayorista. Esta previsto por Naci\u00f3n un nuevo incremento para el segundo semestre y nosotros le estamos planteando que pospongan ese incremento y que durante el resto del a\u00f1o no haya nuevos incrementos en el costo mayorista de la energ\u00eda\u201d.<\/p>\n<p>\u201cEstamos solicitando que disminuya el costo de los intereses que se le cobra a la EPE (Empresa Provincial de la Energ\u00eda) y a todas las empresas provinciales en el caso de que haya mora en el pago o se posponga el pago de la energ\u00eda a nivel nacional porque si as\u00ed ocurre, nosotros tambi\u00e9n tenemos mas facilidades para ofrecer planes de financiamiento a nuestros propios clientes, sobre todo a los usuarios comerciales e industriales\u201d, afirm\u00f3 el gobernador.<\/p>\n<p>\u201cTambi\u00e9n estamos pidiendo que se incorpore a Santa Fe al conjunto de las provincias del noroeste argentino que tendr\u00e1n un r\u00e9gimen especial que se aplicar\u00e1 durante los pr\u00f3ximos a\u00f1os\u201d.<\/p>\n<p>\u201cEste domingo le\u00edamos un informe que hac\u00eda referencia al impacto que esta teniendo el aumento de la tarifa en el conjunto de las provincias entre 2012 y 2015, c\u00f3mo pas\u00f3 a incrementarse la cuota o la parte de los sueldos promedio que se dedican al pago del servicio de energ\u00eda, luz y gas, que subi\u00f3 del 1,4% al 6% del salario promedio. Esto tiene que ver claramente con la pol\u00edtica que estableci\u00f3 desde el principio el gobierno nacional en materia de quita de subsidios, con una estrategia de realismo brutal, de llevar en poco tiempo el costo de la energ\u00eda al valor real y trasladarlo de esa manera a los usuarios finales\u201d, remarc\u00f3 el gobernador.<\/p>\n<p>\u201cNosotros se le hab\u00edamos advertido en su momento al ministro de Energ\u00eda, muchos gobernadores lo hicimos a principio de 2017, pero en ning\u00fan momento eso hizo cambiar la estrategia fijada por el gobierno y que viene implement\u00e1ndose de manera frecuente, dos o tres a veces por a\u00f1o a lo largo de los \u00faltimos dos\u201d.<\/p>\n<p>En referencia a la situaci\u00f3n particular de la EPE, Lifschitz destac\u00f3 que \u201ceste trabajo de distribuir la energ\u00eda, de llevarla a cada rinc\u00f3n de la provincia, en cada pueblo implica realizar inversiones que tienen un costo operativo y se suman al costo mayorista que le debemos pagar al sistema interconectado\u201d.<\/p>\n<p>\u201cEl costo que tiene la EPE, que muchas veces de manera malintencionada se compara con la ciudad de Buenos Aires, no tiene nada que ver porque son realidades absolutamente distintas. El costo de la distribuci\u00f3n de la energ\u00eda en Santa Fe puede asemejarse a provincias como C\u00f3rdoba, eventualmente Entre R\u00edos, por la extensi\u00f3n y por la cantidad de puntos que hay que abastecer, porque tenemos que llevar potencia a muchos lugares de la provincia donde hay desarrollos industriales, en el norte, en el centro, en el sur y en los grandes centros urbanos\u201d, enfatiz\u00f3 el gobernador.<\/p>\n<p><strong>LAS MEDIDAS<\/strong><br \/>\nLas acciones dispuestas por el gobierno provincial involucran distintas \u00e1reas gubernamentales y a la Empresa Provincial de la Energ\u00eda, y beneficiar\u00e1n a los usuarios domiciliarios, peque\u00f1as y mediana empresas.<\/p>\n<p>Incluyen el financiamiento, cr\u00e9ditos y planes de pago, medida que tambi\u00e9n alcanzar\u00e1 a los sectores comerciales, industriales y tur\u00edsticos con el objetivo de sostener la competitividad del mercado en un contexto inflacionario que los apremia m\u00e1s all\u00e1 del aumento del costo de la energ\u00eda.<\/p>\n<p>En lo que respecta a las acciones directas que deber\u00e1 adoptar la EPE, Lifschitz dispuso que se reduzcan las tasas de recargos por mora y para la financiaci\u00f3n de convenios de pago, y se establecer\u00e1n seg\u00fan el tipo de usuario (PyMes, comercios peque\u00f1os, industrias grandes, etc.).<\/p>\n<p>Asimismo, se extremar\u00e1n las medidas tendientes a asegurar la medici\u00f3n en tiempo y forma de los consumos: se realizar\u00e1n operativos masivos para detectar el hurto de energ\u00eda y se colocar\u00e1 un simulador web de consumo y facturaci\u00f3n para que los usuarios puedan tener un control m\u00e1s directo.<\/p>\n<p>El gobernador se\u00f1al\u00f3, adem\u00e1s, que es importante el apoyo a los sectores productivos y en ese sentido inform\u00f3 que se dispuso el financiamiento para usuarios de comercios, hoteles y gastronom\u00eda y servicios culturales que tengan facturas bimestrales de hasta 200 mil pesos. Podr\u00e1n abonar las deudas de 2017 y los primeros dos bimestres de 2018 en cuotas a tasa de inter\u00e9s del 50% de la Tasa Nominal Anual (TNA) pasiva del Banco Naci\u00f3n, a partir de pr\u00f3ximo 19 de abril, previa realizaci\u00f3n del tr\u00e1mite correspondiente.<\/p>\n<p>Los comercios que acrediten el cumplimiento de pago del impuesto de Ingresos Brutos a febrero de 2018, acceder\u00e1n a una ampliaci\u00f3n del beneficio de la Ley 11.257 que implica una disminuci\u00f3n de 10% de la tarifa b\u00e1sica.<\/p>\n<p>Los hoteles (sin casino y\/o salas de juegos) podr\u00e1n contratar potencia con la EPE tres veces al a\u00f1o, lo que beneficiar\u00e1 al sector a la hora del pago y del consumo el\u00e9ctrico.<\/p>\n<p>Otro punto destacado del paquete de medidas adoptadas por Lifschitz tiene que ver con las inversiones en materia de energ\u00edas renovables y eficiencia energ\u00e9tica. En tal sentido, se establecen prestamos para la instalaci\u00f3n de equipos de energ\u00edas renovables y el desarrollo de programas de eficiencia energ\u00e9tica, que ser\u00e1n gestionados ante el Consejo Federal de Inversiones (CFI). Adem\u00e1s, se subsidiar\u00e1 el 50% del costo del diagn\u00f3stico energ\u00e9tico en Pymes para que puedan aplicar eficiencia energ\u00e9tica.<\/p>\n<p>Entre los cr\u00e9ditos gestionados por el gobierno provincial se destacan las tasas fijas en pesos de 13 y 15% que el Banco Naci\u00f3n ofrece a las Pymes que inviertan hasta 10 millones de pesos y a pagar en 48 meses.<\/p>\n<p>Asimismo, la L\u00ednea Verde de cr\u00e9ditos con el Banco Municipal de Rosario ofrece una TNA de 17% a pagar en 36 meses para el financiamiento de hasta el 80% del proyecto.<\/p>\n<p><strong>MARCO REGULATORIO<\/strong><br \/>\nPor otro lado, el gobernador se comprometi\u00f3 a promover el debate legislativo sobre los proyectos de ley del marco regulatorio de la EPE.<\/p>\n<p>Del mismo modo, anunci\u00f3 que se conformar\u00e1 una Comisi\u00f3n T\u00e9cnica con participaci\u00f3n de especialistas de las universidades, de las entidades empresarias y del gremio para establecer una propuesta de reestructuraci\u00f3n del r\u00e9gimen tarifario que permita reducir aranceles y distribuir mejor ese costo en el universo de usuarios, para instrumentar en el corriente a\u00f1o.<\/p>\n<p>Periodicozonanorte.com<\/p>\n","protected":false},"excerpt":{"rendered":"<p>Adem\u00e1s, inform\u00f3 que este mismo lunes le enviar\u00e1 un pedido al ministro de Energ\u00eda de&#8230;<\/p>\n","protected":false},"author":3,"featured_media":5947,"comment_status":"closed","ping_status":"closed","sticky":false,"template":"","format":"standard","meta":{"footnotes":""},"categories":[3],"tags":[],"class_list":["post-5946","post","type-post","status-publish","format-standard","has-post-thumbnail","hentry","category-noticias"],"featured_image_urls":{"full":["https:\/\/fmamiga909.com.ar\/wp-content\/uploads\/2018\/04\/unnamed-6-660x330.jpg",660,330,false],"thumbnail":["https:\/\/fmamiga909.com.ar\/wp-content\/uploads\/2018\/04\/unnamed-6-660x330-150x150.jpg",150,150,true],"medium":["https:\/\/fmamiga909.com.ar\/wp-content\/uploads\/2018\/04\/unnamed-6-660x330-300x150.jpg",300,150,true],"medium_large":["https:\/\/fmamiga909.com.ar\/wp-content\/uploads\/2018\/04\/unnamed-6-660x330.jpg",660,330,false],"large":["https:\/\/fmamiga909.com.ar\/wp-content\/uploads\/2018\/04\/unnamed-6-660x330.jpg",640,320,false],"1536x1536":["https:\/\/fmamiga909.com.ar\/wp-content\/uploads\/2018\/04\/unnamed-6-660x330.jpg",660,330,false],"2048x2048":["https:\/\/fmamiga909.com.ar\/wp-content\/uploads\/2018\/04\/unnamed-6-660x330.jpg",660,330,false],"newsium-slider-full":["https:\/\/fmamiga909.com.ar\/wp-content\/uploads\/2018\/04\/unnamed-6-660x330.jpg",660,330,false],"newsium-featured":["https:\/\/fmamiga909.com.ar\/wp-content\/uploads\/2018\/04\/unnamed-6-660x330.jpg",660,330,false],"newsium-medium":["https:\/\/fmamiga909.com.ar\/wp-content\/uploads\/2018\/04\/unnamed-6-660x330.jpg",660,330,false]},"author_info":{"display_name":"Fredy Giuliano","author_link":"https:\/\/fmamiga909.com.ar\/?author=3"},"category_info":"<a href=\"https:\/\/fmamiga909.com.ar\/?cat=3\" rel=\"category\">Noticias<\/a>","tag_info":"Noticias","comment_count":"0","_links":{"self":[{"href":"https:\/\/fmamiga909.com.ar\/index.php?rest_route=\/wp\/v2\/posts\/5946","targetHints":{"allow":["GET"]}}],"collection":[{"href":"https:\/\/fmamiga909.com.ar\/index.php?rest_route=\/wp\/v2\/posts"}],"about":[{"href":"https:\/\/fmamiga909.com.ar\/index.php?rest_route=\/wp\/v2\/types\/post"}],"author":[{"embeddable":true,"href":"https:\/\/fmamiga909.com.ar\/index.php?rest_route=\/wp\/v2\/users\/3"}],"replies":[{"embeddable":true,"href":"https:\/\/fmamiga909.com.ar\/index.php?rest_route=%2Fwp%2Fv2%2Fcomments&post=5946"}],"version-history":[{"count":1,"href":"https:\/\/fmamiga909.com.ar\/index.php?rest_route=\/wp\/v2\/posts\/5946\/revisions"}],"predecessor-version":[{"id":5948,"href":"https:\/\/fmamiga909.com.ar\/index.php?rest_route=\/wp\/v2\/posts\/5946\/revisions\/5948"}],"wp:featuredmedia":[{"embeddable":true,"href":"https:\/\/fmamiga909.com.ar\/index.php?rest_route=\/wp\/v2\/media\/5947"}],"wp:attachment":[{"href":"https:\/\/fmamiga909.com.ar\/index.php?rest_route=%2Fwp%2Fv2%2Fmedia&parent=5946"}],"wp:term":[{"taxonomy":"category","embeddable":true,"href":"https:\/\/fmamiga909.com.ar\/index.php?rest_route=%2Fwp%2Fv2%2Fcategories&post=5946"},{"taxonomy":"post_tag","embeddable":true,"href":"https:\/\/fmamiga909.com.ar\/index.php?rest_route=%2Fwp%2Fv2%2Ftags&post=5946"}],"curies":[{"name":"wp","href":"https:\/\/api.w.org\/{rel}","templated":true}]}}