{"id":6283,"date":"2018-06-18T10:34:45","date_gmt":"2018-06-18T10:34:45","guid":{"rendered":"http:\/\/fmamiga909.com.ar\/?p=6283"},"modified":"2018-06-18T10:34:45","modified_gmt":"2018-06-18T10:34:45","slug":"47-edicion-de-la-fiesta-nacional-del-zapallo","status":"publish","type":"post","link":"https:\/\/fmamiga909.com.ar\/?p=6283","title":{"rendered":"47\u00b0 edici\u00f3n de la Fiesta Nacional del Zapallo"},"content":{"rendered":"<p class=\"x_MsoNormal\"><b><u>El Senador Michlig particip\u00f3 de la 47\u00b0 edici\u00f3n de la Fiesta Nacional del Zapallo<\/u><\/b><\/p>\n<p class=\"x_MsoNormal\"><span style=\"font-size: small;\">El Senador Felipe Michlig particip\u00f3 este s\u00e1bado del acto oficial de inauguraci\u00f3n de la 47\u00b0 edici\u00f3n de la Fiesta Nacional del Zapallo, ocasi\u00f3n en la que traslado el saludo del Gobernador Miguel Lifschitz, entreg\u00f3 la declaraci\u00f3n de Inter\u00e9s de la C\u00e1mara de Senadores y junto el Secretario de Agricultura de la Provincia, Juan Manuel Medina, hicieron entrega de un aporte econ\u00f3mico de $ 300 mil para gastos de organizaci\u00f3n.<\/span><\/p>\n<p class=\"x_MsoNormal\"><span style=\"font-size: small;\">El representante departamental al momento de hacer uso de la palabra destac\u00f3 que \u00abvaloramos mucho esta convocatoria, este esfuerzo de trabajo, el compromiso del club para seguir mantener vigente esta fiesta, que es uno de los tres eventos nacionales que tiene el Departamento San Crist\u00f3bal\u00bb.<\/span><\/p>\n<p class=\"x_MsoNormal\"><span style=\"font-size: small;\">La ceremonia estuvo presidida por el Presidente del Club Central Argentino Ol\u00edmpico, Andr\u00e9s Bernabeu, qui\u00e9n dio la bienvenida a los presentes -entre ellos- al Senador, al Secretario de Agricultura de la Provincia, los Concejales Juan M. Mansilla, Gerardo Balzarini y Nicol\u00e1s Maza, el Senador Suplente Ra\u00fal Ramonda, el Diputado Edgardo Martino e integrantes del Gabinete Municipal, representantes de instituciones, alumnos con banderas de ceremonia, reinas consagradas, expositores y p\u00fablico en general.<\/span><\/p>\n<p class=\"x_MsoNormal\"><span style=\"font-size: small;\"><b><u>\u201cUna exposici\u00f3n que crece a\u00f1o tras a\u00f1o\u201d<\/u><\/b><\/span><\/p>\n<p class=\"x_MsoNormal\"><span style=\"font-size: small;\">A su vez Michlig reflej\u00f3 las \u201cFelicitaciones al Club Central Argentino Ol\u00edmpico, a los directivos, y a los organizadores de esta 47\u00b0 Fiesta Nacional del Zapallo que es una Fiesta que a\u00f1o a a\u00f1o nos deslumbra con sus espect\u00e1culos y exposiciones\u201d.<\/span><\/p>\n<p class=\"x_MsoNormal\"><span style=\"font-size: small;\">Cabe destacar que las Bastoneras le dieron un toque art\u00edstico de distinci\u00f3n al acto, y luego las autoridades procedieron a cortar la cinta y dejar abierta de esa manera la nueva edici\u00f3n de la Fiesta Nacional del Zapallo. Todos los funcionarios presentes recorrieron la muestra y dialogaron con los distintos expositores.<\/span><\/p>\n<p class=\"x_MsoNormal\"><span style=\"font-size: small;\">La tradicional y reconocida exposici\u00f3n rural y comercial continuar\u00e1 durante todo el fin de semana y contar\u00e1 con distintos atractivos y espect\u00e1culos musicales.<\/span><\/p>\n<p><a href=\"https:\/\/fmamiga909.com.ar\/?attachment_id=6285\" rel=\"attachment wp-att-6285\"><img loading=\"lazy\" decoding=\"async\" class=\"aligncenter size-medium wp-image-6285\" src=\"https:\/\/fmamiga909.com.ar\/wp-content\/uploads\/2018\/06\/ceres-zapallo1-300x225.jpeg\" alt=\"\" width=\"300\" height=\"225\" srcset=\"https:\/\/fmamiga909.com.ar\/wp-content\/uploads\/2018\/06\/ceres-zapallo1-300x225.jpeg 300w, https:\/\/fmamiga909.com.ar\/wp-content\/uploads\/2018\/06\/ceres-zapallo1-1024x768.jpeg 1024w, https:\/\/fmamiga909.com.ar\/wp-content\/uploads\/2018\/06\/ceres-zapallo1-259x194.jpeg 259w, https:\/\/fmamiga909.com.ar\/wp-content\/uploads\/2018\/06\/ceres-zapallo1-950x713.jpeg 950w, https:\/\/fmamiga909.com.ar\/wp-content\/uploads\/2018\/06\/ceres-zapallo1.jpeg 1080w\" sizes=\"auto, (max-width: 300px) 100vw, 300px\" \/><\/a> <a href=\"https:\/\/fmamiga909.com.ar\/?attachment_id=6286\" rel=\"attachment wp-att-6286\"><img loading=\"lazy\" decoding=\"async\" class=\"aligncenter size-medium wp-image-6286\" src=\"https:\/\/fmamiga909.com.ar\/wp-content\/uploads\/2018\/06\/ceres-zapallo2-1-300x225.jpeg\" alt=\"\" width=\"300\" height=\"225\" srcset=\"https:\/\/fmamiga909.com.ar\/wp-content\/uploads\/2018\/06\/ceres-zapallo2-1-300x225.jpeg 300w, https:\/\/fmamiga909.com.ar\/wp-content\/uploads\/2018\/06\/ceres-zapallo2-1-1024x768.jpeg 1024w, https:\/\/fmamiga909.com.ar\/wp-content\/uploads\/2018\/06\/ceres-zapallo2-1-259x194.jpeg 259w, https:\/\/fmamiga909.com.ar\/wp-content\/uploads\/2018\/06\/ceres-zapallo2-1-950x713.jpeg 950w, https:\/\/fmamiga909.com.ar\/wp-content\/uploads\/2018\/06\/ceres-zapallo2-1.jpeg 1080w\" sizes=\"auto, (max-width: 300px) 100vw, 300px\" \/><\/a> <a href=\"https:\/\/fmamiga909.com.ar\/?attachment_id=6287\" rel=\"attachment wp-att-6287\"><img loading=\"lazy\" decoding=\"async\" class=\"aligncenter size-medium wp-image-6287\" src=\"https:\/\/fmamiga909.com.ar\/wp-content\/uploads\/2018\/06\/ceres-zapallo3-300x225.jpeg\" alt=\"\" width=\"300\" height=\"225\" srcset=\"https:\/\/fmamiga909.com.ar\/wp-content\/uploads\/2018\/06\/ceres-zapallo3-300x225.jpeg 300w, https:\/\/fmamiga909.com.ar\/wp-content\/uploads\/2018\/06\/ceres-zapallo3-1024x768.jpeg 1024w, https:\/\/fmamiga909.com.ar\/wp-content\/uploads\/2018\/06\/ceres-zapallo3-259x194.jpeg 259w, https:\/\/fmamiga909.com.ar\/wp-content\/uploads\/2018\/06\/ceres-zapallo3-950x713.jpeg 950w, https:\/\/fmamiga909.com.ar\/wp-content\/uploads\/2018\/06\/ceres-zapallo3.jpeg 1152w\" sizes=\"auto, (max-width: 300px) 100vw, 300px\" \/><\/a><\/p>\n","protected":false},"excerpt":{"rendered":"<p>El Senador Michlig particip\u00f3 de la 47\u00b0 edici\u00f3n de la Fiesta Nacional del Zapallo El&#8230;<\/p>\n","protected":false},"author":3,"featured_media":6284,"comment_status":"closed","ping_status":"closed","sticky":false,"template":"","format":"standard","meta":{"footnotes":""},"categories":[1,3],"tags":[],"class_list":["post-6283","post","type-post","status-publish","format-standard","has-post-thumbnail","hentry","category-uncategorized","category-noticias"],"featured_image_urls":{"full":["https:\/\/fmamiga909.com.ar\/wp-content\/uploads\/2018\/06\/ceres-zapallo2.jpeg",1080,810,false],"thumbnail":["https:\/\/fmamiga909.com.ar\/wp-content\/uploads\/2018\/06\/ceres-zapallo2-150x150.jpeg",150,150,true],"medium":["https:\/\/fmamiga909.com.ar\/wp-content\/uploads\/2018\/06\/ceres-zapallo2-300x225.jpeg",300,225,true],"medium_large":["https:\/\/fmamiga909.com.ar\/wp-content\/uploads\/2018\/06\/ceres-zapallo2.jpeg",1080,810,false],"large":["https:\/\/fmamiga909.com.ar\/wp-content\/uploads\/2018\/06\/ceres-zapallo2-1024x768.jpeg",640,480,true],"1536x1536":["https:\/\/fmamiga909.com.ar\/wp-content\/uploads\/2018\/06\/ceres-zapallo2.jpeg",1080,810,false],"2048x2048":["https:\/\/fmamiga909.com.ar\/wp-content\/uploads\/2018\/06\/ceres-zapallo2.jpeg",1080,810,false],"newsium-slider-full":["https:\/\/fmamiga909.com.ar\/wp-content\/uploads\/2018\/06\/ceres-zapallo2.jpeg",1080,810,false],"newsium-featured":["https:\/\/fmamiga909.com.ar\/wp-content\/uploads\/2018\/06\/ceres-zapallo2.jpeg",1024,768,false],"newsium-medium":["https:\/\/fmamiga909.com.ar\/wp-content\/uploads\/2018\/06\/ceres-zapallo2.jpeg",633,475,false]},"author_info":{"display_name":"Fredy Giuliano","author_link":"https:\/\/fmamiga909.com.ar\/?author=3"},"category_info":"<a href=\"https:\/\/fmamiga909.com.ar\/?cat=1\" rel=\"category\">La radio<\/a> <a href=\"https:\/\/fmamiga909.com.ar\/?cat=3\" rel=\"category\">Noticias<\/a>","tag_info":"Noticias","comment_count":"0","_links":{"self":[{"href":"https:\/\/fmamiga909.com.ar\/index.php?rest_route=\/wp\/v2\/posts\/6283","targetHints":{"allow":["GET"]}}],"collection":[{"href":"https:\/\/fmamiga909.com.ar\/index.php?rest_route=\/wp\/v2\/posts"}],"about":[{"href":"https:\/\/fmamiga909.com.ar\/index.php?rest_route=\/wp\/v2\/types\/post"}],"author":[{"embeddable":true,"href":"https:\/\/fmamiga909.com.ar\/index.php?rest_route=\/wp\/v2\/users\/3"}],"replies":[{"embeddable":true,"href":"https:\/\/fmamiga909.com.ar\/index.php?rest_route=%2Fwp%2Fv2%2Fcomments&post=6283"}],"version-history":[{"count":1,"href":"https:\/\/fmamiga909.com.ar\/index.php?rest_route=\/wp\/v2\/posts\/6283\/revisions"}],"predecessor-version":[{"id":6288,"href":"https:\/\/fmamiga909.com.ar\/index.php?rest_route=\/wp\/v2\/posts\/6283\/revisions\/6288"}],"wp:featuredmedia":[{"embeddable":true,"href":"https:\/\/fmamiga909.com.ar\/index.php?rest_route=\/wp\/v2\/media\/6284"}],"wp:attachment":[{"href":"https:\/\/fmamiga909.com.ar\/index.php?rest_route=%2Fwp%2Fv2%2Fmedia&parent=6283"}],"wp:term":[{"taxonomy":"category","embeddable":true,"href":"https:\/\/fmamiga909.com.ar\/index.php?rest_route=%2Fwp%2Fv2%2Fcategories&post=6283"},{"taxonomy":"post_tag","embeddable":true,"href":"https:\/\/fmamiga909.com.ar\/index.php?rest_route=%2Fwp%2Fv2%2Ftags&post=6283"}],"curies":[{"name":"wp","href":"https:\/\/api.w.org\/{rel}","templated":true}]}}