{"id":6332,"date":"2018-06-22T13:21:35","date_gmt":"2018-06-22T13:21:35","guid":{"rendered":"http:\/\/fmamiga909.com.ar\/?p=6332"},"modified":"2018-06-22T13:21:35","modified_gmt":"2018-06-22T13:21:35","slug":"docentes-en-alerta-por-falta-de-pago-para-viajar-a-escuelas-rurales","status":"publish","type":"post","link":"https:\/\/fmamiga909.com.ar\/?p=6332","title":{"rendered":"Docentes en alerta por falta de pago para viajar a escuelas rurales"},"content":{"rendered":"<div>Ante la decisi\u00f3n gubernamental de dejar de\u00a0<b>costear los viajes de docentes a los nucleos rurales educativos de nivel secundario<\/b>\u00a0de Ceres, La Rubia y Ambrosetti, los propios docentes afectados han decidido movilizarse.<\/div>\n<div><\/div>\n<div>A trav\u00e9s de un comunicado oficial piden se revea la medida porque de lo contrario sin \u201cdocentes no habr\u00e1 escuelas\u201d.<\/div>\n<div><\/div>\n<div><b>Comunicado de los docentes de educaci\u00f3n secundaria rural:<\/b><\/div>\n<div><\/div>\n<div>LOS DOCENTES DE LA MODALIDAD EDUCACI\u00d3N SECUNDARIA RURAL NOS ENCONTRAMOS MOVILIZADOS ANTE LA AMENAZA DE LA QUITA DEL SERVICIO DE TRASLADO QUE PERMITE, HASTA EL MOMENTO, GARANTIZAR EL DERECHO A LA EDUCACI\u00d3N DE LOS J\u00d3VENES RESIDENTES DEL \u00c1MBITO RURAL.<\/div>\n<div><\/div>\n<div>A PARTIR DE LA LEY DE EDUCACI\u00d3N 26206 LA EDUCACI\u00d3N SECUNDARIA TIENE CAR\u00c1CTER OBLIGATORIO, POR LO QUE EL ESTADO ES EL GARANTE DE SU CUMPLIMIENTO. DESDE EL A\u00d1O 2009 LA PROVINCIA DE SANTA FE ESTABLECI\u00d3 EL R\u00c9GIMEN DE ORGANIZACI\u00d3N Y FUNCIONAMIENTO DE LOS SERVICIOS EDUCATIVOS EN CONTEXTO RURAL A TRAV\u00c9S DEL DECRETO 3194\/2008 POR EL CUAL SE CREAN LOS N\u00daCLEOS RURALES DE EDUCACI\u00d3N SECUNDARIA ORIENTADA N*1308 CAMPO DAVICINO N*2308 CAMPO CAFFARO, EN ZONA RURAL DE CERES, N*3308, ZONA RURAL DE AMBROSETTI Y 4308 EN LA LOCALIDAD DE LA RUBIA UBICADOS ESTRAT\u00c9GICAMENTE PARA POSIBILITAR EL ACCESO A LA TOTALIDAD DE LOS EGRESADOS DE NIVEL PRIMARIO RURAL DE LAS LOCALIDADES DE CERES, HERSILIA, LA RUBIA Y AMBROSETTI.<\/div>\n<div><\/div>\n<div>SI BIEN LOS ALUMNOS CUENTAN CON EL APOYO ECON\u00d3MICO MENSUAL A TRAV\u00c9S DEL SISTEMA DE BECAS DE MOVILIDAD, LA EDUCACI\u00d3N SECUNDARIA RURAL ESTA EN RIESGO PORQUE NO SE ASEGURAN LAS CONDICIONES LABORALES DE LOS DOCENTES.<\/div>\n<div><\/div>\n<div>SIN ALUMNOS NO HAY ESCUELA, PERO SIN DOCENTES TAMPOCO.<\/div>\n<div>Fuente: Radiobelganosuardi.com.ar<\/div>\n","protected":false},"excerpt":{"rendered":"<p>Ante la decisi\u00f3n gubernamental de dejar de\u00a0costear los viajes de docentes a los nucleos rurales&#8230;<\/p>\n","protected":false},"author":3,"featured_media":6333,"comment_status":"closed","ping_status":"closed","sticky":false,"template":"","format":"standard","meta":{"footnotes":""},"categories":[1,3],"tags":[],"class_list":["post-6332","post","type-post","status-publish","format-standard","has-post-thumbnail","hentry","category-uncategorized","category-noticias"],"featured_image_urls":{"full":["https:\/\/fmamiga909.com.ar\/wp-content\/uploads\/2018\/06\/8705-escuelarural.jpg",810,561,false],"thumbnail":["https:\/\/fmamiga909.com.ar\/wp-content\/uploads\/2018\/06\/8705-escuelarural-150x150.jpg",150,150,true],"medium":["https:\/\/fmamiga909.com.ar\/wp-content\/uploads\/2018\/06\/8705-escuelarural-300x208.jpg",300,208,true],"medium_large":["https:\/\/fmamiga909.com.ar\/wp-content\/uploads\/2018\/06\/8705-escuelarural.jpg",810,561,false],"large":["https:\/\/fmamiga909.com.ar\/wp-content\/uploads\/2018\/06\/8705-escuelarural.jpg",640,443,false],"1536x1536":["https:\/\/fmamiga909.com.ar\/wp-content\/uploads\/2018\/06\/8705-escuelarural.jpg",810,561,false],"2048x2048":["https:\/\/fmamiga909.com.ar\/wp-content\/uploads\/2018\/06\/8705-escuelarural.jpg",810,561,false],"newsium-slider-full":["https:\/\/fmamiga909.com.ar\/wp-content\/uploads\/2018\/06\/8705-escuelarural.jpg",810,561,false],"newsium-featured":["https:\/\/fmamiga909.com.ar\/wp-content\/uploads\/2018\/06\/8705-escuelarural.jpg",810,561,false],"newsium-medium":["https:\/\/fmamiga909.com.ar\/wp-content\/uploads\/2018\/06\/8705-escuelarural.jpg",686,475,false]},"author_info":{"display_name":"Fredy Giuliano","author_link":"https:\/\/fmamiga909.com.ar\/?author=3"},"category_info":"<a href=\"https:\/\/fmamiga909.com.ar\/?cat=1\" rel=\"category\">La radio<\/a> <a href=\"https:\/\/fmamiga909.com.ar\/?cat=3\" rel=\"category\">Noticias<\/a>","tag_info":"Noticias","comment_count":"0","_links":{"self":[{"href":"https:\/\/fmamiga909.com.ar\/index.php?rest_route=\/wp\/v2\/posts\/6332","targetHints":{"allow":["GET"]}}],"collection":[{"href":"https:\/\/fmamiga909.com.ar\/index.php?rest_route=\/wp\/v2\/posts"}],"about":[{"href":"https:\/\/fmamiga909.com.ar\/index.php?rest_route=\/wp\/v2\/types\/post"}],"author":[{"embeddable":true,"href":"https:\/\/fmamiga909.com.ar\/index.php?rest_route=\/wp\/v2\/users\/3"}],"replies":[{"embeddable":true,"href":"https:\/\/fmamiga909.com.ar\/index.php?rest_route=%2Fwp%2Fv2%2Fcomments&post=6332"}],"version-history":[{"count":1,"href":"https:\/\/fmamiga909.com.ar\/index.php?rest_route=\/wp\/v2\/posts\/6332\/revisions"}],"predecessor-version":[{"id":6334,"href":"https:\/\/fmamiga909.com.ar\/index.php?rest_route=\/wp\/v2\/posts\/6332\/revisions\/6334"}],"wp:featuredmedia":[{"embeddable":true,"href":"https:\/\/fmamiga909.com.ar\/index.php?rest_route=\/wp\/v2\/media\/6333"}],"wp:attachment":[{"href":"https:\/\/fmamiga909.com.ar\/index.php?rest_route=%2Fwp%2Fv2%2Fmedia&parent=6332"}],"wp:term":[{"taxonomy":"category","embeddable":true,"href":"https:\/\/fmamiga909.com.ar\/index.php?rest_route=%2Fwp%2Fv2%2Fcategories&post=6332"},{"taxonomy":"post_tag","embeddable":true,"href":"https:\/\/fmamiga909.com.ar\/index.php?rest_route=%2Fwp%2Fv2%2Ftags&post=6332"}],"curies":[{"name":"wp","href":"https:\/\/api.w.org\/{rel}","templated":true}]}}