{"id":6359,"date":"2018-07-02T21:04:23","date_gmt":"2018-07-02T21:04:23","guid":{"rendered":"http:\/\/fmamiga909.com.ar\/?p=6359"},"modified":"2018-07-02T21:04:23","modified_gmt":"2018-07-02T21:04:23","slug":"la-ministra-uboldi-visito-arrufo","status":"publish","type":"post","link":"https:\/\/fmamiga909.com.ar\/?p=6359","title":{"rendered":"La Ministra Uboldi visit\u00f3 Arruf\u00f3"},"content":{"rendered":"<p>El presidente comunal de Arruf\u00f3, Cristian Piematti recorri\u00f3 las obras del SAMCO local con la ministra de Salud, Andrea Uboldi; el secretario de Primer y Segundo Nivel de Gesti\u00f3n Territorial, Ernesto Bosco; el subsecretario de Emergencias y Traslados, Francisco S\u00e1nchez Guerra; y el director del Hospital, Oscar Zenklusen.<\/p>\n<p>Uboldi destac\u00f3 la importancia de la obra que Arruf\u00f3 tanto necesitaba y Piumatti afirm\u00f3 que siguen trabajando con los distintos Ministerios del gobierno provincial para mejorar la calidad de vida de los vecinos.<\/p>\n<p><a href=\"https:\/\/fmamiga909.com.ar\/?attachment_id=6361\" rel=\"attachment wp-att-6361\"><img loading=\"lazy\" decoding=\"async\" class=\"aligncenter size-medium wp-image-6361\" src=\"https:\/\/fmamiga909.com.ar\/wp-content\/uploads\/2018\/07\/20180629_141804-300x225.jpg\" alt=\"\" width=\"300\" height=\"225\" srcset=\"https:\/\/fmamiga909.com.ar\/wp-content\/uploads\/2018\/07\/20180629_141804-300x225.jpg 300w, https:\/\/fmamiga909.com.ar\/wp-content\/uploads\/2018\/07\/20180629_141804-1024x768.jpg 1024w, https:\/\/fmamiga909.com.ar\/wp-content\/uploads\/2018\/07\/20180629_141804-259x194.jpg 259w, https:\/\/fmamiga909.com.ar\/wp-content\/uploads\/2018\/07\/20180629_141804-950x713.jpg 950w\" sizes=\"auto, (max-width: 300px) 100vw, 300px\" \/><\/a> <a href=\"https:\/\/fmamiga909.com.ar\/?attachment_id=6362\" rel=\"attachment wp-att-6362\"><img loading=\"lazy\" decoding=\"async\" class=\"aligncenter size-medium wp-image-6362\" src=\"https:\/\/fmamiga909.com.ar\/wp-content\/uploads\/2018\/07\/20180629_141909-300x225.jpg\" alt=\"\" width=\"300\" height=\"225\" srcset=\"https:\/\/fmamiga909.com.ar\/wp-content\/uploads\/2018\/07\/20180629_141909-300x225.jpg 300w, https:\/\/fmamiga909.com.ar\/wp-content\/uploads\/2018\/07\/20180629_141909-1024x768.jpg 1024w, https:\/\/fmamiga909.com.ar\/wp-content\/uploads\/2018\/07\/20180629_141909-259x194.jpg 259w, https:\/\/fmamiga909.com.ar\/wp-content\/uploads\/2018\/07\/20180629_141909-950x713.jpg 950w\" sizes=\"auto, (max-width: 300px) 100vw, 300px\" \/><\/a> <a href=\"https:\/\/fmamiga909.com.ar\/?attachment_id=6363\" rel=\"attachment wp-att-6363\"><img loading=\"lazy\" decoding=\"async\" class=\"aligncenter size-medium wp-image-6363\" src=\"https:\/\/fmamiga909.com.ar\/wp-content\/uploads\/2018\/07\/20180629_142236-300x225.jpg\" alt=\"\" width=\"300\" height=\"225\" srcset=\"https:\/\/fmamiga909.com.ar\/wp-content\/uploads\/2018\/07\/20180629_142236-300x225.jpg 300w, https:\/\/fmamiga909.com.ar\/wp-content\/uploads\/2018\/07\/20180629_142236-1024x768.jpg 1024w, https:\/\/fmamiga909.com.ar\/wp-content\/uploads\/2018\/07\/20180629_142236-259x194.jpg 259w, https:\/\/fmamiga909.com.ar\/wp-content\/uploads\/2018\/07\/20180629_142236-950x713.jpg 950w\" sizes=\"auto, (max-width: 300px) 100vw, 300px\" \/><\/a><\/p>\n","protected":false},"excerpt":{"rendered":"<p>El presidente comunal de Arruf\u00f3, Cristian Piematti recorri\u00f3 las obras del SAMCO local con la&#8230;<\/p>\n","protected":false},"author":3,"featured_media":6360,"comment_status":"closed","ping_status":"closed","sticky":false,"template":"","format":"standard","meta":{"footnotes":""},"categories":[1,3],"tags":[],"class_list":["post-6359","post","type-post","status-publish","format-standard","has-post-thumbnail","hentry","category-uncategorized","category-noticias"],"featured_image_urls":{"full":["https:\/\/fmamiga909.com.ar\/wp-content\/uploads\/2018\/07\/20180629_142539.jpg",4128,3096,false],"thumbnail":["https:\/\/fmamiga909.com.ar\/wp-content\/uploads\/2018\/07\/20180629_142539-150x150.jpg",150,150,true],"medium":["https:\/\/fmamiga909.com.ar\/wp-content\/uploads\/2018\/07\/20180629_142539-300x225.jpg",300,225,true],"medium_large":["https:\/\/fmamiga909.com.ar\/wp-content\/uploads\/2018\/07\/20180629_142539.jpg",4128,3096,false],"large":["https:\/\/fmamiga909.com.ar\/wp-content\/uploads\/2018\/07\/20180629_142539-1024x768.jpg",640,480,true],"1536x1536":["https:\/\/fmamiga909.com.ar\/wp-content\/uploads\/2018\/07\/20180629_142539.jpg",1536,1152,false],"2048x2048":["https:\/\/fmamiga909.com.ar\/wp-content\/uploads\/2018\/07\/20180629_142539.jpg",2048,1536,false],"newsium-slider-full":["https:\/\/fmamiga909.com.ar\/wp-content\/uploads\/2018\/07\/20180629_142539.jpg",1127,845,false],"newsium-featured":["https:\/\/fmamiga909.com.ar\/wp-content\/uploads\/2018\/07\/20180629_142539.jpg",1024,768,false],"newsium-medium":["https:\/\/fmamiga909.com.ar\/wp-content\/uploads\/2018\/07\/20180629_142539.jpg",633,475,false]},"author_info":{"display_name":"Fredy Giuliano","author_link":"https:\/\/fmamiga909.com.ar\/?author=3"},"category_info":"<a href=\"https:\/\/fmamiga909.com.ar\/?cat=1\" rel=\"category\">La radio<\/a> <a href=\"https:\/\/fmamiga909.com.ar\/?cat=3\" rel=\"category\">Noticias<\/a>","tag_info":"Noticias","comment_count":"0","_links":{"self":[{"href":"https:\/\/fmamiga909.com.ar\/index.php?rest_route=\/wp\/v2\/posts\/6359","targetHints":{"allow":["GET"]}}],"collection":[{"href":"https:\/\/fmamiga909.com.ar\/index.php?rest_route=\/wp\/v2\/posts"}],"about":[{"href":"https:\/\/fmamiga909.com.ar\/index.php?rest_route=\/wp\/v2\/types\/post"}],"author":[{"embeddable":true,"href":"https:\/\/fmamiga909.com.ar\/index.php?rest_route=\/wp\/v2\/users\/3"}],"replies":[{"embeddable":true,"href":"https:\/\/fmamiga909.com.ar\/index.php?rest_route=%2Fwp%2Fv2%2Fcomments&post=6359"}],"version-history":[{"count":1,"href":"https:\/\/fmamiga909.com.ar\/index.php?rest_route=\/wp\/v2\/posts\/6359\/revisions"}],"predecessor-version":[{"id":6364,"href":"https:\/\/fmamiga909.com.ar\/index.php?rest_route=\/wp\/v2\/posts\/6359\/revisions\/6364"}],"wp:featuredmedia":[{"embeddable":true,"href":"https:\/\/fmamiga909.com.ar\/index.php?rest_route=\/wp\/v2\/media\/6360"}],"wp:attachment":[{"href":"https:\/\/fmamiga909.com.ar\/index.php?rest_route=%2Fwp%2Fv2%2Fmedia&parent=6359"}],"wp:term":[{"taxonomy":"category","embeddable":true,"href":"https:\/\/fmamiga909.com.ar\/index.php?rest_route=%2Fwp%2Fv2%2Fcategories&post=6359"},{"taxonomy":"post_tag","embeddable":true,"href":"https:\/\/fmamiga909.com.ar\/index.php?rest_route=%2Fwp%2Fv2%2Ftags&post=6359"}],"curies":[{"name":"wp","href":"https:\/\/api.w.org\/{rel}","templated":true}]}}