{"id":6368,"date":"2018-07-02T22:02:23","date_gmt":"2018-07-02T22:02:23","guid":{"rendered":"http:\/\/fmamiga909.com.ar\/?p=6368"},"modified":"2018-07-02T22:02:23","modified_gmt":"2018-07-02T22:02:23","slug":"el-ministro-morini-visito-arrufo","status":"publish","type":"post","link":"https:\/\/fmamiga909.com.ar\/?p=6368","title":{"rendered":"El Ministro  Morini visit\u00f3 Arruf\u00f3"},"content":{"rendered":"<p>El Ministro de Obras P\u00fablicas de la Provincia, Pedro Morini junto al Senador Felipe Michlig visitaron la Comuna de Arruf\u00f3. Fueron recibidos por su Presidente Cristian Piumatti, la tesorera Romina Maas Balsito, y demas miembros de la comisi\u00f3n.<\/p>\n<p>En su visita el Ministro Morini hizo entrega del segundo aporte por mas de $ 700.000.- para continuar con la remodelaci\u00f3n de la Plaza centra de la localidad.<\/p>\n<p>El Senador Felipe Michlig tambi\u00e9n le agradeci\u00f3 al Ministro por la respuesta desde la provincia a los pedidos de los Presidentes e Intendentes del Departamento.<\/p>\n<p>Luego recorrieron las obras en la plaza central.<\/p>\n<p><a href=\"https:\/\/fmamiga909.com.ar\/?attachment_id=6370\" rel=\"attachment wp-att-6370\"><img loading=\"lazy\" decoding=\"async\" class=\"aligncenter size-medium wp-image-6370\" src=\"https:\/\/fmamiga909.com.ar\/wp-content\/uploads\/2018\/07\/20180702_085656-300x225.jpg\" alt=\"\" width=\"300\" height=\"225\" srcset=\"https:\/\/fmamiga909.com.ar\/wp-content\/uploads\/2018\/07\/20180702_085656-300x225.jpg 300w, https:\/\/fmamiga909.com.ar\/wp-content\/uploads\/2018\/07\/20180702_085656-1024x768.jpg 1024w, https:\/\/fmamiga909.com.ar\/wp-content\/uploads\/2018\/07\/20180702_085656-259x194.jpg 259w, https:\/\/fmamiga909.com.ar\/wp-content\/uploads\/2018\/07\/20180702_085656-950x713.jpg 950w\" sizes=\"auto, (max-width: 300px) 100vw, 300px\" \/><\/a><\/p>\n<p><a href=\"https:\/\/fmamiga909.com.ar\/?attachment_id=6371\" rel=\"attachment wp-att-6371\"><img loading=\"lazy\" decoding=\"async\" class=\"aligncenter size-medium wp-image-6371\" src=\"https:\/\/fmamiga909.com.ar\/wp-content\/uploads\/2018\/07\/20180702_085910-300x225.jpg\" alt=\"\" width=\"300\" height=\"225\" srcset=\"https:\/\/fmamiga909.com.ar\/wp-content\/uploads\/2018\/07\/20180702_085910-300x225.jpg 300w, https:\/\/fmamiga909.com.ar\/wp-content\/uploads\/2018\/07\/20180702_085910-1024x768.jpg 1024w, https:\/\/fmamiga909.com.ar\/wp-content\/uploads\/2018\/07\/20180702_085910-259x194.jpg 259w, https:\/\/fmamiga909.com.ar\/wp-content\/uploads\/2018\/07\/20180702_085910-950x713.jpg 950w\" sizes=\"auto, (max-width: 300px) 100vw, 300px\" \/><\/a><\/p>\n<p><a href=\"https:\/\/fmamiga909.com.ar\/?attachment_id=6372\" rel=\"attachment wp-att-6372\"><img loading=\"lazy\" decoding=\"async\" class=\"aligncenter size-medium wp-image-6372\" src=\"https:\/\/fmamiga909.com.ar\/wp-content\/uploads\/2018\/07\/20180702_090015-300x225.jpg\" alt=\"\" width=\"300\" height=\"225\" srcset=\"https:\/\/fmamiga909.com.ar\/wp-content\/uploads\/2018\/07\/20180702_090015-300x225.jpg 300w, https:\/\/fmamiga909.com.ar\/wp-content\/uploads\/2018\/07\/20180702_090015-1024x768.jpg 1024w, https:\/\/fmamiga909.com.ar\/wp-content\/uploads\/2018\/07\/20180702_090015-259x194.jpg 259w, https:\/\/fmamiga909.com.ar\/wp-content\/uploads\/2018\/07\/20180702_090015-950x713.jpg 950w\" sizes=\"auto, (max-width: 300px) 100vw, 300px\" \/><\/a><\/p>\n","protected":false},"excerpt":{"rendered":"<p>El Ministro de Obras P\u00fablicas de la Provincia, Pedro Morini junto al Senador Felipe Michlig&#8230;<\/p>\n","protected":false},"author":3,"featured_media":6369,"comment_status":"closed","ping_status":"closed","sticky":false,"template":"","format":"standard","meta":{"footnotes":""},"categories":[1,3],"tags":[],"class_list":["post-6368","post","type-post","status-publish","format-standard","has-post-thumbnail","hentry","category-uncategorized","category-noticias"],"featured_image_urls":{"full":["https:\/\/fmamiga909.com.ar\/wp-content\/uploads\/2018\/07\/20180702_085658.jpg",4128,3096,false],"thumbnail":["https:\/\/fmamiga909.com.ar\/wp-content\/uploads\/2018\/07\/20180702_085658-150x150.jpg",150,150,true],"medium":["https:\/\/fmamiga909.com.ar\/wp-content\/uploads\/2018\/07\/20180702_085658-300x225.jpg",300,225,true],"medium_large":["https:\/\/fmamiga909.com.ar\/wp-content\/uploads\/2018\/07\/20180702_085658.jpg",4128,3096,false],"large":["https:\/\/fmamiga909.com.ar\/wp-content\/uploads\/2018\/07\/20180702_085658-1024x768.jpg",640,480,true],"1536x1536":["https:\/\/fmamiga909.com.ar\/wp-content\/uploads\/2018\/07\/20180702_085658.jpg",1536,1152,false],"2048x2048":["https:\/\/fmamiga909.com.ar\/wp-content\/uploads\/2018\/07\/20180702_085658.jpg",2048,1536,false],"newsium-slider-full":["https:\/\/fmamiga909.com.ar\/wp-content\/uploads\/2018\/07\/20180702_085658.jpg",1127,845,false],"newsium-featured":["https:\/\/fmamiga909.com.ar\/wp-content\/uploads\/2018\/07\/20180702_085658.jpg",1024,768,false],"newsium-medium":["https:\/\/fmamiga909.com.ar\/wp-content\/uploads\/2018\/07\/20180702_085658.jpg",633,475,false]},"author_info":{"display_name":"Fredy Giuliano","author_link":"https:\/\/fmamiga909.com.ar\/?author=3"},"category_info":"<a href=\"https:\/\/fmamiga909.com.ar\/?cat=1\" rel=\"category\">La radio<\/a> <a href=\"https:\/\/fmamiga909.com.ar\/?cat=3\" rel=\"category\">Noticias<\/a>","tag_info":"Noticias","comment_count":"0","_links":{"self":[{"href":"https:\/\/fmamiga909.com.ar\/index.php?rest_route=\/wp\/v2\/posts\/6368","targetHints":{"allow":["GET"]}}],"collection":[{"href":"https:\/\/fmamiga909.com.ar\/index.php?rest_route=\/wp\/v2\/posts"}],"about":[{"href":"https:\/\/fmamiga909.com.ar\/index.php?rest_route=\/wp\/v2\/types\/post"}],"author":[{"embeddable":true,"href":"https:\/\/fmamiga909.com.ar\/index.php?rest_route=\/wp\/v2\/users\/3"}],"replies":[{"embeddable":true,"href":"https:\/\/fmamiga909.com.ar\/index.php?rest_route=%2Fwp%2Fv2%2Fcomments&post=6368"}],"version-history":[{"count":1,"href":"https:\/\/fmamiga909.com.ar\/index.php?rest_route=\/wp\/v2\/posts\/6368\/revisions"}],"predecessor-version":[{"id":6374,"href":"https:\/\/fmamiga909.com.ar\/index.php?rest_route=\/wp\/v2\/posts\/6368\/revisions\/6374"}],"wp:featuredmedia":[{"embeddable":true,"href":"https:\/\/fmamiga909.com.ar\/index.php?rest_route=\/wp\/v2\/media\/6369"}],"wp:attachment":[{"href":"https:\/\/fmamiga909.com.ar\/index.php?rest_route=%2Fwp%2Fv2%2Fmedia&parent=6368"}],"wp:term":[{"taxonomy":"category","embeddable":true,"href":"https:\/\/fmamiga909.com.ar\/index.php?rest_route=%2Fwp%2Fv2%2Fcategories&post=6368"},{"taxonomy":"post_tag","embeddable":true,"href":"https:\/\/fmamiga909.com.ar\/index.php?rest_route=%2Fwp%2Fv2%2Ftags&post=6368"}],"curies":[{"name":"wp","href":"https:\/\/api.w.org\/{rel}","templated":true}]}}