{"id":6378,"date":"2018-07-05T14:16:41","date_gmt":"2018-07-05T14:16:41","guid":{"rendered":"http:\/\/fmamiga909.com.ar\/?p=6378"},"modified":"2018-07-05T14:17:41","modified_gmt":"2018-07-05T14:17:41","slug":"agenda-de-desarrollo-estrategico-para-los-dptos-san-cristobal-y-san-justo","status":"publish","type":"post","link":"https:\/\/fmamiga909.com.ar\/?p=6378","title":{"rendered":"Agenda de Desarrollo Estrat\u00e9gico para los Dptos. San Crist\u00f3bal y San Justo"},"content":{"rendered":"<p class=\"x_MsoNormal\"><b><u>Se present\u00f3 la Agenda de Desarrollo Estrat\u00e9gico para los departamentos San Crist\u00f3bal y San Justo<\/u><\/b><\/p>\n<p class=\"x_MsoNormal\">\u201cEstas son las pol\u00edticas que realmente transforman la realidad de una provincia. Es una mirada integral que debe trascender a las gestiones de gobierno\u00bb, indic\u00f3 Lifschitz.<\/p>\n<p>El gobernador de Santa Fe, Miguel Lifschitz, junto al Vicegobernador Carlos Fascendini y los Senadores Felipe Michlig y Rodrigo Borla, present\u00f3 este mi\u00e9rcoles la Agenda de Desarrollo Estrat\u00e9gico para los departamentos San Crist\u00f3bal y San Justo. Se trata de un instrumento de trabajo que permite conocer las obras y proyectos para el desarrollo estrat\u00e9gico de ambos departamentos.<\/p>\n<p><b><u>Mirada integral sobre el desarrollo<\/u><\/b><\/p>\n<p>\u201cDesde el inicio de nuestra gesti\u00f3n pusimos en marcha &#8211; en estos dos departamentos &#8211; proyectos en agricultura, lecher\u00eda, ganader\u00eda e industria, y hoy venimos a plasmar todo eso en una agenda. Es un documento que sintetiza, no solamente una cantidad de propuestas, sino tambi\u00e9n las opiniones, miradas, necesidades de las autoridades locales, de legisladores, de empresarios, del campo, de la ciudad, de la industria, del comercio y de la sociedad civil, la educaci\u00f3n, la salud, es una mirada integral sobre el desarrollo\u201d, explic\u00f3 el gobernador.<\/p>\n<p>El Senador por el Departamento San Crist\u00f3bal, Felipe Michlig, puso de relieve la importancia que \u201cde este espacio institucional que estamos creando, para que en conjunto podamos establecer las prioridades y avanzar hacia el camino del desarrollo sustentable, hacia mejorar la calidad de vida, hacia un futuro de grandeza que necesitamos para nuestra provincia, pero en particular para este territorio\u201d.<\/p>\n<p>Por su parte, el senador por el departamento San Justo, Rodrigo Borla, agradeci\u00f3 al gobernador y afirm\u00f3 que \u201cmuchas de estas obras hoy est\u00e1n en construcci\u00f3n y otras se est\u00e1n inaugurando. Se trata de una agenda estrat\u00e9gica con cosas realizadas, cosas que se est\u00e1n realizando y cosas que debemos hacer. Sin dudas que estas cosas no se podr\u00edan hacer sin la decisi\u00f3n pol\u00edtica de un gobierno provincial\u201d.<\/p>\n<p><b><u>Dejar un camino trazado a la pr\u00f3xima gesti\u00f3n<\/u><\/b><\/p>\n<p>\u201cLa agenda va m\u00e1s all\u00e1, con la idea de que podamos dejarle un camino trazado a la pr\u00f3xima gesti\u00f3n, de tal manera que sea una pol\u00edtica de Estado. Vamos a intentar que tenga un tratamiento legislativo, que quede plasmado en una ley, de tal manera que sea un acuerdo pol\u00edtico de todos los sectores representativos de la pol\u00edtica santafesina\u201d, resalt\u00f3 Lifschitz.<\/p>\n<p>\u201cEstas son las pol\u00edticas que realmente transforman la realidad de una provincia. No son caprichos o impulsos de un gobernador, sino que es una mirada integral que debe trascender a las gestiones de gobierno y los \u00e1mbitos de la pol\u00edtica\u201d.<\/p>\n<p>\u201cEstamos trazando un camino importante para Santa Fe, muchas provincias nos miran con atenci\u00f3n, nos piden informaci\u00f3n sobre los planes y programas que llevamos adelante\u201d, afirm\u00f3.<\/p>\n<p>\u00abNecesitamos un gran programa de crecimiento en la Argentina, y ah\u00ed s\u00ed que vamos a poder solucionar los problemas del d\u00e9ficit fiscal y estructurales que tiene nuestro pa\u00eds. De las crisis se sale para adelante, apostando al futuro y no achic\u00e1ndose\u201d, concluy\u00f3 el gobernador.<\/p>\n<p><strong><u>Planificaci\u00f3n con desarrollo\u00a0\u00a0territorial, econ\u00f3mico y humano<\/u><\/strong><\/p>\n<p>Por su parte, el director de Planificaci\u00f3n Estrat\u00e9gica Territorial, Jos\u00e9 Citroni, expres\u00f3 que \u201cesta agenda se construy\u00f3 con el aporte de todos los ministerios y las secretarias de Estado de la provincia y en conjunto con los senadores departamentales que aportaron su mirada m\u00e1s cercana al territorio y su conocimiento de la realidad de cada una de las localidades\u201d.<\/p>\n<p>\u201cDentro de los proyectos, hay 56 iniciativas destacadas que tienen mayor capacidad de transformaci\u00f3n del territorio y est\u00e1n basadas en tres ejes denominados Desarrollo Territorial: donde se agrupan las obras de infraestructura; Desarrollo Econ\u00f3mico y Productivo: iniciativas para el desarrollo de las econom\u00edas regionales y de la producci\u00f3n local; Desarrollo Humano e Institucional: obras de iniciativa de salud, educaci\u00f3n, apoyo y fomento del deporte y la cultural. Son m\u00e1s de 2800 millones de pesos de inversi\u00f3n en estos 56 proyectos, que al d\u00eda del hoy el 60% ya est\u00e1n en ejecuci\u00f3n\u201d, a\u00f1adi\u00f3.<\/p>\n<p>\u201cLa primera etapa de la participaci\u00f3n es poder acceder a la informaci\u00f3n, y por eso esta presentaci\u00f3n es el punto de partida para seguir trabajando con las instituciones a futuro y que se sigan sumando a las instancias de participaci\u00f3n\u201d, finaliz\u00f3 Citroni.<\/p>\n<p><b><u>Otras voces<\/u><\/b><\/p>\n<p>A su turno, el intendente de San Justo, Nicol\u00e1s Cuesta, dijo que \u201cno hay nada nuevo para nosotros en decir que el gobierno provincial va a hacer obras en estos departamentos; que se va a dedicar al desarrollo estrat\u00e9gico. Pero s\u00ed, lo nuevo es trazarnos lo que tiene que pasar m\u00e1s adelante, tenerlo claro. Coincidimos en la palabra desarrollo, porque tiene que ver con pol\u00edtica p\u00fablica, con que quienes estamos hoy, estamos de paso y tenemos que dejarle a los que vienen una l\u00ednea de acci\u00f3n que tenga que ver con lo que le pasa a la gente y no con lo que nos pasa a nosotros\u201d.<\/p>\n<p>Por su parte, el representante de la Asociaci\u00f3n para el Desarrollo de Ceres agradeci\u00f3 la invitaci\u00f3n \u00aba participar de esta agenda de desarrollo estrat\u00e9gico, que para nosotros es sumamente importante estar conectados con el gobierno provincial. Queremos fortalecer ese trabajo. Las Asociaciones para el Desarrollo son una ventanilla de todo el gobierno porque pueden implementar diferentes pol\u00edticas\u00bb.<\/p>\n<p><strong><u>Caracter\u00edsticas t\u00e9cnicas<\/u><\/strong><\/p>\n<p>La Agenda despliega 137 proyectos y programas para potenciar el desarrollo territorial y sustentable, econ\u00f3mico y productivo, y fundamentalmente el desarrollo humano e institucional para esta parte del territorio que habitan m\u00e1s de 110 mil santafesinos y santafesinas.<\/p>\n<p>Anteceden esta iniciativa el Plan del Norte, para los departamentos 9 de Julio, Vera y General Obligado, que se puso en marcha en el a\u00f1o 2016; y el Plan A Toda Costa para San Javier y Garay en funcionamiento desde el a\u00f1o 2017.<\/p>\n<p><strong><u>Presentes<\/u><\/strong><\/p>\n<p>De la actividad, realizada en el club Social Cosmopolita de la ciudad de San Justo, tambi\u00e9n participaron el vicegobernador de Santa Fe, Carlos Fascendini;\u00a0\u00a0los Senadores Felipe Michlig y Rodrigo Borla, los ministros de Infraestructura y Transporte, Jos\u00e9 Garibay; de Salud, Andrea Uboldi; y de Obras P\u00fablicas, Pedro Morini; los diputados provinciales In\u00e9s Bertero y Edgardo Martino; el subsecretario de Gesti\u00f3n de Proyectos Estrat\u00e9gicos, Lisandro D&#8217;Anna; el coordinador de la Regi\u00f3n 3, Claudio Stalder; entre otras autoridades provinciales, departamentales y locales.<\/p>\n<p><a href=\"https:\/\/fmamiga909.com.ar\/?attachment_id=6381\" rel=\"attachment wp-att-6381\"><img loading=\"lazy\" decoding=\"async\" class=\"aligncenter size-medium wp-image-6381\" src=\"https:\/\/fmamiga909.com.ar\/wp-content\/uploads\/2018\/07\/agenda-sj-sc2-300x172.jpeg\" alt=\"\" width=\"300\" height=\"172\" srcset=\"https:\/\/fmamiga909.com.ar\/wp-content\/uploads\/2018\/07\/agenda-sj-sc2-300x172.jpeg 300w, https:\/\/fmamiga909.com.ar\/wp-content\/uploads\/2018\/07\/agenda-sj-sc2.jpeg 750w\" sizes=\"auto, (max-width: 300px) 100vw, 300px\" \/><\/a> <a href=\"https:\/\/fmamiga909.com.ar\/?attachment_id=6382\" rel=\"attachment wp-att-6382\"><img loading=\"lazy\" decoding=\"async\" class=\"aligncenter size-medium wp-image-6382\" src=\"https:\/\/fmamiga909.com.ar\/wp-content\/uploads\/2018\/07\/agenda-sj-sc-300x225.jpeg\" alt=\"\" width=\"300\" height=\"225\" srcset=\"https:\/\/fmamiga909.com.ar\/wp-content\/uploads\/2018\/07\/agenda-sj-sc-300x225.jpeg 300w, https:\/\/fmamiga909.com.ar\/wp-content\/uploads\/2018\/07\/agenda-sj-sc-1024x768.jpeg 1024w, https:\/\/fmamiga909.com.ar\/wp-content\/uploads\/2018\/07\/agenda-sj-sc-259x194.jpeg 259w, https:\/\/fmamiga909.com.ar\/wp-content\/uploads\/2018\/07\/agenda-sj-sc-950x713.jpeg 950w, https:\/\/fmamiga909.com.ar\/wp-content\/uploads\/2018\/07\/agenda-sj-sc.jpeg 1040w\" sizes=\"auto, (max-width: 300px) 100vw, 300px\" \/><\/a><\/p>\n","protected":false},"excerpt":{"rendered":"<p>Se present\u00f3 la Agenda de Desarrollo Estrat\u00e9gico para los departamentos San Crist\u00f3bal y San Justo&#8230;<\/p>\n","protected":false},"author":3,"featured_media":6379,"comment_status":"closed","ping_status":"closed","sticky":false,"template":"","format":"standard","meta":{"footnotes":""},"categories":[1,3],"tags":[],"class_list":["post-6378","post","type-post","status-publish","format-standard","has-post-thumbnail","hentry","category-uncategorized","category-noticias"],"featured_image_urls":{"full":["https:\/\/fmamiga909.com.ar\/wp-content\/uploads\/2018\/07\/sanjusto1.jpg",3000,2000,false],"thumbnail":["https:\/\/fmamiga909.com.ar\/wp-content\/uploads\/2018\/07\/sanjusto1-150x150.jpg",150,150,true],"medium":["https:\/\/fmamiga909.com.ar\/wp-content\/uploads\/2018\/07\/sanjusto1-300x200.jpg",300,200,true],"medium_large":["https:\/\/fmamiga909.com.ar\/wp-content\/uploads\/2018\/07\/sanjusto1.jpg",3000,2000,false],"large":["https:\/\/fmamiga909.com.ar\/wp-content\/uploads\/2018\/07\/sanjusto1-1024x683.jpg",640,427,true],"1536x1536":["https:\/\/fmamiga909.com.ar\/wp-content\/uploads\/2018\/07\/sanjusto1.jpg",1536,1024,false],"2048x2048":["https:\/\/fmamiga909.com.ar\/wp-content\/uploads\/2018\/07\/sanjusto1.jpg",2048,1365,false],"newsium-slider-full":["https:\/\/fmamiga909.com.ar\/wp-content\/uploads\/2018\/07\/sanjusto1.jpg",1268,845,false],"newsium-featured":["https:\/\/fmamiga909.com.ar\/wp-content\/uploads\/2018\/07\/sanjusto1.jpg",1024,683,false],"newsium-medium":["https:\/\/fmamiga909.com.ar\/wp-content\/uploads\/2018\/07\/sanjusto1.jpg",713,475,false]},"author_info":{"display_name":"Fredy Giuliano","author_link":"https:\/\/fmamiga909.com.ar\/?author=3"},"category_info":"<a href=\"https:\/\/fmamiga909.com.ar\/?cat=1\" rel=\"category\">La radio<\/a> <a href=\"https:\/\/fmamiga909.com.ar\/?cat=3\" rel=\"category\">Noticias<\/a>","tag_info":"Noticias","comment_count":"0","_links":{"self":[{"href":"https:\/\/fmamiga909.com.ar\/index.php?rest_route=\/wp\/v2\/posts\/6378","targetHints":{"allow":["GET"]}}],"collection":[{"href":"https:\/\/fmamiga909.com.ar\/index.php?rest_route=\/wp\/v2\/posts"}],"about":[{"href":"https:\/\/fmamiga909.com.ar\/index.php?rest_route=\/wp\/v2\/types\/post"}],"author":[{"embeddable":true,"href":"https:\/\/fmamiga909.com.ar\/index.php?rest_route=\/wp\/v2\/users\/3"}],"replies":[{"embeddable":true,"href":"https:\/\/fmamiga909.com.ar\/index.php?rest_route=%2Fwp%2Fv2%2Fcomments&post=6378"}],"version-history":[{"count":2,"href":"https:\/\/fmamiga909.com.ar\/index.php?rest_route=\/wp\/v2\/posts\/6378\/revisions"}],"predecessor-version":[{"id":6383,"href":"https:\/\/fmamiga909.com.ar\/index.php?rest_route=\/wp\/v2\/posts\/6378\/revisions\/6383"}],"wp:featuredmedia":[{"embeddable":true,"href":"https:\/\/fmamiga909.com.ar\/index.php?rest_route=\/wp\/v2\/media\/6379"}],"wp:attachment":[{"href":"https:\/\/fmamiga909.com.ar\/index.php?rest_route=%2Fwp%2Fv2%2Fmedia&parent=6378"}],"wp:term":[{"taxonomy":"category","embeddable":true,"href":"https:\/\/fmamiga909.com.ar\/index.php?rest_route=%2Fwp%2Fv2%2Fcategories&post=6378"},{"taxonomy":"post_tag","embeddable":true,"href":"https:\/\/fmamiga909.com.ar\/index.php?rest_route=%2Fwp%2Fv2%2Ftags&post=6378"}],"curies":[{"name":"wp","href":"https:\/\/api.w.org\/{rel}","templated":true}]}}