{"id":6390,"date":"2018-07-06T00:19:50","date_gmt":"2018-07-06T00:19:50","guid":{"rendered":"http:\/\/fmamiga909.com.ar\/?p=6390"},"modified":"2018-07-06T00:19:50","modified_gmt":"2018-07-06T00:19:50","slug":"la-provincia-invita-a-las-fiestas-populares-que-se-llevaran-a-cabo-en-las-vacaciones-de-invierno","status":"publish","type":"post","link":"https:\/\/fmamiga909.com.ar\/?p=6390","title":{"rendered":"La provincia invita a las fiestas populares que se llevar\u00e1n a cabo en las vacaciones de invierno"},"content":{"rendered":"<p>Adem\u00e1s de los atractivos tur\u00edsticos de las diferentes ciudades y eventos culturales.<\/p>\n<p>El gobierno de la provincia de Santa Fe dio a conocer los diferentes atractivos tur\u00edsticos para las vacaciones de invierno. Se tratan de fiestas populares y recorridos, \u00a0entre otras actividades.<\/p>\n<p>El calendario de fiestas completo puede consultarse en\u00a0<a href=\"http:\/\/www.calendariosantafe.com\/\" target=\"_blank\" rel=\"noopener\">www.calendariosantafe.com<\/a>. En tanto, la agenda cultural est\u00e1 disponible en\u00a0<a href=\"http:\/\/www.santafe.gov.ar\/cultura\" target=\"_blank\" rel=\"noopener\">www.santafe.gov.ar\/cultura<\/a>.<\/p>\n<p>&gt;&gt; Romang: 31\u00aa Fiesta Provincial Suiza, que se realizar\u00e1 el 4 y 5 de agosto. Se trata de un acontecimiento festivo que surgi\u00f3 a fines del siglo XIX por la costumbre instalada por los fundadores suizos y se hizo masiva y popular hace unos 50 a\u00f1os. En 1987 fue distinguida por el gobierno de Santa Fe como Fiesta Provincial Suiza.<\/p>\n<p>&gt;&gt; Humberto Primo: 28\u00b0 Fiesta Provincial de la Bagna Cauda, se llevar\u00e1 a cabo el 22 de julio.<\/p>\n<p>&gt;&gt; Santa Rosa de Calchines: el 9 de julio a las 15 horas se desarrollar\u00e1 \u201cEl Museo se muestra\u201d y la Muestra externa patrimonial en el museo \u201cAn\u00edbal Bergallo\u201d. El 13 de julio 12:30 llega \u201cPeriplo Colectivo\u201d; el 14 de julio a las 15 horas ser\u00e1n las \u201cTardes Recreativas\u201d en Barrio Malvinas. El 20 de julio a las 16 horas se festejar\u00e1 el \u201cD\u00eda del Amigo\u201d en la plaza San Mart\u00edn con m\u00fasica en vivo y sorteos.<\/p>\n<p>&gt;&gt; Rosario:<br \/>\n\u2013 La Isla de los Inventos: del viernes 6 al domingo 22 de julio de 14 a 19 horas (lunes 16 cerrado).<br \/>\nDel jueves 26 al domingo 29 de julio de 14 a 19 horas.<br \/>\n\u2013 El Jard\u00edn de los Ni\u00f1os: del viernes 6 al domingo 22 de julio de 13 a 18 horas (lunes 16 cerrado).<br \/>\nDel jueves 26 al domingo 29 de julio de 13 a 18 horas.<br \/>\n\u2013 La Granja de la Infancia: del viernes 6 al domingo 22 de julio de 10 a 18 horas (lunes 16 cerrado). Del jueves 26 al domingo 29 de julio de 10 a 18 horas.<br \/>\n\u2013 Plataforma Lavard\u00e9n: Mendoza y Sarmiento \u2013 (0341) 4721462.<br \/>\n\u2013 Complejo Astron\u00f3mico Municipal: incluye tres espacios diferentes: el Planetario los enigmas; el Museo Experimental de Ciencias; y el Observatorio. Ubicado en el Parque Urquiza.<br \/>\n\u2013 Museo de Ciencias Naturales Dr. \u00c1ngel Gallardo: San Lorenzo 1951 \u2013 (0341) 472 1449.<br \/>\n\u2013 Acuario del r\u00edo Paran\u00e1: ubicado en Carrasco y Cordiviola.<br \/>\n\u2013 Parque de la Independencia.<br \/>\n\u2013 Museo Municipal de Bellas Artes \u201cJuan B. Castagnino\u201d.<br \/>\n\u2013 Museo de Arte Contempor\u00e1neo de Rosario (Macro), emplazado en antiguos silos cerealeros junto al r\u00edo.<br \/>\n\u2013 Museo de Arte Decorativo Firma y Odilo Est\u00e9vez, con una invaluable colecci\u00f3n permanente de pinturas europeas de los siglos XVII al XIX, marfiles, plater\u00eda, tapices, porcelanas y esculturas.<br \/>\n\u2013 Paseo guiado gratuito por la zona c\u00e9ntrica: el s\u00e1bado 7 de julio, con salida a las 16 desde el monumento a Sarmiento (San Juan entre Corrientes y Entre R\u00edos) se realizar\u00e1 un recorrido por la historia y la arquitectura de algunos de los edificios m\u00e1s emblem\u00e1ticos que pueden encontrarse entre la ex Laguna de S\u00e1nchez (hoy plaza Sarmiento) y el centro de la ciudad.<br \/>\n\u2013 Casco hist\u00f3rico y Museo de Arte Decorativo: una actividad gratuita con salida todos los s\u00e1bados a las 10 desde las puertas del Museo Municipal de Arte Decorativo Firma y Odilo Est\u00e9vez (Santa Fe 748).<br \/>\n\u2013 Teatro El C\u00edrculo y Museo de Arte Sacro: lunes, mi\u00e9rcoles y viernes a las 10:30 y a las 17:30, y s\u00e1bados a las 10:30. Permite conocer la magia y la arquitectura del Teatro El C\u00edrculo para bajar luego a sus catacumbas y conocer la obra religiosa del escultor Eduardo Barnes.<\/p>\n<p>&gt;&gt; Ciudad de Santa Fe<br \/>\n\u2013 Festival de la Cerveza y la Gastronom\u00eda Invernal: se realizar\u00e1 en la Estaci\u00f3n Belgrano del 13 al 15 de julio.<br \/>\n\u2013 Dise\u00f1a Santa Fe: tendr\u00e1 lugar en la Estaci\u00f3n Belgrano del 13 al 15 y del 20 al 22 de julio.<br \/>\n\u2013 2\u00ba Fecha Campeonato Argentino de Ciclismo Adaptado: se competir\u00e1 en la costanera oeste, este y puente Colgante el 21 de julio.<br \/>\n-Fiesta de la Ca\u00f1a con Ruda: se realizar\u00e1 en\u00a0<a href=\"https:\/\/maps.google.com\/?q=Rep+blica+de+Siria+3530&amp;entry=gmail&amp;source=g\">Rep<\/a>\u00fa<a href=\"https:\/\/maps.google.com\/?q=Rep+blica+de+Siria+3530&amp;entry=gmail&amp;source=g\">blica de Siria 3530<\/a>\u00a0el 29 julio de 11 a 17.<br \/>\n\u2013 Circuito Tur\u00edstico Manzana Jesu\u00edtica: El Paso del Papa Francisco en\u00a0<a href=\"https:\/\/maps.google.com\/?q=la+Ciudad+de+Santa+Fe+-+San+Mart+n+1540&amp;entry=gmail&amp;source=g\">la Ciudad de Santa Fe \u2013 San Mart<\/a>\u00ed<a href=\"https:\/\/maps.google.com\/?q=la+Ciudad+de+Santa+Fe+-+San+Mart+n+1540&amp;entry=gmail&amp;source=g\">n 1540<\/a>. Jueves, viernes y s\u00e1bado a las 11 y a las 15.<br \/>\n\u2013 Paseo del Polo de la Cervecer\u00eda\u00a0<a href=\"https:\/\/maps.google.com\/?q=Santa+Fe+-+Calchines+1401&amp;entry=gmail&amp;source=g\">Santa Fe \u2013 Calchines 1401<\/a>. Martes a s\u00e1bado a las 16. Consultas y turnos al (0342) 156123666.<br \/>\n\u2013 Reserva Ecol\u00f3gica de UNL Fundaci\u00f3n Habitat \u2013 Costanera Este s\/n. Mi\u00e9rcoles a domingo de 9:30 a 19:30.<br \/>\n\u2013 Granja Esmeralda. Parque Ecol\u00f3gico \u2013\u00a0<a href=\"https:\/\/maps.google.com\/?q=Avenida+Arist+bulo+del+Valle+8700&amp;entry=gmail&amp;source=g\">Avenida Arist<\/a>\u00f3<a href=\"https:\/\/maps.google.com\/?q=Avenida+Arist+bulo+del+Valle+8700&amp;entry=gmail&amp;source=g\">bulo del Valle 8700<\/a>. Lunes a viernes de 8 a 18horas. S\u00e1bados, domingos y feriados de 10 a 18horas.<br \/>\n\u2013 La Redonda, Arte y Vida Cotidiana: en\u00a0<a href=\"https:\/\/maps.google.com\/?q=Salvador+del+Carril+2198&amp;entry=gmail&amp;source=g\">Salvador del Carril 2198<\/a>. Mi\u00e9rcoles a domingos de 15 a 20horas.<br \/>\n\u2013 El Molino, F\u00e1brica Cultural: ubicada en\u00a0<a href=\"https:\/\/maps.google.com\/?q=bulevar+G+lvez+2350&amp;entry=gmail&amp;source=g\">bulevar G<\/a>\u00e1<a href=\"https:\/\/maps.google.com\/?q=bulevar+G+lvez+2350&amp;entry=gmail&amp;source=g\">lvez 2350<\/a>, los mi\u00e9rcoles a domingos, de 15 a 20 horas.<\/p>\n","protected":false},"excerpt":{"rendered":"<p>Adem\u00e1s de los atractivos tur\u00edsticos de las diferentes ciudades y eventos culturales. El gobierno de&#8230;<\/p>\n","protected":false},"author":3,"featured_media":6391,"comment_status":"closed","ping_status":"closed","sticky":false,"template":"","format":"standard","meta":{"footnotes":""},"categories":[1,3],"tags":[],"class_list":["post-6390","post","type-post","status-publish","format-standard","has-post-thumbnail","hentry","category-uncategorized","category-noticias"],"featured_image_urls":{"full":["https:\/\/fmamiga909.com.ar\/wp-content\/uploads\/2018\/07\/fiestaaa.jpg",800,531,false],"thumbnail":["https:\/\/fmamiga909.com.ar\/wp-content\/uploads\/2018\/07\/fiestaaa-150x150.jpg",150,150,true],"medium":["https:\/\/fmamiga909.com.ar\/wp-content\/uploads\/2018\/07\/fiestaaa-300x199.jpg",300,199,true],"medium_large":["https:\/\/fmamiga909.com.ar\/wp-content\/uploads\/2018\/07\/fiestaaa.jpg",800,531,false],"large":["https:\/\/fmamiga909.com.ar\/wp-content\/uploads\/2018\/07\/fiestaaa.jpg",640,425,false],"1536x1536":["https:\/\/fmamiga909.com.ar\/wp-content\/uploads\/2018\/07\/fiestaaa.jpg",800,531,false],"2048x2048":["https:\/\/fmamiga909.com.ar\/wp-content\/uploads\/2018\/07\/fiestaaa.jpg",800,531,false],"newsium-slider-full":["https:\/\/fmamiga909.com.ar\/wp-content\/uploads\/2018\/07\/fiestaaa.jpg",800,531,false],"newsium-featured":["https:\/\/fmamiga909.com.ar\/wp-content\/uploads\/2018\/07\/fiestaaa.jpg",800,531,false],"newsium-medium":["https:\/\/fmamiga909.com.ar\/wp-content\/uploads\/2018\/07\/fiestaaa.jpg",716,475,false]},"author_info":{"display_name":"Fredy Giuliano","author_link":"https:\/\/fmamiga909.com.ar\/?author=3"},"category_info":"<a href=\"https:\/\/fmamiga909.com.ar\/?cat=1\" rel=\"category\">La radio<\/a> <a href=\"https:\/\/fmamiga909.com.ar\/?cat=3\" rel=\"category\">Noticias<\/a>","tag_info":"Noticias","comment_count":"0","_links":{"self":[{"href":"https:\/\/fmamiga909.com.ar\/index.php?rest_route=\/wp\/v2\/posts\/6390","targetHints":{"allow":["GET"]}}],"collection":[{"href":"https:\/\/fmamiga909.com.ar\/index.php?rest_route=\/wp\/v2\/posts"}],"about":[{"href":"https:\/\/fmamiga909.com.ar\/index.php?rest_route=\/wp\/v2\/types\/post"}],"author":[{"embeddable":true,"href":"https:\/\/fmamiga909.com.ar\/index.php?rest_route=\/wp\/v2\/users\/3"}],"replies":[{"embeddable":true,"href":"https:\/\/fmamiga909.com.ar\/index.php?rest_route=%2Fwp%2Fv2%2Fcomments&post=6390"}],"version-history":[{"count":1,"href":"https:\/\/fmamiga909.com.ar\/index.php?rest_route=\/wp\/v2\/posts\/6390\/revisions"}],"predecessor-version":[{"id":6392,"href":"https:\/\/fmamiga909.com.ar\/index.php?rest_route=\/wp\/v2\/posts\/6390\/revisions\/6392"}],"wp:featuredmedia":[{"embeddable":true,"href":"https:\/\/fmamiga909.com.ar\/index.php?rest_route=\/wp\/v2\/media\/6391"}],"wp:attachment":[{"href":"https:\/\/fmamiga909.com.ar\/index.php?rest_route=%2Fwp%2Fv2%2Fmedia&parent=6390"}],"wp:term":[{"taxonomy":"category","embeddable":true,"href":"https:\/\/fmamiga909.com.ar\/index.php?rest_route=%2Fwp%2Fv2%2Fcategories&post=6390"},{"taxonomy":"post_tag","embeddable":true,"href":"https:\/\/fmamiga909.com.ar\/index.php?rest_route=%2Fwp%2Fv2%2Ftags&post=6390"}],"curies":[{"name":"wp","href":"https:\/\/api.w.org\/{rel}","templated":true}]}}