{"id":6393,"date":"2018-07-06T02:50:02","date_gmt":"2018-07-06T02:50:02","guid":{"rendered":"http:\/\/fmamiga909.com.ar\/?p=6393"},"modified":"2018-07-06T02:50:02","modified_gmt":"2018-07-06T02:50:02","slug":"la-ministra-balague-concurrio-a-la-camara-de-senadores-para-informar-sobre-temas-de-educacion-rural","status":"publish","type":"post","link":"https:\/\/fmamiga909.com.ar\/?p=6393","title":{"rendered":"La Ministra Balagu\u00e9 concurri\u00f3 a la C\u00e1mara de Senadores para informar sobre temas de Educaci\u00f3n Rural"},"content":{"rendered":"<p class=\"x_MsoNormal\"><span style=\"font-size: small;\">En el d\u00eda de ayer, el Vicegobernador de la Provincia Carlos Fascendini junto a Senadores del Bloque del FPCyS, el Pte. Felipe Michlig (San Crist\u00f3bal), Orfilio Marc\u00f3n (General Obligado) y Hugo Rasetto (Iriondo) recibieron en la presidencia de la C\u00e1mara alta a la Ministra de Educaci\u00f3n, Claudia Balagu\u00e9, en el marco de una charla informativa solicitada la semana anterior en la sesi\u00f3n ordinaria del cuerpo legislativo.<\/span><\/p>\n<p class=\"x_MsoNormal\"><span style=\"font-size: small;\">En la oportunidad, las autoridades analizaron un informe sobre la pol\u00edtica educativa en ruralidad que viene consolidando el gobierno del Frente Progresista desde 2008, con la creaci\u00f3n de escuelas rurales, inversi\u00f3n en infraestructura escolar, creaci\u00f3n de cargos y horas docentes, titularizaci\u00f3n y estabilidad laboral y formaci\u00f3n en servicio en temas clave de la ruralidad, como como educaci\u00f3n ambiental y energ\u00e9tica, post\u00edtulo en ruralidad, y congresos provinciales de ruralidad, entre otros.<\/span><\/p>\n<p class=\"x_MsoNormal\"><span style=\"font-size: small;\"><b><u>Transporte a los n\u00facleos rurales<\/u><\/b><\/span><\/p>\n<p class=\"x_MsoNormal\"><span style=\"font-size: small;\">Asimismo se analiz\u00f3 la problem\u00e1tica suscitada a partir de la titularizaci\u00f3n de docentes de n\u00facleos rurales de educaci\u00f3n secundaria, en relaci\u00f3n con el transporte a sus lugares de desempe\u00f1o, a partir de un proyecto de declaraci\u00f3n presentado por el Senador Michlig con el acompa\u00f1amiento de otros 11 senadores de distintas bancadas, por el cual se pon\u00eda de manifiesto esta problem\u00e1tica.<\/span><\/p>\n<p class=\"x_MsoNormal\"><span style=\"font-size: small;\">A partir del intercambio de opiniones y propuestas de los legisladores surgi\u00f3 la necesidad de analizar la situaci\u00f3n de cada n\u00facleo rural proponiendo en cada caso una recategorizaci\u00f3n de los n\u00facleos y\/o transformaci\u00f3n de los mismos en escuelas.<\/span><\/p>\n","protected":false},"excerpt":{"rendered":"<p>En el d\u00eda de ayer, el Vicegobernador de la Provincia Carlos Fascendini junto a Senadores&#8230;<\/p>\n","protected":false},"author":3,"featured_media":6394,"comment_status":"closed","ping_status":"closed","sticky":false,"template":"","format":"standard","meta":{"footnotes":""},"categories":[1,3],"tags":[],"class_list":["post-6393","post","type-post","status-publish","format-standard","has-post-thumbnail","hentry","category-uncategorized","category-noticias"],"featured_image_urls":{"full":["https:\/\/fmamiga909.com.ar\/wp-content\/uploads\/2018\/07\/balague2.jpeg",1087,647,false],"thumbnail":["https:\/\/fmamiga909.com.ar\/wp-content\/uploads\/2018\/07\/balague2-150x150.jpeg",150,150,true],"medium":["https:\/\/fmamiga909.com.ar\/wp-content\/uploads\/2018\/07\/balague2-300x179.jpeg",300,179,true],"medium_large":["https:\/\/fmamiga909.com.ar\/wp-content\/uploads\/2018\/07\/balague2.jpeg",1087,647,false],"large":["https:\/\/fmamiga909.com.ar\/wp-content\/uploads\/2018\/07\/balague2-1024x610.jpeg",640,381,true],"1536x1536":["https:\/\/fmamiga909.com.ar\/wp-content\/uploads\/2018\/07\/balague2.jpeg",1087,647,false],"2048x2048":["https:\/\/fmamiga909.com.ar\/wp-content\/uploads\/2018\/07\/balague2.jpeg",1087,647,false],"newsium-slider-full":["https:\/\/fmamiga909.com.ar\/wp-content\/uploads\/2018\/07\/balague2.jpeg",1087,647,false],"newsium-featured":["https:\/\/fmamiga909.com.ar\/wp-content\/uploads\/2018\/07\/balague2.jpeg",1024,610,false],"newsium-medium":["https:\/\/fmamiga909.com.ar\/wp-content\/uploads\/2018\/07\/balague2.jpeg",720,429,false]},"author_info":{"display_name":"Fredy Giuliano","author_link":"https:\/\/fmamiga909.com.ar\/?author=3"},"category_info":"<a href=\"https:\/\/fmamiga909.com.ar\/?cat=1\" rel=\"category\">La radio<\/a> <a href=\"https:\/\/fmamiga909.com.ar\/?cat=3\" rel=\"category\">Noticias<\/a>","tag_info":"Noticias","comment_count":"0","_links":{"self":[{"href":"https:\/\/fmamiga909.com.ar\/index.php?rest_route=\/wp\/v2\/posts\/6393","targetHints":{"allow":["GET"]}}],"collection":[{"href":"https:\/\/fmamiga909.com.ar\/index.php?rest_route=\/wp\/v2\/posts"}],"about":[{"href":"https:\/\/fmamiga909.com.ar\/index.php?rest_route=\/wp\/v2\/types\/post"}],"author":[{"embeddable":true,"href":"https:\/\/fmamiga909.com.ar\/index.php?rest_route=\/wp\/v2\/users\/3"}],"replies":[{"embeddable":true,"href":"https:\/\/fmamiga909.com.ar\/index.php?rest_route=%2Fwp%2Fv2%2Fcomments&post=6393"}],"version-history":[{"count":1,"href":"https:\/\/fmamiga909.com.ar\/index.php?rest_route=\/wp\/v2\/posts\/6393\/revisions"}],"predecessor-version":[{"id":6395,"href":"https:\/\/fmamiga909.com.ar\/index.php?rest_route=\/wp\/v2\/posts\/6393\/revisions\/6395"}],"wp:featuredmedia":[{"embeddable":true,"href":"https:\/\/fmamiga909.com.ar\/index.php?rest_route=\/wp\/v2\/media\/6394"}],"wp:attachment":[{"href":"https:\/\/fmamiga909.com.ar\/index.php?rest_route=%2Fwp%2Fv2%2Fmedia&parent=6393"}],"wp:term":[{"taxonomy":"category","embeddable":true,"href":"https:\/\/fmamiga909.com.ar\/index.php?rest_route=%2Fwp%2Fv2%2Fcategories&post=6393"},{"taxonomy":"post_tag","embeddable":true,"href":"https:\/\/fmamiga909.com.ar\/index.php?rest_route=%2Fwp%2Fv2%2Ftags&post=6393"}],"curies":[{"name":"wp","href":"https:\/\/api.w.org\/{rel}","templated":true}]}}