{"id":6414,"date":"2018-07-12T12:14:16","date_gmt":"2018-07-12T12:14:16","guid":{"rendered":"http:\/\/fmamiga909.com.ar\/?p=6414"},"modified":"2018-07-12T12:14:16","modified_gmt":"2018-07-12T12:14:16","slug":"ceres-colocaron-una-bandera-britanica-de-malvinas-en-una-plazoleta","status":"publish","type":"post","link":"https:\/\/fmamiga909.com.ar\/?p=6414","title":{"rendered":"Ceres: Colocaron una bandera brit\u00e1nica de Malvinas en una plazoleta"},"content":{"rendered":"<h4>El hecho gener\u00f3 una ola de cr\u00edticas hacia el municipio que emiti\u00f3 un comunicado pidiendo perd\u00f3n por el error. La bandera se coloc\u00f3 para el acto del 9 de Julio en la Plazoleta de las Am\u00e9ricas<\/h4>\n<p>A trav\u00e9s de un comunicado, la Municipalidad, pidi\u00f3 perd\u00f3n y dijo que fue un error de protocolo y ceremonial que nos duele a todos:<\/p>\n<div>Queremos\u00a0<b>en primer t\u00e9rmino, decir PERD\u00d3N,\u00a0<\/b>siempre en el hecho de hacer, est\u00e1 la posibilidad de equivocarse.<\/div>\n<div><\/div>\n<div><b>Nuestro repudio, tambi\u00e9n es interno,<\/b>\u00a0estamos convencidos que la sociedad no deb\u00eda pasar por esta situaci\u00f3n que a todos nos duele.<\/div>\n<div><\/div>\n<div>Un\u00a0<b>error involuntario, un descuido,<\/b>\u00a0que sin dudas no debe volver a suceder. La puesta en valor de nuestra plazoleta de las Am\u00e9ricas y la realizaci\u00f3n del acto de la independencia, estaban lejos de tener el objetivo de este error, repetimos, producto de un descuido.<\/div>\n<div><\/div>\n<div>Pedimos\u00a0<b>perd\u00f3n a nuestros hermanos h\u00e9roes de Malvinas,<\/b>\u00a0los reconocemos, los queremos y respetamos. Lamentamos much\u00edsimo esta situaci\u00f3n, que seguramente los llevo a recordar aquellos oscuros a\u00f1os, cu\u00e1ndo el pueblo Argentino nos los reconoc\u00eda como deb\u00edan y como lo hacemos hoy.<\/p>\n<\/div>\n<div><b>Somos fieles defensores de nuestra patria,\u00a0<\/b>tratamos siempre de reivindicar aquella gesta de Malvinas, con el valor y honor en la que defendieron nuestra bandera.<\/div>\n<div><\/div>\n<div>Ni bien advertimos la situaci\u00f3n,\u00a0<b>la bandera en cuesti\u00f3n fue quitada, pero el error ya estaba, y nos hacemos cargo<\/b>, como manifestamos anteriormente, fue sin ninguna mala intenci\u00f3n.<\/div>\n<div><\/div>\n<div>Nuevamente, PERD\u00d3N, por<b>\u00a0un error que no debe pasar por alto<\/b>\u00a0y por el cual se tomar\u00e1n las medidas correspondientes.<\/div>\n<div>ceresciudad.com<\/div>\n","protected":false},"excerpt":{"rendered":"<p>El hecho gener\u00f3 una ola de cr\u00edticas hacia el municipio que emiti\u00f3 un comunicado pidiendo&#8230;<\/p>\n","protected":false},"author":3,"featured_media":6415,"comment_status":"closed","ping_status":"closed","sticky":false,"template":"","format":"standard","meta":{"footnotes":""},"categories":[1,3],"tags":[],"class_list":["post-6414","post","type-post","status-publish","format-standard","has-post-thumbnail","hentry","category-uncategorized","category-noticias"],"featured_image_urls":{"full":["https:\/\/fmamiga909.com.ar\/wp-content\/uploads\/2018\/07\/8838-banderabritanica.jpeg",696,527,false],"thumbnail":["https:\/\/fmamiga909.com.ar\/wp-content\/uploads\/2018\/07\/8838-banderabritanica-150x150.jpeg",150,150,true],"medium":["https:\/\/fmamiga909.com.ar\/wp-content\/uploads\/2018\/07\/8838-banderabritanica-300x227.jpeg",300,227,true],"medium_large":["https:\/\/fmamiga909.com.ar\/wp-content\/uploads\/2018\/07\/8838-banderabritanica.jpeg",696,527,false],"large":["https:\/\/fmamiga909.com.ar\/wp-content\/uploads\/2018\/07\/8838-banderabritanica.jpeg",640,485,false],"1536x1536":["https:\/\/fmamiga909.com.ar\/wp-content\/uploads\/2018\/07\/8838-banderabritanica.jpeg",696,527,false],"2048x2048":["https:\/\/fmamiga909.com.ar\/wp-content\/uploads\/2018\/07\/8838-banderabritanica.jpeg",696,527,false],"newsium-slider-full":["https:\/\/fmamiga909.com.ar\/wp-content\/uploads\/2018\/07\/8838-banderabritanica.jpeg",696,527,false],"newsium-featured":["https:\/\/fmamiga909.com.ar\/wp-content\/uploads\/2018\/07\/8838-banderabritanica.jpeg",696,527,false],"newsium-medium":["https:\/\/fmamiga909.com.ar\/wp-content\/uploads\/2018\/07\/8838-banderabritanica.jpeg",627,475,false]},"author_info":{"display_name":"Fredy Giuliano","author_link":"https:\/\/fmamiga909.com.ar\/?author=3"},"category_info":"<a href=\"https:\/\/fmamiga909.com.ar\/?cat=1\" rel=\"category\">La radio<\/a> <a href=\"https:\/\/fmamiga909.com.ar\/?cat=3\" rel=\"category\">Noticias<\/a>","tag_info":"Noticias","comment_count":"0","_links":{"self":[{"href":"https:\/\/fmamiga909.com.ar\/index.php?rest_route=\/wp\/v2\/posts\/6414","targetHints":{"allow":["GET"]}}],"collection":[{"href":"https:\/\/fmamiga909.com.ar\/index.php?rest_route=\/wp\/v2\/posts"}],"about":[{"href":"https:\/\/fmamiga909.com.ar\/index.php?rest_route=\/wp\/v2\/types\/post"}],"author":[{"embeddable":true,"href":"https:\/\/fmamiga909.com.ar\/index.php?rest_route=\/wp\/v2\/users\/3"}],"replies":[{"embeddable":true,"href":"https:\/\/fmamiga909.com.ar\/index.php?rest_route=%2Fwp%2Fv2%2Fcomments&post=6414"}],"version-history":[{"count":1,"href":"https:\/\/fmamiga909.com.ar\/index.php?rest_route=\/wp\/v2\/posts\/6414\/revisions"}],"predecessor-version":[{"id":6416,"href":"https:\/\/fmamiga909.com.ar\/index.php?rest_route=\/wp\/v2\/posts\/6414\/revisions\/6416"}],"wp:featuredmedia":[{"embeddable":true,"href":"https:\/\/fmamiga909.com.ar\/index.php?rest_route=\/wp\/v2\/media\/6415"}],"wp:attachment":[{"href":"https:\/\/fmamiga909.com.ar\/index.php?rest_route=%2Fwp%2Fv2%2Fmedia&parent=6414"}],"wp:term":[{"taxonomy":"category","embeddable":true,"href":"https:\/\/fmamiga909.com.ar\/index.php?rest_route=%2Fwp%2Fv2%2Fcategories&post=6414"},{"taxonomy":"post_tag","embeddable":true,"href":"https:\/\/fmamiga909.com.ar\/index.php?rest_route=%2Fwp%2Fv2%2Ftags&post=6414"}],"curies":[{"name":"wp","href":"https:\/\/api.w.org\/{rel}","templated":true}]}}