{"id":6423,"date":"2018-07-13T11:46:56","date_gmt":"2018-07-13T11:46:56","guid":{"rendered":"http:\/\/fmamiga909.com.ar\/?p=6423"},"modified":"2018-07-13T11:46:56","modified_gmt":"2018-07-13T11:46:56","slug":"se-realizo-una-reunion-plenaria-de-salud","status":"publish","type":"post","link":"https:\/\/fmamiga909.com.ar\/?p=6423","title":{"rendered":"Se realiz\u00f3 una reuni\u00f3n plenaria de Salud"},"content":{"rendered":"<p class=\"x_MsoNormal\"><b><u><span lang=\"ES-AR\">\u201cLa Construcci\u00f3n de la nueva Pista de Atletismo Profesional de San Crist\u00f3bal cuenta con grado de avance de m\u00e1s del 70%\u201d<\/span><\/u><\/b><\/p>\n<p class=\"x_MsoNormal\"><span style=\"font-size: small;\"><span lang=\"ES-AR\">El Senador Provincial Felipe Michlig, junto al Ministro de Obras P\u00fablicas Pedro Morini y el Intendente Horacio Rigo recorrieron la obra de \u201cConstrucci\u00f3n de la Pista de Atletismo y Vestuarios\u201d en la ciudad de San Crist\u00f3bal, oportunidad en la que se anunci\u00f3 que s<b>e \u201cavanzar\u00e1 con un proyecto complementario de cercado perimetral y forestaci\u00f3n\u201d.<\/b>\u00a0Tambi\u00e9n las autoridades relevaron los trabajos de mejora de la plazoleta \u201cLa Pericota\u201d y la restauraci\u00f3n y puesta en valor de la Casa de la Cultura \u201cIntendente Gustavo Gutscher\u201d.<\/span><\/span><\/p>\n<p class=\"x_MsoNormal\"><span style=\"font-size: small;\"><span lang=\"ES-AR\">Adem\u00e1s participaron de la recorrida<\/span>, junto a las autoridades antes mencionadas, el presidente del Concejo Carlos Cattaneo, el concejal Ricardo Gallo, los Secretarios de Gobierno Germ\u00e1n Michlig, Obras P\u00fablicas Sergio Cardozo, de Acci\u00f3n Social Andrea Arga\u00f1araz, de Producci\u00f3n Aldo Possi, el Pte. del COMUDE Jos\u00e9 Linares, vecinos y deportistas locales.<\/span><\/p>\n<p class=\"x_MsoNormal\"><span style=\"font-size: small;\"><b><u><span lang=\"ES-AR\">Nueva Pista de Atletismo<\/span><\/u><\/b><\/span><\/p>\n<p class=\"x_MsoNormal\"><span style=\"font-size: small;\"><span lang=\"ES-AR\">Al momento de presenciar la obra de construcci\u00f3n de la nueva Pista de Atletismo el Ministro Morini destac\u00f3 \u201cque estas son obras que no tiene un gran costo pero s\u00ed un fuerte impacto social. Hoy estuvimos analizando la posibilidad de ampliar el proyecto con el cercado perimetral y la forestaci\u00f3n, para brindar mayor seguridad y protecci\u00f3n a todos los deportistas que aqu\u00ed concurran\u201d.<\/span><\/span><\/p>\n<p class=\"x_MsoNormal\"><span style=\"font-size: small;\"><span lang=\"ES-AR\">El Intendente Rigo indic\u00f3 que \u201cla obra al d\u00eda de hoy esta con un grado de avance de entre el 70 al 80 % y es una excelente noticia que se pueda avanzar con el cercamiento desde una ampliaci\u00f3n de la Provincia y se pueda inaugurar con todo lo necesario\u201d.<\/span><\/span><\/p>\n<p class=\"x_MsoNormal\"><span style=\"font-size: small;\"><span lang=\"ES-AR\">El Senador Michlig indic\u00f3 que \u201ccon este tipo de obras, el gobierno provincial se propone un mejor y mayor acercamiento al desarrollo deportivo, tanto para no profesionales o principiantes, como para la pr\u00e1ctica del deporte de alto rendimiento de todo el departamento. Es otra de las obras prometidas y estamos a muy poco de que quede completamente concluida. Las obras generan empleo, desarrollo urbano e integraci\u00f3n social\u201d.<\/span><\/span><\/p>\n<p class=\"x_MsoNormal\"><span style=\"font-size: small;\"><b><u><span lang=\"ES-AR\">Casa de la Cultura<\/span><\/u><\/b><\/span><\/p>\n<p class=\"x_MsoNormal\"><span style=\"font-size: small;\"><span lang=\"ES-AR\">Las autoridades tambi\u00e9n relevaron la obra de restauraci\u00f3n y puesta en valor de la Casa de Cultura Intendente \u201cGustavo Gutscher\u201d en su segunda etapa, que \u201ccomprende provisi\u00f3n de materiales y mano de obra para los siguientes \u00edtems, refuerzo de losas, aislaciones, revoque de fachada norte y revoques interiores\u201d. De igual manera recorrieron la obra de mejora de la Plazoleta \u201cla Pericota\u201d de B\u00b0 Palermo.<\/span><\/span><\/p>\n<p class=\"x_MsoNormal\"><span style=\"font-size: small;\"><span lang=\"ES-AR\">Michlig explic\u00f3 que \u201choy tenemos en obras p\u00fablicas en la ciudad una inversi\u00f3n provincial que superan los 170 millones de pesos, lo cual es muy importante, por eso agradecemos al Gobernador Lifschitz y al Vicegobernador Fascendini y a todos sus ministros por viabilizar estos proyectos que gestionamos junto al Intendente Rigo, que gracias a un trabajo comprometido, constante y en equipo se pueden ver todos los d\u00edas los resultados a favor de toda la comunidad de la ciudad y del departamento\u201d.<\/span><\/span><\/p>\n<p class=\"x_MsoNormal\"><span style=\"font-size: small;\"><span lang=\"ES-AR\">Jueves, 12 de julio de 2018<\/span><\/span><\/p>\n<p class=\"x_MsoNormal\"><span style=\"font-size: small;\"><span lang=\"ES-AR\"><a href=\"http:\/\/www.felipemichlig.com\/\" target=\"_blank\" rel=\"noopener noreferrer\" data-auth=\"NotApplicable\">www.felipemichlig.com<\/a><\/span><\/span><\/p>\n<div class=\"x_gmail_signature\">\n<div dir=\"ltr\"><span style=\"font-size: small;\">Oficina de Prensa Senador Felipe Michlig<\/span><\/div>\n<\/div>\n","protected":false},"excerpt":{"rendered":"<p>\u201cLa Construcci\u00f3n de la nueva Pista de Atletismo Profesional de San Crist\u00f3bal cuenta con grado&#8230;<\/p>\n","protected":false},"author":3,"featured_media":6424,"comment_status":"closed","ping_status":"closed","sticky":false,"template":"","format":"standard","meta":{"footnotes":""},"categories":[1,3],"tags":[],"class_list":["post-6423","post","type-post","status-publish","format-standard","has-post-thumbnail","hentry","category-uncategorized","category-noticias"],"featured_image_urls":{"full":["https:\/\/fmamiga909.com.ar\/wp-content\/uploads\/2018\/07\/8840-michlig-salud.jpeg",800,510,false],"thumbnail":["https:\/\/fmamiga909.com.ar\/wp-content\/uploads\/2018\/07\/8840-michlig-salud-150x150.jpeg",150,150,true],"medium":["https:\/\/fmamiga909.com.ar\/wp-content\/uploads\/2018\/07\/8840-michlig-salud-300x191.jpeg",300,191,true],"medium_large":["https:\/\/fmamiga909.com.ar\/wp-content\/uploads\/2018\/07\/8840-michlig-salud.jpeg",800,510,false],"large":["https:\/\/fmamiga909.com.ar\/wp-content\/uploads\/2018\/07\/8840-michlig-salud.jpeg",640,408,false],"1536x1536":["https:\/\/fmamiga909.com.ar\/wp-content\/uploads\/2018\/07\/8840-michlig-salud.jpeg",800,510,false],"2048x2048":["https:\/\/fmamiga909.com.ar\/wp-content\/uploads\/2018\/07\/8840-michlig-salud.jpeg",800,510,false],"newsium-slider-full":["https:\/\/fmamiga909.com.ar\/wp-content\/uploads\/2018\/07\/8840-michlig-salud.jpeg",800,510,false],"newsium-featured":["https:\/\/fmamiga909.com.ar\/wp-content\/uploads\/2018\/07\/8840-michlig-salud.jpeg",800,510,false],"newsium-medium":["https:\/\/fmamiga909.com.ar\/wp-content\/uploads\/2018\/07\/8840-michlig-salud.jpeg",720,459,false]},"author_info":{"display_name":"Fredy Giuliano","author_link":"https:\/\/fmamiga909.com.ar\/?author=3"},"category_info":"<a href=\"https:\/\/fmamiga909.com.ar\/?cat=1\" rel=\"category\">La radio<\/a> <a href=\"https:\/\/fmamiga909.com.ar\/?cat=3\" rel=\"category\">Noticias<\/a>","tag_info":"Noticias","comment_count":"0","_links":{"self":[{"href":"https:\/\/fmamiga909.com.ar\/index.php?rest_route=\/wp\/v2\/posts\/6423","targetHints":{"allow":["GET"]}}],"collection":[{"href":"https:\/\/fmamiga909.com.ar\/index.php?rest_route=\/wp\/v2\/posts"}],"about":[{"href":"https:\/\/fmamiga909.com.ar\/index.php?rest_route=\/wp\/v2\/types\/post"}],"author":[{"embeddable":true,"href":"https:\/\/fmamiga909.com.ar\/index.php?rest_route=\/wp\/v2\/users\/3"}],"replies":[{"embeddable":true,"href":"https:\/\/fmamiga909.com.ar\/index.php?rest_route=%2Fwp%2Fv2%2Fcomments&post=6423"}],"version-history":[{"count":1,"href":"https:\/\/fmamiga909.com.ar\/index.php?rest_route=\/wp\/v2\/posts\/6423\/revisions"}],"predecessor-version":[{"id":6425,"href":"https:\/\/fmamiga909.com.ar\/index.php?rest_route=\/wp\/v2\/posts\/6423\/revisions\/6425"}],"wp:featuredmedia":[{"embeddable":true,"href":"https:\/\/fmamiga909.com.ar\/index.php?rest_route=\/wp\/v2\/media\/6424"}],"wp:attachment":[{"href":"https:\/\/fmamiga909.com.ar\/index.php?rest_route=%2Fwp%2Fv2%2Fmedia&parent=6423"}],"wp:term":[{"taxonomy":"category","embeddable":true,"href":"https:\/\/fmamiga909.com.ar\/index.php?rest_route=%2Fwp%2Fv2%2Fcategories&post=6423"},{"taxonomy":"post_tag","embeddable":true,"href":"https:\/\/fmamiga909.com.ar\/index.php?rest_route=%2Fwp%2Fv2%2Ftags&post=6423"}],"curies":[{"name":"wp","href":"https:\/\/api.w.org\/{rel}","templated":true}]}}