{"id":6429,"date":"2018-07-16T02:39:53","date_gmt":"2018-07-16T02:39:53","guid":{"rendered":"http:\/\/fmamiga909.com.ar\/?p=6429"},"modified":"2018-07-16T02:39:53","modified_gmt":"2018-07-16T02:39:53","slug":"tierra-del-fuego-envio-su-bandera-al-intendente-de-ceres","status":"publish","type":"post","link":"https:\/\/fmamiga909.com.ar\/?p=6429","title":{"rendered":"Tierra del Fuego envi\u00f3 su bandera al Intendente de Ceres"},"content":{"rendered":"<div>Tras el suceso de p\u00fablico conocimiento, el ministro Jefe de Gabinete, Leonardo Gorbacz, se dirigi\u00f3 mediante una nota formal al Intendente de Ceres, Juan Mansilla, manifestando el malestar del Ejecutivo Provincial\u00a0y recordando que \u201clas Islas Malvinas forman parte de nuestra jurisdicci\u00f3n provincial, por lo que su bandera es la de Tierra del Fuego, Ant\u00e1rtida e Islas del Atl\u00e1ntico Sur\u201d.<\/div>\n<div><\/div>\n<div>En tal sentido,\u00a0el ministro Gorbacz aprovech\u00f3 la oportunidad para hacerle llegar una bandera de la provincia al Intendente Interino, Juan Mansilla,\u00a0recalcando que \u201chechos como este generan confusi\u00f3n en los ciudadanos y demuestran un profundo desconocimiento de la postura nacional de salvaguardar la integridad territorial y mantener vigente el reclamo de soberan\u00eda\u201d.<\/div>\n<div><\/div>\n<div>\u201cNuestra provincia, la m\u00e1s joven y austral del pa\u00eds,\u00a0incluye dentro de su jurisdicci\u00f3n, a las Islas Malvinas, Georgias del Sur, S\u00e1ndwich del Sur, los espacios mar\u00edtimos circundantes y el Sector Ant\u00e1rtico Argentino,\u00a0de acuerdo a lo establecido en la Ley Nacional N\u00b0 26.552. Por lo que su bandera es la de la provincia de Tierra del Fuego, Ant\u00e1rtida e Islas del Atl\u00e1ntico Sur\u201d destac\u00f3 el Jefe de Gabinete.<\/div>\n<div><\/div>\n<div>Asimismo, Gorbacz cit\u00f3 a la m\u00e1xima autoridad de la localidad santafecina una frase de la Gobernadora Bertone en el acto central del 9 de Julio\u00a0\u201cNuestra independencia no ser\u00e1 completa mientras nuestra bandera no flamee en toda la Patria.\u00a0Y la Patria es una frase vac\u00eda si en ella olvidamos a las Malvinas\u201d. (Info Fueguina.com)<\/div>\n","protected":false},"excerpt":{"rendered":"<p>Tras el suceso de p\u00fablico conocimiento, el ministro Jefe de Gabinete, Leonardo Gorbacz, se dirigi\u00f3&#8230;<\/p>\n","protected":false},"author":3,"featured_media":6430,"comment_status":"closed","ping_status":"closed","sticky":false,"template":"","format":"standard","meta":{"footnotes":""},"categories":[1,3],"tags":[],"class_list":["post-6429","post","type-post","status-publish","format-standard","has-post-thumbnail","hentry","category-uncategorized","category-noticias"],"featured_image_urls":{"full":["https:\/\/fmamiga909.com.ar\/wp-content\/uploads\/2018\/07\/8851-banderatierradelfuego.jpg",718,518,false],"thumbnail":["https:\/\/fmamiga909.com.ar\/wp-content\/uploads\/2018\/07\/8851-banderatierradelfuego-150x150.jpg",150,150,true],"medium":["https:\/\/fmamiga909.com.ar\/wp-content\/uploads\/2018\/07\/8851-banderatierradelfuego-300x216.jpg",300,216,true],"medium_large":["https:\/\/fmamiga909.com.ar\/wp-content\/uploads\/2018\/07\/8851-banderatierradelfuego.jpg",718,518,false],"large":["https:\/\/fmamiga909.com.ar\/wp-content\/uploads\/2018\/07\/8851-banderatierradelfuego.jpg",640,462,false],"1536x1536":["https:\/\/fmamiga909.com.ar\/wp-content\/uploads\/2018\/07\/8851-banderatierradelfuego.jpg",718,518,false],"2048x2048":["https:\/\/fmamiga909.com.ar\/wp-content\/uploads\/2018\/07\/8851-banderatierradelfuego.jpg",718,518,false],"newsium-slider-full":["https:\/\/fmamiga909.com.ar\/wp-content\/uploads\/2018\/07\/8851-banderatierradelfuego.jpg",718,518,false],"newsium-featured":["https:\/\/fmamiga909.com.ar\/wp-content\/uploads\/2018\/07\/8851-banderatierradelfuego.jpg",718,518,false],"newsium-medium":["https:\/\/fmamiga909.com.ar\/wp-content\/uploads\/2018\/07\/8851-banderatierradelfuego.jpg",658,475,false]},"author_info":{"display_name":"Fredy Giuliano","author_link":"https:\/\/fmamiga909.com.ar\/?author=3"},"category_info":"<a href=\"https:\/\/fmamiga909.com.ar\/?cat=1\" rel=\"category\">La radio<\/a> <a href=\"https:\/\/fmamiga909.com.ar\/?cat=3\" rel=\"category\">Noticias<\/a>","tag_info":"Noticias","comment_count":"0","_links":{"self":[{"href":"https:\/\/fmamiga909.com.ar\/index.php?rest_route=\/wp\/v2\/posts\/6429","targetHints":{"allow":["GET"]}}],"collection":[{"href":"https:\/\/fmamiga909.com.ar\/index.php?rest_route=\/wp\/v2\/posts"}],"about":[{"href":"https:\/\/fmamiga909.com.ar\/index.php?rest_route=\/wp\/v2\/types\/post"}],"author":[{"embeddable":true,"href":"https:\/\/fmamiga909.com.ar\/index.php?rest_route=\/wp\/v2\/users\/3"}],"replies":[{"embeddable":true,"href":"https:\/\/fmamiga909.com.ar\/index.php?rest_route=%2Fwp%2Fv2%2Fcomments&post=6429"}],"version-history":[{"count":1,"href":"https:\/\/fmamiga909.com.ar\/index.php?rest_route=\/wp\/v2\/posts\/6429\/revisions"}],"predecessor-version":[{"id":6431,"href":"https:\/\/fmamiga909.com.ar\/index.php?rest_route=\/wp\/v2\/posts\/6429\/revisions\/6431"}],"wp:featuredmedia":[{"embeddable":true,"href":"https:\/\/fmamiga909.com.ar\/index.php?rest_route=\/wp\/v2\/media\/6430"}],"wp:attachment":[{"href":"https:\/\/fmamiga909.com.ar\/index.php?rest_route=%2Fwp%2Fv2%2Fmedia&parent=6429"}],"wp:term":[{"taxonomy":"category","embeddable":true,"href":"https:\/\/fmamiga909.com.ar\/index.php?rest_route=%2Fwp%2Fv2%2Fcategories&post=6429"},{"taxonomy":"post_tag","embeddable":true,"href":"https:\/\/fmamiga909.com.ar\/index.php?rest_route=%2Fwp%2Fv2%2Ftags&post=6429"}],"curies":[{"name":"wp","href":"https:\/\/api.w.org\/{rel}","templated":true}]}}