{"id":6433,"date":"2018-07-18T10:22:29","date_gmt":"2018-07-18T10:22:29","guid":{"rendered":"http:\/\/fmamiga909.com.ar\/?p=6433"},"modified":"2018-07-18T10:22:29","modified_gmt":"2018-07-18T10:22:29","slug":"iapos-garantizo-las-prestaciones-a-todos-sus-afiliados","status":"publish","type":"post","link":"https:\/\/fmamiga909.com.ar\/?p=6433","title":{"rendered":"IAPOS garantiz\u00f3 las prestaciones a todos sus afiliados"},"content":{"rendered":"<h3>La Intersindical del sector p\u00fablico se reuni\u00f3 con la directora del IAPOS, Mar\u00eda Soledad Rodr\u00edguez, para manifestar la inquietud que gener\u00f3 una disposici\u00f3n vinculada con atenciones m\u00e9dicas interdepartamentales<\/h3>\n<h3>La Intersindical del sector p\u00fablico se reuni\u00f3 con la directora del IAPOS, Mar\u00eda Soledad Rodr\u00edguez, para manifestar la inquietud que gener\u00f3 a much\u00edsimos afiliados una disposici\u00f3n, la N\u00ba 27, de la Obra Social respecto al sistema prestacional,\u00a0fundamentalmente el vinculado con derivaciones o atenciones m\u00e9dicas interdepartamentales.<\/h3>\n<h3><\/h3>\n<h3>Al respecto,\u00a0las autoridades del IAPOS aseguraron que se mantendr\u00e1n todas las prestaciones\u00a0y que se informar\u00e1, en los casos que sean necesarios, los tr\u00e1mites a completar.<\/h3>\n<h3><\/h3>\n<h3>\u201cLa Intersindical del sector p\u00fablico fij\u00f3 una clara posici\u00f3n de que\u00a0no va permitir una modificaci\u00f3n que implique un perjuicio para los afiliados a la obra social,\u00a0particularmente a los afiliados del interior de la provincia\u201d, afirm\u00f3 ATE en un comunicado.<\/h3>\n<h3><\/h3>\n<h3>Se acord\u00f3\u00a0una nueva reuni\u00f3n para el pr\u00f3ximo martes 24 de julio\u00a0con el prop\u00f3sito de continuar evaluando el tema.<\/h3>\n<h3><\/h3>\n<h3>NINGUNA COMPLICACI\u00d3N<\/h3>\n<h3><\/h3>\n<h3>\u201cEn la reuni\u00f3n, las autoridades manifestaron que\u00a0esta decisi\u00f3n no traer\u00e1 ninguna complicaci\u00f3n a los afiliados de ning\u00fan Departamento,\u00a0por lo cual tambi\u00e9n se le solicit\u00f3 a la obra social que emita un comunicado de Prensa aclarando tal situaci\u00f3n, para llevar tranquilidad a los trabajadores\u201d, pidi\u00f3, UPCN.<\/h3>\n<h3><\/h3>\n<h3>\u201cLa Intersindical\u00a0aclar\u00f3 que no va a permitir una modificaci\u00f3n que implique un perjuicio para los afiliados\u00a0a la obra social, particularmente a los afiliados del interior santafesino, distribuidos territorialmente en todos los municipios y Comunas de la Provincia\u201d afirmaron desde FESTRAM.<\/h3>\n<h3><\/h3>\n<h3>PLANTEO<\/h3>\n<h3><\/h3>\n<h3>En las \u00faltimas horas, los empleados estatales, en especial el gremio docente,\u00a0denunci\u00f3 una decisi\u00f3n de IAPOS a la que calific\u00f3 de \u201carbitraria\u201d.\u00a0Es que desde hace menos de un mes, la obra social resolvi\u00f3 que, a partir de agosto,\u00a0sus afiliados deber\u00e1n pedir una autorizaci\u00f3n antes de atenderse con m\u00e9dicos de otros lugares de la provincia.<\/h3>\n<h3><\/h3>\n<h3>As\u00ed lo inform\u00f3 la directora de la entidad, Soledad Rodr\u00edguez quien destac\u00f3 que \u201clos nuevos convenios con los departamentos pone en marcha \u00e9stas modificaciones. Vemos que\u00a0muchos afiliados viajan para ser atendidos muchos kil\u00f3metros, cuando tienen la posibilidad de ser atendidos en lugares m\u00e1s cercanos\u201d.<\/h3>\n","protected":false},"excerpt":{"rendered":"<p>La Intersindical del sector p\u00fablico se reuni\u00f3 con la directora del IAPOS, Mar\u00eda Soledad Rodr\u00edguez,&#8230;<\/p>\n","protected":false},"author":3,"featured_media":6434,"comment_status":"closed","ping_status":"closed","sticky":false,"template":"","format":"standard","meta":{"footnotes":""},"categories":[1,3],"tags":[],"class_list":["post-6433","post","type-post","status-publish","format-standard","has-post-thumbnail","hentry","category-uncategorized","category-noticias"],"featured_image_urls":{"full":["https:\/\/fmamiga909.com.ar\/wp-content\/uploads\/2018\/07\/200682_1.jpg",1024,680,false],"thumbnail":["https:\/\/fmamiga909.com.ar\/wp-content\/uploads\/2018\/07\/200682_1-150x150.jpg",150,150,true],"medium":["https:\/\/fmamiga909.com.ar\/wp-content\/uploads\/2018\/07\/200682_1-300x199.jpg",300,199,true],"medium_large":["https:\/\/fmamiga909.com.ar\/wp-content\/uploads\/2018\/07\/200682_1.jpg",1024,680,false],"large":["https:\/\/fmamiga909.com.ar\/wp-content\/uploads\/2018\/07\/200682_1-1024x680.jpg",640,425,true],"1536x1536":["https:\/\/fmamiga909.com.ar\/wp-content\/uploads\/2018\/07\/200682_1.jpg",1024,680,false],"2048x2048":["https:\/\/fmamiga909.com.ar\/wp-content\/uploads\/2018\/07\/200682_1.jpg",1024,680,false],"newsium-slider-full":["https:\/\/fmamiga909.com.ar\/wp-content\/uploads\/2018\/07\/200682_1.jpg",1024,680,false],"newsium-featured":["https:\/\/fmamiga909.com.ar\/wp-content\/uploads\/2018\/07\/200682_1.jpg",1024,680,false],"newsium-medium":["https:\/\/fmamiga909.com.ar\/wp-content\/uploads\/2018\/07\/200682_1.jpg",715,475,false]},"author_info":{"display_name":"Fredy Giuliano","author_link":"https:\/\/fmamiga909.com.ar\/?author=3"},"category_info":"<a href=\"https:\/\/fmamiga909.com.ar\/?cat=1\" rel=\"category\">La radio<\/a> <a href=\"https:\/\/fmamiga909.com.ar\/?cat=3\" rel=\"category\">Noticias<\/a>","tag_info":"Noticias","comment_count":"0","_links":{"self":[{"href":"https:\/\/fmamiga909.com.ar\/index.php?rest_route=\/wp\/v2\/posts\/6433","targetHints":{"allow":["GET"]}}],"collection":[{"href":"https:\/\/fmamiga909.com.ar\/index.php?rest_route=\/wp\/v2\/posts"}],"about":[{"href":"https:\/\/fmamiga909.com.ar\/index.php?rest_route=\/wp\/v2\/types\/post"}],"author":[{"embeddable":true,"href":"https:\/\/fmamiga909.com.ar\/index.php?rest_route=\/wp\/v2\/users\/3"}],"replies":[{"embeddable":true,"href":"https:\/\/fmamiga909.com.ar\/index.php?rest_route=%2Fwp%2Fv2%2Fcomments&post=6433"}],"version-history":[{"count":1,"href":"https:\/\/fmamiga909.com.ar\/index.php?rest_route=\/wp\/v2\/posts\/6433\/revisions"}],"predecessor-version":[{"id":6435,"href":"https:\/\/fmamiga909.com.ar\/index.php?rest_route=\/wp\/v2\/posts\/6433\/revisions\/6435"}],"wp:featuredmedia":[{"embeddable":true,"href":"https:\/\/fmamiga909.com.ar\/index.php?rest_route=\/wp\/v2\/media\/6434"}],"wp:attachment":[{"href":"https:\/\/fmamiga909.com.ar\/index.php?rest_route=%2Fwp%2Fv2%2Fmedia&parent=6433"}],"wp:term":[{"taxonomy":"category","embeddable":true,"href":"https:\/\/fmamiga909.com.ar\/index.php?rest_route=%2Fwp%2Fv2%2Fcategories&post=6433"},{"taxonomy":"post_tag","embeddable":true,"href":"https:\/\/fmamiga909.com.ar\/index.php?rest_route=%2Fwp%2Fv2%2Ftags&post=6433"}],"curies":[{"name":"wp","href":"https:\/\/api.w.org\/{rel}","templated":true}]}}