{"id":6455,"date":"2018-07-28T12:56:35","date_gmt":"2018-07-28T12:56:35","guid":{"rendered":"http:\/\/fmamiga909.com.ar\/?p=6455"},"modified":"2018-07-28T12:56:35","modified_gmt":"2018-07-28T12:56:35","slug":"se-destinaran-alrededor-de-25-millones-de-pesos-para-las-comunas-de-huanqueros-hersilia-y-monigotes","status":"publish","type":"post","link":"https:\/\/fmamiga909.com.ar\/?p=6455","title":{"rendered":"Se destinar\u00e1n alrededor de 2,5 millones de pesos para las Comunas de Huanqueros, Hersilia y Monigotes"},"content":{"rendered":"<p class=\"x_m_4242611249588654868gmail-western\" align=\"JUSTIFY\"><span style=\"font-family: Verdana, sans-serif; font-size: small;\">El Senador provincial Felipe Michlig, inform\u00f3 que en el d\u00eda de la fecha, la Comisi\u00f3n de Seguimiento de la Ley 12.385 del Fondo de Obras Menores para comunas y municipios de segunda categor\u00eda de la provincia, aprob\u00f3 \u2013a trav\u00e9s del acta N\u00b0 09\/2018-, proyectos correspondientes a 3 localidades del departamento San Crist\u00f3bal, por un monto total de $\u00a0<span lang=\"es-AR\"><b>2.436.056,77<\/b><\/span>\u00a0lo que ser\u00e1 depositado a la brevedad, luego de cumplirse con los correspondientes mecanismos administrativos.<\/span><\/p>\n<p class=\"x_m_4242611249588654868gmail-western\" align=\"JUSTIFY\"><span style=\"font-family: Verdana, sans-serif; font-size: small;\">Del encuentro realizado en la \u00f3rbita de la Secretar\u00eda de Regiones, Municipios y Comunas, participaron el Secretario de Regiones, Municipios y Comunas, Dr.\u00a0Carlos Torres; el Subsecretario Pablo Pinotti, la Subsecretar\u00eda de Coordinaci\u00f3n y Gesti\u00f3n Territorial,\u00a0Mar\u00eda Paula Salari;\u00a0por el Ministerio de Desarrollo Social,\u00a0Daniel Basile; por Obras P\u00fablicas, Arq. Marcelo M\u00e1ntaras, los Senadores Provinciales\u00a0Rodrigo Borla,\u00a0Rub\u00e9n Pirola y Osvaldo Sosa; el\u00a0CPN Adri\u00e1n Lucca\u00a0en representaci\u00f3n del senador Felipe Michlig;\u00a0los diputados\u00a0Victoria Tejeda, Omar Mart\u00ednez y Silvia Simoncini.<\/span><\/p>\n<h6 class=\"x_m_4242611249588654868gmail-western\"><span style=\"font-family: Verdana, sans-serif; font-size: small;\">Localidades del departamento San Crist\u00f3bal beneficiadas<\/span><\/h6>\n<p class=\"x_m_4242611249588654868gmail-western\"><span style=\"font-family: Verdana, sans-serif; font-size: small;\">Luego de analizarse los expedientes puestos a consideraci\u00f3n en el seno de la Comisi\u00f3n, se aprobaron -entre otros- la solicitud efectuada por las localidades del departamento San Crist\u00f3bal, por un monto total de\u00a0<span lang=\"es-AR\"><b>$2.436.056,77\u00a0<\/b><\/span>que a continuaci\u00f3n se detallan:<\/span><\/p>\n<table width=\"581\" cellspacing=\"0\" cellpadding=\"7\">\n<colgroup>\n<col width=\"179\" \/><\/colgroup>\n<colgroup>\n<col width=\"180\" \/><\/colgroup>\n<colgroup>\n<col width=\"179\" \/><\/colgroup>\n<tbody>\n<tr>\n<td bgcolor=\"#00b0f0\" width=\"179\" height=\"29\">\n<p class=\"x_m_4242611249588654868gmail-western\" align=\"CENTER\"><span style=\"font-family: Verdana, sans-serif; font-size: small;\"><span style=\"color: #ffffff;\"><span lang=\"es-AR\"><b>LOCALIDAD<\/b><\/span><\/span><\/span><\/p>\n<\/td>\n<td bgcolor=\"#00b0f0\" width=\"180\">\n<p class=\"x_m_4242611249588654868gmail-western\" align=\"CENTER\"><span style=\"font-family: Verdana, sans-serif; font-size: small;\"><span style=\"color: #ffffff;\"><span lang=\"es-AR\"><b>DESTINO<\/b><\/span><\/span><\/span><\/p>\n<\/td>\n<td bgcolor=\"#00b0f0\" width=\"179\">\n<p class=\"x_m_4242611249588654868gmail-western\" align=\"CENTER\"><span style=\"font-family: Verdana, sans-serif; font-size: small;\"><span style=\"color: #ffffff;\"><span lang=\"es-AR\"><b>MONTO<\/b><\/span><\/span><\/span><\/p>\n<\/td>\n<\/tr>\n<tr>\n<td width=\"179\" height=\"30\">\n<p class=\"x_m_4242611249588654868gmail-western\"><span style=\"font-family: Verdana, sans-serif; font-size: small;\"><span lang=\"es-AR\">Huanqueros<\/span><\/span><\/p>\n<\/td>\n<td width=\"180\">\n<p class=\"x_m_4242611249588654868gmail-western\"><span style=\"font-family: Verdana, sans-serif; font-size: small;\"><span lang=\"es-AR\">Adquisici\u00f3n Cami\u00f3n usado con Caja Volcadora\u00a0<\/span><span lang=\"es-AR\">(Saldo 2016-2017-2018)<\/span><\/span><\/p>\n<\/td>\n<td width=\"179\">\n<p class=\"x_m_4242611249588654868gmail-western\" align=\"CENTER\"><span style=\"font-family: Verdana, sans-serif; font-size: small;\"><span lang=\"es-AR\">$1.240.011,84<\/span><\/span><\/p>\n<\/td>\n<\/tr>\n<tr>\n<td width=\"179\" height=\"32\">\n<p class=\"x_m_4242611249588654868gmail-western\"><span style=\"font-family: Verdana, sans-serif; font-size: small;\"><span lang=\"es-AR\">Hersilia<\/span><\/span><\/p>\n<\/td>\n<td width=\"180\">\n<p class=\"x_m_4242611249588654868gmail-western\"><span style=\"font-family: Verdana, sans-serif; font-size: small;\"><span lang=\"es-AR\">Construcci\u00f3n cord\u00f3n cuneta, badenes y cantero central<\/span><\/span><\/p>\n<\/td>\n<td width=\"179\">\n<p class=\"x_m_4242611249588654868gmail-western\" align=\"CENTER\"><span style=\"font-family: Verdana, sans-serif; font-size: small;\"><span lang=\"es-AR\">$ 724.622,93<\/span><\/span><\/p>\n<\/td>\n<\/tr>\n<tr>\n<td width=\"179\" height=\"32\">\n<p class=\"x_m_4242611249588654868gmail-western\"><span style=\"font-family: Verdana, sans-serif; font-size: small;\"><span lang=\"es-AR\">Monigotes<\/span><\/span><\/p>\n<\/td>\n<td width=\"180\">\n<p class=\"x_m_4242611249588654868gmail-western\"><span style=\"font-family: Verdana, sans-serif; font-size: small;\"><span lang=\"es-AR\">Adquisici\u00f3n Rolo vial y rastra<\/span><\/span><\/p>\n<\/td>\n<td width=\"179\">\n<p class=\"x_m_4242611249588654868gmail-western\" align=\"CENTER\"><span style=\"font-family: Verdana, sans-serif; font-size: small;\"><span lang=\"es-AR\">$ 471.422,00<\/span><\/span><\/p>\n<\/td>\n<\/tr>\n<tr>\n<td colspan=\"2\" width=\"373\" height=\"31\">\n<p class=\"x_m_4242611249588654868gmail-western\" align=\"RIGHT\"><span style=\"font-family: Verdana, sans-serif; font-size: small;\"><span lang=\"es-AR\">TOTAL<\/span><\/span><\/p>\n<\/td>\n<td width=\"179\">\n<p class=\"x_m_4242611249588654868gmail-western\" align=\"CENTER\"><span style=\"font-family: Verdana, sans-serif; font-size: small;\"><span lang=\"es-AR\"><b>$2.436.056,77<\/b><\/span><\/span><\/p>\n<\/td>\n<\/tr>\n<\/tbody>\n<\/table>\n<p class=\"x_m_4242611249588654868gmail-western\" align=\"JUSTIFY\"><span style=\"color: #000000; font-size: small;\"><span style=\"font-family: Verdana, sans-serif;\"><u><b>Importancia del Fondo de\u00a0Obras<\/b><\/u><u>\u00a0<\/u><u><b>Menores<\/b><\/u><\/span><\/span><\/p>\n<p class=\"x_m_4242611249588654868gmail-western\" align=\"JUSTIFY\"><span style=\"font-family: Verdana, sans-serif; font-size: small;\">El senador Michlig destac\u00f3 \u201cla\u00a0<b>importancia del Fondo de\u00a0Obras<\/b>\u00a0<b>Menores, que permite el desarrollo de nuestras comunidades<\/b>\u00a0a trav\u00e9s de respuestas inmediatas y concretas a las necesidades de la poblaci\u00f3n ya que el mismo fue establecido para que los municipios de segunda categor\u00eda y las comunas pueden solicitar recursos para la construcci\u00f3n de\u00a0obras\u00a0y la adquisici\u00f3n de equipamiento y rodados\u201d.<\/span><\/p>\n<p class=\"x_m_4242611249588654868gmail-western\" align=\"JUSTIFY\"><span style=\"font-size: small;\">\u201c<span style=\"font-family: Verdana, sans-serif;\">Este fondo ha sido revalorizado por el gobierno provincial en consonancia con la decisi\u00f3n pol\u00edtica de acompa\u00f1ar y respaldar econ\u00f3micamente a los gobiernos locales. Mediante este trabajo conjunto, se llevan adelante\u00a0obras\u00a0de infraestructura, redes cloacales, alumbrado p\u00fablico, reparaciones de edificios p\u00fablicos y adquisici\u00f3n de maquinarias y veh\u00edculos\u201d.<\/span><\/span><\/p>\n","protected":false},"excerpt":{"rendered":"<p>El Senador provincial Felipe Michlig, inform\u00f3 que en el d\u00eda de la fecha, la Comisi\u00f3n&#8230;<\/p>\n","protected":false},"author":3,"featured_media":6456,"comment_status":"closed","ping_status":"closed","sticky":false,"template":"","format":"standard","meta":{"footnotes":""},"categories":[1,3],"tags":[],"class_list":["post-6455","post","type-post","status-publish","format-standard","has-post-thumbnail","hentry","category-uncategorized","category-noticias"],"featured_image_urls":{"full":["https:\/\/fmamiga909.com.ar\/wp-content\/uploads\/2018\/07\/OMENORES.jpg",870,522,false],"thumbnail":["https:\/\/fmamiga909.com.ar\/wp-content\/uploads\/2018\/07\/OMENORES-150x150.jpg",150,150,true],"medium":["https:\/\/fmamiga909.com.ar\/wp-content\/uploads\/2018\/07\/OMENORES-300x180.jpg",300,180,true],"medium_large":["https:\/\/fmamiga909.com.ar\/wp-content\/uploads\/2018\/07\/OMENORES.jpg",870,522,false],"large":["https:\/\/fmamiga909.com.ar\/wp-content\/uploads\/2018\/07\/OMENORES.jpg",640,384,false],"1536x1536":["https:\/\/fmamiga909.com.ar\/wp-content\/uploads\/2018\/07\/OMENORES.jpg",870,522,false],"2048x2048":["https:\/\/fmamiga909.com.ar\/wp-content\/uploads\/2018\/07\/OMENORES.jpg",870,522,false],"newsium-slider-full":["https:\/\/fmamiga909.com.ar\/wp-content\/uploads\/2018\/07\/OMENORES.jpg",870,522,false],"newsium-featured":["https:\/\/fmamiga909.com.ar\/wp-content\/uploads\/2018\/07\/OMENORES.jpg",870,522,false],"newsium-medium":["https:\/\/fmamiga909.com.ar\/wp-content\/uploads\/2018\/07\/OMENORES.jpg",720,432,false]},"author_info":{"display_name":"Fredy Giuliano","author_link":"https:\/\/fmamiga909.com.ar\/?author=3"},"category_info":"<a href=\"https:\/\/fmamiga909.com.ar\/?cat=1\" rel=\"category\">La radio<\/a> <a href=\"https:\/\/fmamiga909.com.ar\/?cat=3\" rel=\"category\">Noticias<\/a>","tag_info":"Noticias","comment_count":"0","_links":{"self":[{"href":"https:\/\/fmamiga909.com.ar\/index.php?rest_route=\/wp\/v2\/posts\/6455","targetHints":{"allow":["GET"]}}],"collection":[{"href":"https:\/\/fmamiga909.com.ar\/index.php?rest_route=\/wp\/v2\/posts"}],"about":[{"href":"https:\/\/fmamiga909.com.ar\/index.php?rest_route=\/wp\/v2\/types\/post"}],"author":[{"embeddable":true,"href":"https:\/\/fmamiga909.com.ar\/index.php?rest_route=\/wp\/v2\/users\/3"}],"replies":[{"embeddable":true,"href":"https:\/\/fmamiga909.com.ar\/index.php?rest_route=%2Fwp%2Fv2%2Fcomments&post=6455"}],"version-history":[{"count":1,"href":"https:\/\/fmamiga909.com.ar\/index.php?rest_route=\/wp\/v2\/posts\/6455\/revisions"}],"predecessor-version":[{"id":6457,"href":"https:\/\/fmamiga909.com.ar\/index.php?rest_route=\/wp\/v2\/posts\/6455\/revisions\/6457"}],"wp:featuredmedia":[{"embeddable":true,"href":"https:\/\/fmamiga909.com.ar\/index.php?rest_route=\/wp\/v2\/media\/6456"}],"wp:attachment":[{"href":"https:\/\/fmamiga909.com.ar\/index.php?rest_route=%2Fwp%2Fv2%2Fmedia&parent=6455"}],"wp:term":[{"taxonomy":"category","embeddable":true,"href":"https:\/\/fmamiga909.com.ar\/index.php?rest_route=%2Fwp%2Fv2%2Fcategories&post=6455"},{"taxonomy":"post_tag","embeddable":true,"href":"https:\/\/fmamiga909.com.ar\/index.php?rest_route=%2Fwp%2Fv2%2Ftags&post=6455"}],"curies":[{"name":"wp","href":"https:\/\/api.w.org\/{rel}","templated":true}]}}