{"id":6502,"date":"2018-08-06T22:48:38","date_gmt":"2018-08-06T22:48:38","guid":{"rendered":"http:\/\/fmamiga909.com.ar\/?p=6502"},"modified":"2018-08-06T22:48:38","modified_gmt":"2018-08-06T22:48:38","slug":"se-viene-el-dia-del-nino","status":"publish","type":"post","link":"https:\/\/fmamiga909.com.ar\/?p=6502","title":{"rendered":"SE VIENE EL D\u00cdA DEL NI\u00d1O"},"content":{"rendered":"<p>La Comisi\u00f3n de cultura de Hersilia Organiza este domingo 12 de agosto los festejos del D\u00eda del Ni\u00f1o. El evento se desarrollar\u00e1 en la Plaza San Mart\u00edn y el predio de la Estaci\u00f3n de Trenes sobre avda col\u00f3n.<\/p>\n<p>Los ni\u00f1os podr\u00e1n disfrutar de castillos, camas el\u00e1sticas, juegos y del tradicional chocolate y golosinas. Todo dar\u00e1 comienzo a partir de las 14 hs y les recordamos a los papis que sus hijos lleven la tacita para el chocolate, no olvidarse&#8230;LOS ESPERAMOS!!!<\/p>\n","protected":false},"excerpt":{"rendered":"<p>La Comisi\u00f3n de cultura de Hersilia Organiza este domingo 12 de agosto los festejos del&#8230;<\/p>\n","protected":false},"author":3,"featured_media":6503,"comment_status":"closed","ping_status":"closed","sticky":false,"template":"","format":"standard","meta":{"footnotes":""},"categories":[1,3],"tags":[],"class_list":["post-6502","post","type-post","status-publish","format-standard","has-post-thumbnail","hentry","category-uncategorized","category-noticias"],"featured_image_urls":{"full":["https:\/\/fmamiga909.com.ar\/wp-content\/uploads\/2018\/08\/DIA-DEL-NI\u00d1O.jpg",650,250,false],"thumbnail":["https:\/\/fmamiga909.com.ar\/wp-content\/uploads\/2018\/08\/DIA-DEL-NI\u00d1O-150x150.jpg",150,150,true],"medium":["https:\/\/fmamiga909.com.ar\/wp-content\/uploads\/2018\/08\/DIA-DEL-NI\u00d1O-300x115.jpg",300,115,true],"medium_large":["https:\/\/fmamiga909.com.ar\/wp-content\/uploads\/2018\/08\/DIA-DEL-NI\u00d1O.jpg",650,250,false],"large":["https:\/\/fmamiga909.com.ar\/wp-content\/uploads\/2018\/08\/DIA-DEL-NI\u00d1O.jpg",640,246,false],"1536x1536":["https:\/\/fmamiga909.com.ar\/wp-content\/uploads\/2018\/08\/DIA-DEL-NI\u00d1O.jpg",650,250,false],"2048x2048":["https:\/\/fmamiga909.com.ar\/wp-content\/uploads\/2018\/08\/DIA-DEL-NI\u00d1O.jpg",650,250,false],"newsium-slider-full":["https:\/\/fmamiga909.com.ar\/wp-content\/uploads\/2018\/08\/DIA-DEL-NI\u00d1O.jpg",650,250,false],"newsium-featured":["https:\/\/fmamiga909.com.ar\/wp-content\/uploads\/2018\/08\/DIA-DEL-NI\u00d1O.jpg",650,250,false],"newsium-medium":["https:\/\/fmamiga909.com.ar\/wp-content\/uploads\/2018\/08\/DIA-DEL-NI\u00d1O.jpg",650,250,false]},"author_info":{"display_name":"Fredy Giuliano","author_link":"https:\/\/fmamiga909.com.ar\/?author=3"},"category_info":"<a href=\"https:\/\/fmamiga909.com.ar\/?cat=1\" rel=\"category\">La radio<\/a> <a href=\"https:\/\/fmamiga909.com.ar\/?cat=3\" rel=\"category\">Noticias<\/a>","tag_info":"Noticias","comment_count":"0","_links":{"self":[{"href":"https:\/\/fmamiga909.com.ar\/index.php?rest_route=\/wp\/v2\/posts\/6502","targetHints":{"allow":["GET"]}}],"collection":[{"href":"https:\/\/fmamiga909.com.ar\/index.php?rest_route=\/wp\/v2\/posts"}],"about":[{"href":"https:\/\/fmamiga909.com.ar\/index.php?rest_route=\/wp\/v2\/types\/post"}],"author":[{"embeddable":true,"href":"https:\/\/fmamiga909.com.ar\/index.php?rest_route=\/wp\/v2\/users\/3"}],"replies":[{"embeddable":true,"href":"https:\/\/fmamiga909.com.ar\/index.php?rest_route=%2Fwp%2Fv2%2Fcomments&post=6502"}],"version-history":[{"count":1,"href":"https:\/\/fmamiga909.com.ar\/index.php?rest_route=\/wp\/v2\/posts\/6502\/revisions"}],"predecessor-version":[{"id":6504,"href":"https:\/\/fmamiga909.com.ar\/index.php?rest_route=\/wp\/v2\/posts\/6502\/revisions\/6504"}],"wp:featuredmedia":[{"embeddable":true,"href":"https:\/\/fmamiga909.com.ar\/index.php?rest_route=\/wp\/v2\/media\/6503"}],"wp:attachment":[{"href":"https:\/\/fmamiga909.com.ar\/index.php?rest_route=%2Fwp%2Fv2%2Fmedia&parent=6502"}],"wp:term":[{"taxonomy":"category","embeddable":true,"href":"https:\/\/fmamiga909.com.ar\/index.php?rest_route=%2Fwp%2Fv2%2Fcategories&post=6502"},{"taxonomy":"post_tag","embeddable":true,"href":"https:\/\/fmamiga909.com.ar\/index.php?rest_route=%2Fwp%2Fv2%2Ftags&post=6502"}],"curies":[{"name":"wp","href":"https:\/\/api.w.org\/{rel}","templated":true}]}}