{"id":6531,"date":"2018-08-10T21:16:34","date_gmt":"2018-08-10T21:16:34","guid":{"rendered":"http:\/\/fmamiga909.com.ar\/?p=6531"},"modified":"2018-08-10T21:16:34","modified_gmt":"2018-08-10T21:16:34","slug":"el-ministerio-de-seguridad-toma-medidas-urgentes-y-extremas","status":"publish","type":"post","link":"https:\/\/fmamiga909.com.ar\/?p=6531","title":{"rendered":"El Ministerio de Seguridad toma medidas \u00aburgentes y extremas\u00bb"},"content":{"rendered":"<p>El Ministerio de Seguridad de la provincia emiti\u00f3 una resoluci\u00f3n este jueves, ante la \u201cimperiosa necesidad de disponer una serie de medidas urgentes y extremas, a partir de acontecimientos delictivos sucedidos en la ciudad de Rosario, que consistieron concretamente en balaceras contra distintos inmuebles asociados a magistrados intervinientes en el juzgamiento de la banda Los Monos\u201d, seg\u00fan puede leerse en el documento.<\/p>\n<p>Entre sus puntos m\u00e1s importante, la cartera que encabeza Maximiliano Pullaro, dispuso\u00a0<span class=\"resaltado\">suspender el otorgamiento de licencias ordinarias, extraordinarias y\/o excepcionales al personal policial. Igual suerte correr\u00e1n los permisos<\/span>, salvo en caso de mujeres embarazadas o que est\u00e9n amamantando.<\/p>\n<p>Por otra parte,\u00a0<span class=\"resaltado\">instruye a los jefes para que utilicen la m\u00ednima cantidad posible de empleados para tareas administrativas y as\u00ed poder cubrir mejor los turnos en las calles<\/span>.<\/p>\n<p>Asimismo,\u00a0<span class=\"resaltado\">prohibe a los uniformados la utilizaci\u00f3n de tel\u00e9fonos celulares y otros dispositivos electr\u00f3nicos<\/span>\u00a0y establece la \u201cestricta aplicaci\u00f3n de las normas disciplinarias vigentes, tanto para el personal que haya incurrido en el incumplimiento de las medidas que se adoptan mediante la presente resoluci\u00f3n como al jefe a cargo de la dependencia en la cual presta servicios\u201d.<\/p>\n<p>&nbsp;<\/p>\n<p>Tambi\u00e9n ordena a la Jefatura de Polic\u00eda de la provincia que conforme un Comit\u00e9 de Crisis para evaluar la marcha de las medidas.<\/p>\n<p><strong>Redacci\u00f3n El Litoral<\/strong><\/p>\n","protected":false},"excerpt":{"rendered":"<p>El Ministerio de Seguridad de la provincia emiti\u00f3 una resoluci\u00f3n este jueves, ante la \u201cimperiosa&#8230;<\/p>\n","protected":false},"author":3,"featured_media":6532,"comment_status":"closed","ping_status":"closed","sticky":false,"template":"","format":"standard","meta":{"footnotes":""},"categories":[1,3],"tags":[],"class_list":["post-6531","post","type-post","status-publish","format-standard","has-post-thumbnail","hentry","category-uncategorized","category-noticias"],"featured_image_urls":{"full":["https:\/\/fmamiga909.com.ar\/wp-content\/uploads\/2018\/08\/Pullaro.jpg",1200,800,false],"thumbnail":["https:\/\/fmamiga909.com.ar\/wp-content\/uploads\/2018\/08\/Pullaro-150x150.jpg",150,150,true],"medium":["https:\/\/fmamiga909.com.ar\/wp-content\/uploads\/2018\/08\/Pullaro-300x200.jpg",300,200,true],"medium_large":["https:\/\/fmamiga909.com.ar\/wp-content\/uploads\/2018\/08\/Pullaro.jpg",1200,800,false],"large":["https:\/\/fmamiga909.com.ar\/wp-content\/uploads\/2018\/08\/Pullaro-1024x683.jpg",640,427,true],"1536x1536":["https:\/\/fmamiga909.com.ar\/wp-content\/uploads\/2018\/08\/Pullaro.jpg",1200,800,false],"2048x2048":["https:\/\/fmamiga909.com.ar\/wp-content\/uploads\/2018\/08\/Pullaro.jpg",1200,800,false],"newsium-slider-full":["https:\/\/fmamiga909.com.ar\/wp-content\/uploads\/2018\/08\/Pullaro.jpg",1200,800,false],"newsium-featured":["https:\/\/fmamiga909.com.ar\/wp-content\/uploads\/2018\/08\/Pullaro.jpg",1024,683,false],"newsium-medium":["https:\/\/fmamiga909.com.ar\/wp-content\/uploads\/2018\/08\/Pullaro.jpg",713,475,false]},"author_info":{"display_name":"Fredy Giuliano","author_link":"https:\/\/fmamiga909.com.ar\/?author=3"},"category_info":"<a href=\"https:\/\/fmamiga909.com.ar\/?cat=1\" rel=\"category\">La radio<\/a> <a href=\"https:\/\/fmamiga909.com.ar\/?cat=3\" rel=\"category\">Noticias<\/a>","tag_info":"Noticias","comment_count":"0","_links":{"self":[{"href":"https:\/\/fmamiga909.com.ar\/index.php?rest_route=\/wp\/v2\/posts\/6531","targetHints":{"allow":["GET"]}}],"collection":[{"href":"https:\/\/fmamiga909.com.ar\/index.php?rest_route=\/wp\/v2\/posts"}],"about":[{"href":"https:\/\/fmamiga909.com.ar\/index.php?rest_route=\/wp\/v2\/types\/post"}],"author":[{"embeddable":true,"href":"https:\/\/fmamiga909.com.ar\/index.php?rest_route=\/wp\/v2\/users\/3"}],"replies":[{"embeddable":true,"href":"https:\/\/fmamiga909.com.ar\/index.php?rest_route=%2Fwp%2Fv2%2Fcomments&post=6531"}],"version-history":[{"count":1,"href":"https:\/\/fmamiga909.com.ar\/index.php?rest_route=\/wp\/v2\/posts\/6531\/revisions"}],"predecessor-version":[{"id":6533,"href":"https:\/\/fmamiga909.com.ar\/index.php?rest_route=\/wp\/v2\/posts\/6531\/revisions\/6533"}],"wp:featuredmedia":[{"embeddable":true,"href":"https:\/\/fmamiga909.com.ar\/index.php?rest_route=\/wp\/v2\/media\/6532"}],"wp:attachment":[{"href":"https:\/\/fmamiga909.com.ar\/index.php?rest_route=%2Fwp%2Fv2%2Fmedia&parent=6531"}],"wp:term":[{"taxonomy":"category","embeddable":true,"href":"https:\/\/fmamiga909.com.ar\/index.php?rest_route=%2Fwp%2Fv2%2Fcategories&post=6531"},{"taxonomy":"post_tag","embeddable":true,"href":"https:\/\/fmamiga909.com.ar\/index.php?rest_route=%2Fwp%2Fv2%2Ftags&post=6531"}],"curies":[{"name":"wp","href":"https:\/\/api.w.org\/{rel}","templated":true}]}}