{"id":6792,"date":"2018-09-11T02:33:47","date_gmt":"2018-09-11T02:33:47","guid":{"rendered":"http:\/\/fmamiga909.com.ar\/?p=6792"},"modified":"2018-09-11T02:52:01","modified_gmt":"2018-09-11T02:52:01","slug":"visitamos-la-de-jornada-completa-escuela-no-6125","status":"publish","type":"post","link":"https:\/\/fmamiga909.com.ar\/?p=6792","title":{"rendered":"Visitamos la Escuela de Jornada Completa  N\u00ba 6125"},"content":{"rendered":"<p>Visitamos la Escuela de Jornada Completa N\u00ba 6125 Gobernaci\u00f3n de R\u00edo Negro y fuimos recibidos por su directora Patricia Franco quien dio detalles sobre el funcionamiento de la instituci\u00f3n. La escuela cuenta con una matr\u00edcula de 233 alumnos que, adem\u00e1s de\u00a0 recibir educaci\u00f3n, desayunan, almuerzan y meriendan.<\/p>\n<p>Se form\u00f3 la Cooperadora escolar con padres de alumnos quien tiene como presidente a Alcides Nicolau, Tesorero Mauricio Rosso y dem\u00e1s colaboradores que trabajan constantemente para llevar adelante proyectos y concretar tareas de embellecimiento de la escuela.<\/p>\n<p>Aparte de las tareas diarias, ahora los alumnos comenzaron a trabajar en la huerta realizando tareas de siembra, riego etc en verduras que despu\u00e9s se utilizan en la cocina.<\/p>\n<p><a href=\"https:\/\/fmamiga909.com.ar\/?attachment_id=6795\" rel=\"attachment wp-att-6795\"><img loading=\"lazy\" decoding=\"async\" class=\"aligncenter size-medium wp-image-6795\" src=\"https:\/\/fmamiga909.com.ar\/wp-content\/uploads\/2018\/09\/20180910_121319-300x225.jpg\" alt=\"\" width=\"300\" height=\"225\" srcset=\"https:\/\/fmamiga909.com.ar\/wp-content\/uploads\/2018\/09\/20180910_121319-300x225.jpg 300w, https:\/\/fmamiga909.com.ar\/wp-content\/uploads\/2018\/09\/20180910_121319-1024x768.jpg 1024w, https:\/\/fmamiga909.com.ar\/wp-content\/uploads\/2018\/09\/20180910_121319-259x194.jpg 259w, https:\/\/fmamiga909.com.ar\/wp-content\/uploads\/2018\/09\/20180910_121319-950x713.jpg 950w\" sizes=\"auto, (max-width: 300px) 100vw, 300px\" \/><\/a><\/p>\n<p><a href=\"https:\/\/fmamiga909.com.ar\/?attachment_id=6796\" rel=\"attachment wp-att-6796\"><img loading=\"lazy\" decoding=\"async\" class=\"aligncenter size-medium wp-image-6796\" src=\"https:\/\/fmamiga909.com.ar\/wp-content\/uploads\/2018\/09\/20180910_121632_Moment-300x169.jpg\" alt=\"\" width=\"300\" height=\"169\" srcset=\"https:\/\/fmamiga909.com.ar\/wp-content\/uploads\/2018\/09\/20180910_121632_Moment-300x169.jpg 300w, https:\/\/fmamiga909.com.ar\/wp-content\/uploads\/2018\/09\/20180910_121632_Moment-1024x576.jpg 1024w, https:\/\/fmamiga909.com.ar\/wp-content\/uploads\/2018\/09\/20180910_121632_Moment-950x534.jpg 950w, https:\/\/fmamiga909.com.ar\/wp-content\/uploads\/2018\/09\/20180910_121632_Moment.jpg 1920w\" sizes=\"auto, (max-width: 300px) 100vw, 300px\" \/><\/a><\/p>\n<p><a href=\"https:\/\/fmamiga909.com.ar\/?attachment_id=6797\" rel=\"attachment wp-att-6797\"><img loading=\"lazy\" decoding=\"async\" class=\"aligncenter size-medium wp-image-6797\" src=\"https:\/\/fmamiga909.com.ar\/wp-content\/uploads\/2018\/09\/20180910_121808-300x225.jpg\" alt=\"\" width=\"300\" height=\"225\" srcset=\"https:\/\/fmamiga909.com.ar\/wp-content\/uploads\/2018\/09\/20180910_121808-300x225.jpg 300w, https:\/\/fmamiga909.com.ar\/wp-content\/uploads\/2018\/09\/20180910_121808-1024x768.jpg 1024w, https:\/\/fmamiga909.com.ar\/wp-content\/uploads\/2018\/09\/20180910_121808-259x194.jpg 259w, https:\/\/fmamiga909.com.ar\/wp-content\/uploads\/2018\/09\/20180910_121808-950x713.jpg 950w\" sizes=\"auto, (max-width: 300px) 100vw, 300px\" \/><\/a><\/p>\n<p>&nbsp;<\/p>\n","protected":false},"excerpt":{"rendered":"<p>Visitamos la Escuela de Jornada Completa N\u00ba 6125 Gobernaci\u00f3n de R\u00edo Negro y fuimos recibidos&#8230;<\/p>\n","protected":false},"author":3,"featured_media":6793,"comment_status":"closed","ping_status":"closed","sticky":false,"template":"","format":"standard","meta":{"footnotes":""},"categories":[1,3],"tags":[],"class_list":["post-6792","post","type-post","status-publish","format-standard","has-post-thumbnail","hentry","category-uncategorized","category-noticias"],"featured_image_urls":{"full":["https:\/\/fmamiga909.com.ar\/wp-content\/uploads\/2018\/09\/20180910_121320.jpg",4128,3096,false],"thumbnail":["https:\/\/fmamiga909.com.ar\/wp-content\/uploads\/2018\/09\/20180910_121320-150x150.jpg",150,150,true],"medium":["https:\/\/fmamiga909.com.ar\/wp-content\/uploads\/2018\/09\/20180910_121320-300x225.jpg",300,225,true],"medium_large":["https:\/\/fmamiga909.com.ar\/wp-content\/uploads\/2018\/09\/20180910_121320.jpg",4128,3096,false],"large":["https:\/\/fmamiga909.com.ar\/wp-content\/uploads\/2018\/09\/20180910_121320-1024x768.jpg",640,480,true],"1536x1536":["https:\/\/fmamiga909.com.ar\/wp-content\/uploads\/2018\/09\/20180910_121320.jpg",1536,1152,false],"2048x2048":["https:\/\/fmamiga909.com.ar\/wp-content\/uploads\/2018\/09\/20180910_121320.jpg",2048,1536,false],"newsium-slider-full":["https:\/\/fmamiga909.com.ar\/wp-content\/uploads\/2018\/09\/20180910_121320.jpg",1127,845,false],"newsium-featured":["https:\/\/fmamiga909.com.ar\/wp-content\/uploads\/2018\/09\/20180910_121320.jpg",1024,768,false],"newsium-medium":["https:\/\/fmamiga909.com.ar\/wp-content\/uploads\/2018\/09\/20180910_121320.jpg",633,475,false]},"author_info":{"display_name":"Fredy Giuliano","author_link":"https:\/\/fmamiga909.com.ar\/?author=3"},"category_info":"<a href=\"https:\/\/fmamiga909.com.ar\/?cat=1\" rel=\"category\">La radio<\/a> <a href=\"https:\/\/fmamiga909.com.ar\/?cat=3\" rel=\"category\">Noticias<\/a>","tag_info":"Noticias","comment_count":"0","_links":{"self":[{"href":"https:\/\/fmamiga909.com.ar\/index.php?rest_route=\/wp\/v2\/posts\/6792","targetHints":{"allow":["GET"]}}],"collection":[{"href":"https:\/\/fmamiga909.com.ar\/index.php?rest_route=\/wp\/v2\/posts"}],"about":[{"href":"https:\/\/fmamiga909.com.ar\/index.php?rest_route=\/wp\/v2\/types\/post"}],"author":[{"embeddable":true,"href":"https:\/\/fmamiga909.com.ar\/index.php?rest_route=\/wp\/v2\/users\/3"}],"replies":[{"embeddable":true,"href":"https:\/\/fmamiga909.com.ar\/index.php?rest_route=%2Fwp%2Fv2%2Fcomments&post=6792"}],"version-history":[{"count":3,"href":"https:\/\/fmamiga909.com.ar\/index.php?rest_route=\/wp\/v2\/posts\/6792\/revisions"}],"predecessor-version":[{"id":6799,"href":"https:\/\/fmamiga909.com.ar\/index.php?rest_route=\/wp\/v2\/posts\/6792\/revisions\/6799"}],"wp:featuredmedia":[{"embeddable":true,"href":"https:\/\/fmamiga909.com.ar\/index.php?rest_route=\/wp\/v2\/media\/6793"}],"wp:attachment":[{"href":"https:\/\/fmamiga909.com.ar\/index.php?rest_route=%2Fwp%2Fv2%2Fmedia&parent=6792"}],"wp:term":[{"taxonomy":"category","embeddable":true,"href":"https:\/\/fmamiga909.com.ar\/index.php?rest_route=%2Fwp%2Fv2%2Fcategories&post=6792"},{"taxonomy":"post_tag","embeddable":true,"href":"https:\/\/fmamiga909.com.ar\/index.php?rest_route=%2Fwp%2Fv2%2Ftags&post=6792"}],"curies":[{"name":"wp","href":"https:\/\/api.w.org\/{rel}","templated":true}]}}