{"id":6811,"date":"2018-09-27T13:08:16","date_gmt":"2018-09-27T13:08:16","guid":{"rendered":"http:\/\/fmamiga909.com.ar\/?p=6811"},"modified":"2018-09-27T13:08:16","modified_gmt":"2018-09-27T13:08:16","slug":"el-festival-de-jesus-maria-se-abrio-de-la-grilla-provincial","status":"publish","type":"post","link":"https:\/\/fmamiga909.com.ar\/?p=6811","title":{"rendered":"El Festival de Jes\u00fas Mar\u00eda se abri\u00f3 de la grilla provincial"},"content":{"rendered":"<p>El Festival de Jes\u00fas Mar\u00eda anunci\u00f3 que su 54\u00aa edici\u00f3n se realizar\u00e1 del 11 al 21 de enero y no durante la primera semana del mes, como sol\u00eda ser, de acuerdo al calendario que organiza la Agencia C\u00f3rdoba Turismo.<\/p>\n<p>Al respecto, el presidente del organismo, Julio Ba\u00f1uelos, dijo a\u00a0<strong>Cadena 3<\/strong>\u00a0que \u00abhab\u00eda una mesa de trabajo para acomodar una grilla que sirva a todos y Jes\u00fas Mar\u00eda, en la segunda reuni\u00f3n, no vino m\u00e1s\u00bb. \u00abNos enteramos por redes sociales su decisi\u00f3n para cambiar de fecha\u00bb, explic\u00f3.<\/p>\n<p>No obstante, asegur\u00f3 que \u00abC\u00f3rdoba tiene much\u00edsimas opciones\u00bb y que ahora est\u00e1n delineando estrategias para completar la grilla de esos d\u00edas.<\/p>\n<p>\u00abHay muchos municipios que tienen propuestas que vamos a potenciar para esos d\u00edas. Estamos trabajando para cambiar la estrategia de la primera quincena (de enero)\u00bb, asegur\u00f3.<\/p>\n<p>\u00abCada uno trabaja en lo suyo. Nosotros buscamos cambiar de estrategia desde que nos enteramos. Estamos buscando varias l\u00edneas de trabajo\u00bb, expres\u00f3.<\/p>\n<p>En esta l\u00ednea, record\u00f3 que esa zona del norte de C\u00f3rdoba \u00abse llena mucho\u00bb, pero indic\u00f3 que ese valle \u00abno tiene influencia sobre el resto de los valles\u00bb.<\/p>\n<p>\u00abSeguramente, nos posicionaremos en las obras de teatro de Carlos Paz o en la propia provincia. Es un cambio de estrategia\u00bb, adelant\u00f3.<\/p>\n","protected":false},"excerpt":{"rendered":"<p>El Festival de Jes\u00fas Mar\u00eda anunci\u00f3 que su 54\u00aa edici\u00f3n se realizar\u00e1 del 11 al&#8230;<\/p>\n","protected":false},"author":3,"featured_media":6812,"comment_status":"closed","ping_status":"closed","sticky":false,"template":"","format":"standard","meta":{"footnotes":""},"categories":[1,3],"tags":[],"class_list":["post-6811","post","type-post","status-publish","format-standard","has-post-thumbnail","hentry","category-uncategorized","category-noticias"],"featured_image_urls":{"full":["https:\/\/fmamiga909.com.ar\/wp-content\/uploads\/2018\/09\/Jesus-Maria.jpg",1008,566,false],"thumbnail":["https:\/\/fmamiga909.com.ar\/wp-content\/uploads\/2018\/09\/Jesus-Maria-150x150.jpg",150,150,true],"medium":["https:\/\/fmamiga909.com.ar\/wp-content\/uploads\/2018\/09\/Jesus-Maria-300x168.jpg",300,168,true],"medium_large":["https:\/\/fmamiga909.com.ar\/wp-content\/uploads\/2018\/09\/Jesus-Maria.jpg",1008,566,false],"large":["https:\/\/fmamiga909.com.ar\/wp-content\/uploads\/2018\/09\/Jesus-Maria.jpg",640,359,false],"1536x1536":["https:\/\/fmamiga909.com.ar\/wp-content\/uploads\/2018\/09\/Jesus-Maria.jpg",1008,566,false],"2048x2048":["https:\/\/fmamiga909.com.ar\/wp-content\/uploads\/2018\/09\/Jesus-Maria.jpg",1008,566,false],"newsium-slider-full":["https:\/\/fmamiga909.com.ar\/wp-content\/uploads\/2018\/09\/Jesus-Maria.jpg",1008,566,false],"newsium-featured":["https:\/\/fmamiga909.com.ar\/wp-content\/uploads\/2018\/09\/Jesus-Maria.jpg",1008,566,false],"newsium-medium":["https:\/\/fmamiga909.com.ar\/wp-content\/uploads\/2018\/09\/Jesus-Maria.jpg",720,404,false]},"author_info":{"display_name":"Fredy Giuliano","author_link":"https:\/\/fmamiga909.com.ar\/?author=3"},"category_info":"<a href=\"https:\/\/fmamiga909.com.ar\/?cat=1\" rel=\"category\">La radio<\/a> <a href=\"https:\/\/fmamiga909.com.ar\/?cat=3\" rel=\"category\">Noticias<\/a>","tag_info":"Noticias","comment_count":"0","_links":{"self":[{"href":"https:\/\/fmamiga909.com.ar\/index.php?rest_route=\/wp\/v2\/posts\/6811","targetHints":{"allow":["GET"]}}],"collection":[{"href":"https:\/\/fmamiga909.com.ar\/index.php?rest_route=\/wp\/v2\/posts"}],"about":[{"href":"https:\/\/fmamiga909.com.ar\/index.php?rest_route=\/wp\/v2\/types\/post"}],"author":[{"embeddable":true,"href":"https:\/\/fmamiga909.com.ar\/index.php?rest_route=\/wp\/v2\/users\/3"}],"replies":[{"embeddable":true,"href":"https:\/\/fmamiga909.com.ar\/index.php?rest_route=%2Fwp%2Fv2%2Fcomments&post=6811"}],"version-history":[{"count":1,"href":"https:\/\/fmamiga909.com.ar\/index.php?rest_route=\/wp\/v2\/posts\/6811\/revisions"}],"predecessor-version":[{"id":6813,"href":"https:\/\/fmamiga909.com.ar\/index.php?rest_route=\/wp\/v2\/posts\/6811\/revisions\/6813"}],"wp:featuredmedia":[{"embeddable":true,"href":"https:\/\/fmamiga909.com.ar\/index.php?rest_route=\/wp\/v2\/media\/6812"}],"wp:attachment":[{"href":"https:\/\/fmamiga909.com.ar\/index.php?rest_route=%2Fwp%2Fv2%2Fmedia&parent=6811"}],"wp:term":[{"taxonomy":"category","embeddable":true,"href":"https:\/\/fmamiga909.com.ar\/index.php?rest_route=%2Fwp%2Fv2%2Fcategories&post=6811"},{"taxonomy":"post_tag","embeddable":true,"href":"https:\/\/fmamiga909.com.ar\/index.php?rest_route=%2Fwp%2Fv2%2Ftags&post=6811"}],"curies":[{"name":"wp","href":"https:\/\/api.w.org\/{rel}","templated":true}]}}