{"id":6814,"date":"2018-09-27T13:12:27","date_gmt":"2018-09-27T13:12:27","guid":{"rendered":"http:\/\/fmamiga909.com.ar\/?p=6814"},"modified":"2018-09-27T13:12:27","modified_gmt":"2018-09-27T13:12:27","slug":"en-casa-de-gobierno-se-presento-la-5-fiesta-de-la-confraternidad-departamental","status":"publish","type":"post","link":"https:\/\/fmamiga909.com.ar\/?p=6814","title":{"rendered":"En Casa de Gobierno se present\u00f3 la 5\u00b0 Fiesta de la Confraternidad Departamental"},"content":{"rendered":"<p><b><u><span style=\"font-size: large;\">En Casa de Gobierno se present\u00f3 la 5\u00b0 Fiesta de la Confraternidad Departamental<\/span><\/u><\/b><\/p>\n<p class=\"x_MsoNormal\">En el Sal\u00f3n Blanco de Casa de Gobierno de la Provincia de Santa Fe se present\u00f3 la 5\u00b0 Fiesta de la Confraternidad Departamental, que tendr\u00e1 lugar el\u00a0<b>pr\u00f3ximo domingo<\/b>\u00a0en el Club de Planeadores de la ciudad de Ceres,\u00a0<b>con entrada libre y gratuita.<\/b>\u00a0En la oportunidad se brindaron todos los detalles organizativos y se confirm\u00f3 la\u00a0<b>actuaci\u00f3n de Los Palmeras, Los Tekis y Ulises Bueno.<\/b><\/p>\n<p class=\"x_MsoNormal\">El acto y posterior conferencia de prensa estuvo encabezado por el Vicegobernador Carlos Fascendini, el Presidente de la C\u00e1mara de Diputados, Antonio Bonfatti; el Ministro de Gobierno, Pablo Far\u00edas; el Senador Felipe Michlig; el Intendente de Ceres, Camilo Busquets; el Diputado Edgardo Martino, y el integrante del Grupo Los Palmeras, Rub\u00e9n Cacho Deicas.<\/p>\n<p class=\"x_MsoNormal\"><b><u>\u201cComo santafesinos nos sentimos orgullosos\u201d<\/u><\/b><\/p>\n<p class=\"x_MsoNormal\">Fascendini luego de trasladar un especial saludo del Gobernador Miguel Lifschitz, -qui\u00e9n se encuentra en el exterior- expres\u00f3 a los presentes que \u201cesta Fiesta traspone los l\u00edmites de Ceres y de la Provincia de Santa Fe, potencia todo el interior productivo. Es una pol\u00edtica de Estado apoyar este tipo de eventos que posibilita el encuentro de la familia, de los ciudadanos, que es inclusiva y que la hacemos entre todos, a\u00fan en momentos dif\u00edciles, por eso\u00a0<b>nos sentimos orgullosos<\/b>\u00a0de que aquella iniciativa del Senador Michlig desde la primera edici\u00f3n haya tomado esta\u00a0<b>dimensi\u00f3n popular y sin grietas\u201d.<\/b><\/p>\n<p class=\"x_MsoNormal\">Bonfatti destac\u00f3 que esta Fiesta\u00a0<b>\u201ces un ejemplo<\/b>\u00a0porque en el presente\u00a0<b>no hay muchos \u00e1mbitos para confraternizar<\/b>, sobre todos en un pa\u00eds convulsionado y malas noticias permanentes que nos llegan de la Naci\u00f3n, aqu\u00ed en Santa Fe podemos ver como a trav\u00e9s de estas propuestas la gente se puede encontrar, estrechar lazos, generar redes, dialogar. Estuve en todas las ediciones hasta al momento y lo que se vive desde lo art\u00edstico y desde lo humano es muy reconfortante\u201d.<\/p>\n<p class=\"x_MsoNormal\"><b><u>\u201cUna jornada de alegr\u00eda y de reencuentro\u201d<\/u><\/b><u><\/u><\/p>\n<p class=\"x_MsoNormal\">El Senador Michlig indic\u00f3 que \u201ctenemos el deseo de que todos puedan concurrir y participar de una jornada de alegr\u00eda y reencuentro, dejando de lado los conflictos y la intolerancia. Es un evento que crece a\u00f1o tras a\u00f1o y en esta edici\u00f3n tenemos expectativas de reunir alrededor de 30 mil personas y va a ser mayor el dinamismo y beneficio que esta fiesta genera en la regi\u00f3n\u201d.<\/p>\n<p class=\"x_MsoNormal\">Tambi\u00e9n el Ministro Far\u00edas resalt\u00f3 el hecho de que \u201ctoda la dirigencia del departamento San Crist\u00f3bal, con el acompa\u00f1amiento de la Provincia, trabaja para el mejor resultado de este evento, sin importar las cuestiones partidarias, pens\u00e1ndose en todos\u201d.<\/p>\n<p class=\"x_MsoNormal\"><b><u>\u201cTodos los a\u00f1os va creciendo\u201d<\/u><\/b><\/p>\n<p class=\"x_MsoNormal\">En tanto el diputado Martino expres\u00f3 que \u201ceste es un desafi\u00f3 colectivo que va creciendo cada a\u00f1o. Los antecedentes de las ediciones anteriores ayudan mucho porque cada a\u00f1o vamos aprendiendo m\u00e1s para que esta Fiesta gigante sea cada vez mejor y no queden detalles librados al azar\u201d.<\/p>\n<p class=\"x_MsoNormal\">Por su parte el Intendente Busquets manifest\u00f3 el \u201cprofundo agradecimiento por haberse elegido a la ciudad de Ceres para esta nueva edici\u00f3n, y estaremos a la altura de las circunstancia para brindarles a todos los que nos visiten las mejores condiciones para que la pasen muy bien\u201d.<\/p>\n<p class=\"x_MsoNormal\"><b><u>Caracter\u00edsticas del Mega evento<\/u><\/b><\/p>\n<p class=\"x_MsoNormal\">La Fiesta de la Confraternidad fue concebida bajo el modo de festival itinerante gratuito para todo p\u00fablico, lo que significa que a\u00f1o tras a\u00f1o el evento se realiza en una localidad distinta, en base al consenso de los gobiernos locales del departamento que conforman la Comisi\u00f3n Organizadora. Los recursos que se generan benefician a las instituciones sociales de cada localidad en la que se realiza, que administran los distintos puestos de ventas.<\/p>\n<p class=\"x_MsoNormal\">Una fiesta que tuvo su primera edici\u00f3n en el a\u00f1o 2014 en la ciudad de San Crist\u00f3bal y que luego celebr\u00f3 sus siguientes ediciones en las localidades de San Guillermo, Arruf\u00f3 y Suardi. En todas las ediciones cont\u00f3 con un marco de p\u00fablico aproximado de 15 a 20 mil personas.<\/p>\n<p class=\"x_MsoNormal\">A lo largo de estos a\u00f1os pasaron por sus escenarios artistas de primer nivel como Jairo, Sergio Galleguillo, Los Tekis, el Paz Mart\u00ednez, el Chaque\u00f1o Palavecino, Sergio Torres, Los Palmeras, Dami\u00e1n C\u00f3rdoba, Soledad, Banda XXI y Pimpinela, entre tantos otros artistas regionales.<\/p>\n<p class=\"x_MsoNormal\"><b><u>Presentes<\/u><\/b><\/p>\n<p class=\"x_MsoNormal\">Tambi\u00e9n participaron del citado acto el Ministro de Obras P\u00fablicas, Pedro Morini, el Sec. de Municipios y Comunas, Carlos Torres, los funcionarios provinciales Alejandra Dupouy, Mar\u00eda Paula Salari y Marcelo Airaldo, los Intendentes de San Crist\u00f3bal, Horacio Rigo y de Suardi, Hugo Boscarol, concejales y\u00a0\u00a0Presidentes Comunales del departamento San Crist\u00f3bal, entre otros.<\/p>\n<p><a href=\"https:\/\/fmamiga909.com.ar\/?attachment_id=6816\" rel=\"attachment wp-att-6816\"><img loading=\"lazy\" decoding=\"async\" class=\"aligncenter size-medium wp-image-6816\" src=\"https:\/\/fmamiga909.com.ar\/wp-content\/uploads\/2018\/09\/confra-sf1-300x184.jpeg\" alt=\"\" width=\"300\" height=\"184\" srcset=\"https:\/\/fmamiga909.com.ar\/wp-content\/uploads\/2018\/09\/confra-sf1-300x184.jpeg 300w, https:\/\/fmamiga909.com.ar\/wp-content\/uploads\/2018\/09\/confra-sf1-1024x626.jpeg 1024w, https:\/\/fmamiga909.com.ar\/wp-content\/uploads\/2018\/09\/confra-sf1-950x581.jpeg 950w, https:\/\/fmamiga909.com.ar\/wp-content\/uploads\/2018\/09\/confra-sf1.jpeg 1280w\" sizes=\"auto, (max-width: 300px) 100vw, 300px\" \/><\/a> <a href=\"https:\/\/fmamiga909.com.ar\/?attachment_id=6817\" rel=\"attachment wp-att-6817\"><img loading=\"lazy\" decoding=\"async\" class=\"aligncenter size-medium wp-image-6817\" src=\"https:\/\/fmamiga909.com.ar\/wp-content\/uploads\/2018\/09\/confra-sf2-300x179.jpeg\" alt=\"\" width=\"300\" height=\"179\" srcset=\"https:\/\/fmamiga909.com.ar\/wp-content\/uploads\/2018\/09\/confra-sf2-300x179.jpeg 300w, https:\/\/fmamiga909.com.ar\/wp-content\/uploads\/2018\/09\/confra-sf2-1024x611.jpeg 1024w, https:\/\/fmamiga909.com.ar\/wp-content\/uploads\/2018\/09\/confra-sf2-950x566.jpeg 950w, https:\/\/fmamiga909.com.ar\/wp-content\/uploads\/2018\/09\/confra-sf2.jpeg 1055w\" sizes=\"auto, (max-width: 300px) 100vw, 300px\" \/><\/a> <a href=\"https:\/\/fmamiga909.com.ar\/?attachment_id=6818\" rel=\"attachment wp-att-6818\"><img loading=\"lazy\" decoding=\"async\" class=\"aligncenter size-medium wp-image-6818\" src=\"https:\/\/fmamiga909.com.ar\/wp-content\/uploads\/2018\/09\/confra-sf3-300x225.jpeg\" alt=\"\" width=\"300\" height=\"225\" srcset=\"https:\/\/fmamiga909.com.ar\/wp-content\/uploads\/2018\/09\/confra-sf3-300x225.jpeg 300w, https:\/\/fmamiga909.com.ar\/wp-content\/uploads\/2018\/09\/confra-sf3-1024x768.jpeg 1024w, https:\/\/fmamiga909.com.ar\/wp-content\/uploads\/2018\/09\/confra-sf3-259x194.jpeg 259w, https:\/\/fmamiga909.com.ar\/wp-content\/uploads\/2018\/09\/confra-sf3-950x713.jpeg 950w, https:\/\/fmamiga909.com.ar\/wp-content\/uploads\/2018\/09\/confra-sf3.jpeg 1040w\" sizes=\"auto, (max-width: 300px) 100vw, 300px\" \/><\/a> <a href=\"https:\/\/fmamiga909.com.ar\/?attachment_id=6819\" rel=\"attachment wp-att-6819\"><img loading=\"lazy\" decoding=\"async\" class=\"aligncenter size-medium wp-image-6819\" src=\"https:\/\/fmamiga909.com.ar\/wp-content\/uploads\/2018\/09\/confra-sf4-300x225.jpeg\" alt=\"\" width=\"300\" height=\"225\" srcset=\"https:\/\/fmamiga909.com.ar\/wp-content\/uploads\/2018\/09\/confra-sf4-300x225.jpeg 300w, https:\/\/fmamiga909.com.ar\/wp-content\/uploads\/2018\/09\/confra-sf4-1024x768.jpeg 1024w, https:\/\/fmamiga909.com.ar\/wp-content\/uploads\/2018\/09\/confra-sf4-259x194.jpeg 259w, https:\/\/fmamiga909.com.ar\/wp-content\/uploads\/2018\/09\/confra-sf4-950x713.jpeg 950w, https:\/\/fmamiga909.com.ar\/wp-content\/uploads\/2018\/09\/confra-sf4.jpeg 1032w\" sizes=\"auto, (max-width: 300px) 100vw, 300px\" \/><\/a> <a href=\"https:\/\/fmamiga909.com.ar\/?attachment_id=6820\" rel=\"attachment wp-att-6820\"><img loading=\"lazy\" decoding=\"async\" class=\"aligncenter size-medium wp-image-6820\" src=\"https:\/\/fmamiga909.com.ar\/wp-content\/uploads\/2018\/09\/confra-sf-ppal-1-300x169.jpeg\" alt=\"\" width=\"300\" height=\"169\" srcset=\"https:\/\/fmamiga909.com.ar\/wp-content\/uploads\/2018\/09\/confra-sf-ppal-1-300x169.jpeg 300w, https:\/\/fmamiga909.com.ar\/wp-content\/uploads\/2018\/09\/confra-sf-ppal-1-1024x576.jpeg 1024w, https:\/\/fmamiga909.com.ar\/wp-content\/uploads\/2018\/09\/confra-sf-ppal-1-950x535.jpeg 950w, https:\/\/fmamiga909.com.ar\/wp-content\/uploads\/2018\/09\/confra-sf-ppal-1.jpeg 1032w\" sizes=\"auto, (max-width: 300px) 100vw, 300px\" \/><\/a><\/p>\n","protected":false},"excerpt":{"rendered":"<p>En Casa de Gobierno se present\u00f3 la 5\u00b0 Fiesta de la Confraternidad Departamental En el&#8230;<\/p>\n","protected":false},"author":3,"featured_media":6815,"comment_status":"closed","ping_status":"closed","sticky":false,"template":"","format":"standard","meta":{"footnotes":""},"categories":[1,3],"tags":[],"class_list":["post-6814","post","type-post","status-publish","format-standard","has-post-thumbnail","hentry","category-uncategorized","category-noticias"],"featured_image_urls":{"full":["https:\/\/fmamiga909.com.ar\/wp-content\/uploads\/2018\/09\/confra-sf-ppal.jpeg",1032,581,false],"thumbnail":["https:\/\/fmamiga909.com.ar\/wp-content\/uploads\/2018\/09\/confra-sf-ppal-150x150.jpeg",150,150,true],"medium":["https:\/\/fmamiga909.com.ar\/wp-content\/uploads\/2018\/09\/confra-sf-ppal-300x169.jpeg",300,169,true],"medium_large":["https:\/\/fmamiga909.com.ar\/wp-content\/uploads\/2018\/09\/confra-sf-ppal.jpeg",1032,581,false],"large":["https:\/\/fmamiga909.com.ar\/wp-content\/uploads\/2018\/09\/confra-sf-ppal-1024x576.jpeg",640,360,true],"1536x1536":["https:\/\/fmamiga909.com.ar\/wp-content\/uploads\/2018\/09\/confra-sf-ppal.jpeg",1032,581,false],"2048x2048":["https:\/\/fmamiga909.com.ar\/wp-content\/uploads\/2018\/09\/confra-sf-ppal.jpeg",1032,581,false],"newsium-slider-full":["https:\/\/fmamiga909.com.ar\/wp-content\/uploads\/2018\/09\/confra-sf-ppal.jpeg",1032,581,false],"newsium-featured":["https:\/\/fmamiga909.com.ar\/wp-content\/uploads\/2018\/09\/confra-sf-ppal.jpeg",1024,576,false],"newsium-medium":["https:\/\/fmamiga909.com.ar\/wp-content\/uploads\/2018\/09\/confra-sf-ppal.jpeg",720,405,false]},"author_info":{"display_name":"Fredy Giuliano","author_link":"https:\/\/fmamiga909.com.ar\/?author=3"},"category_info":"<a href=\"https:\/\/fmamiga909.com.ar\/?cat=1\" rel=\"category\">La radio<\/a> <a href=\"https:\/\/fmamiga909.com.ar\/?cat=3\" rel=\"category\">Noticias<\/a>","tag_info":"Noticias","comment_count":"0","_links":{"self":[{"href":"https:\/\/fmamiga909.com.ar\/index.php?rest_route=\/wp\/v2\/posts\/6814","targetHints":{"allow":["GET"]}}],"collection":[{"href":"https:\/\/fmamiga909.com.ar\/index.php?rest_route=\/wp\/v2\/posts"}],"about":[{"href":"https:\/\/fmamiga909.com.ar\/index.php?rest_route=\/wp\/v2\/types\/post"}],"author":[{"embeddable":true,"href":"https:\/\/fmamiga909.com.ar\/index.php?rest_route=\/wp\/v2\/users\/3"}],"replies":[{"embeddable":true,"href":"https:\/\/fmamiga909.com.ar\/index.php?rest_route=%2Fwp%2Fv2%2Fcomments&post=6814"}],"version-history":[{"count":1,"href":"https:\/\/fmamiga909.com.ar\/index.php?rest_route=\/wp\/v2\/posts\/6814\/revisions"}],"predecessor-version":[{"id":6821,"href":"https:\/\/fmamiga909.com.ar\/index.php?rest_route=\/wp\/v2\/posts\/6814\/revisions\/6821"}],"wp:featuredmedia":[{"embeddable":true,"href":"https:\/\/fmamiga909.com.ar\/index.php?rest_route=\/wp\/v2\/media\/6815"}],"wp:attachment":[{"href":"https:\/\/fmamiga909.com.ar\/index.php?rest_route=%2Fwp%2Fv2%2Fmedia&parent=6814"}],"wp:term":[{"taxonomy":"category","embeddable":true,"href":"https:\/\/fmamiga909.com.ar\/index.php?rest_route=%2Fwp%2Fv2%2Fcategories&post=6814"},{"taxonomy":"post_tag","embeddable":true,"href":"https:\/\/fmamiga909.com.ar\/index.php?rest_route=%2Fwp%2Fv2%2Ftags&post=6814"}],"curies":[{"name":"wp","href":"https:\/\/api.w.org\/{rel}","templated":true}]}}