{"id":6823,"date":"2018-10-01T10:28:55","date_gmt":"2018-10-01T10:28:55","guid":{"rendered":"http:\/\/fmamiga909.com.ar\/?p=6823"},"modified":"2018-10-01T10:28:55","modified_gmt":"2018-10-01T10:28:55","slug":"mas-de-35-000-personas-coronaron-la-5-fiesta-de-la-confraternidad-departamental-en-la-ciudad-de-ceres","status":"publish","type":"post","link":"https:\/\/fmamiga909.com.ar\/?p=6823","title":{"rendered":"M\u00e1s de 35.000 personas  coronaron la 5\u00b0 Fiesta de la Confraternidad Departamental en la ciudad de Ceres"},"content":{"rendered":"<p><span style=\"font-size: small;\"><b><span lang=\"ES\">Con un imponente marco de p\u00fablico se desarroll\u00f3 en Ceres, departamento San Crist\u00f3bal, la 5\u00b0 Fiesta de la Confraternidad Departamental que congreg\u00f3 a m\u00e1s de 35.000 personas, que pudieron disfrutar de una jornada \u201c\u00fanica, festiva y fraterna\u201d con espect\u00e1culos de m\u00e1xima jerarqu\u00eda como fueron la actuaci\u00f3n de Los Palmeras, Los Tekis y Ulises Bueno, entre otros.<\/span><\/b><\/span><\/p>\n<p><span style=\"font-size: small;\"><span lang=\"ES\">En el acto central se destac\u00f3 la presencia del Vicegobernador Carlos Fascendini, el Senador Felipe Michlig, el Presidente de la C\u00e1mara de Diputados Antonio Bonfatti y el Intendente de la ciudad anfitriona, Camilo Busquets. Adem\u00e1s se sumaron los ministros de\u00a0 Desarrollo Social Jorge Alvarez, de Seguridad Maximiliano Pullaro, de Cultura Mar\u00eda de Los \u00c1ngeles Gonz\u00e1lez, de Obras P\u00fablicas Pedro Morini, los Intendentes de San Crist\u00f3bal Horacio Rigo, de Suardi Hugo Boscarol, de San Guillermo Daniel Martina, los Ptes. Comunales del departamento, el Diputado\u00a0\u00a0Edgardo Martino, el Jefe de Polic\u00eda de la URXIII Ariel P\u00e9rez y el Sub-jefe Pablo Ironichi, el Sec. De Municipios y Comunas Carlos Torres, adem\u00e1s de los funcionarios provinciales, Marcelo Airaldo, Mar\u00eda Paula Salari, Alejandra Dupuoy, concejales de Ceres, San Crist\u00f3bal, Suardi y San Guillermo, entre otros.<\/span><\/span><\/p>\n<p><span style=\"font-size: small;\"><span lang=\"ES\">\u201cAl igual que en las 4 ediciones anteriores se comparti\u00f3 una jornada en la cual volvi\u00f3 a imperar el esp\u00edritu de confraternidad, lejos de las diferencias y mezquindades, fortaleci\u00e9ndose la uni\u00f3n de las 32 localidades que conforman el departamento San Crist\u00f3bal\u201d, indic\u00f3 el senador Michlig, al t\u00e9rmino del evento.<\/span><\/span><\/p>\n<h6><span style=\"font-size: small;\"><b><u><span lang=\"ES\">\u201cUna Fiesta popular y sin grietas\u201d<\/span><\/u><\/b><\/span><\/h6>\n<p><span style=\"font-size: small;\"><span lang=\"ES\">En su alocuci\u00f3n Fascendini luego de trasladar un especial saludo del Gobernador Miguel Lifschitz, -qui\u00e9n se encuentra en el exterior- expres\u00f3 a los presentes que \u201cesta fiesta traspone los l\u00edmites de Ceres y de la Provincia de Santa Fe, potencia todo el interior productivo. Es una pol\u00edtica de Estado apoyar este tipo de eventos que posibilita el encuentro de la familia, de los ciudadanos, que es inclusiva y que la hacemos entre todos, a\u00fan en momentos dif\u00edciles, por eso nos sentimos orgullosos de que aquella iniciativa desde la primera edici\u00f3n haya tomado esta dimensi\u00f3n popular y sin grietas\u201d.<\/span><\/span><\/p>\n<p><span style=\"font-size: small;\"><span lang=\"ES\">A su turno Antonio Bonfatti record\u00f3 que \u201ccuando yo era Gobernador Felipe Michlig me vino a ver con la idea de sumar el apoyo de la Provincia a este evento, por supuesto que lo hicimos y hasta ahora estuve en todas las 5 ediciones porque esto es un ejemplo digno de ser imitado en todas las regiones, sobre todo para fortalecer lazos de uni\u00f3n, deponiendo las mezquindades y crecer entre todos\u201d.<\/span><\/span><\/p>\n<h6><span style=\"font-size: small;\"><span lang=\"ES\">\u00a0<\/span><b><u><span lang=\"ES\">Nueva reina de la Confraternidad<\/span><\/u><\/b><\/span><\/h6>\n<p><span style=\"font-size: small;\"><span lang=\"ES\">Otros de los puntos altos de la jornada fue la consagraci\u00f3n de la nueva reina de la Confraternidad. Entre las 32 postulantes de las diferentes localidades del departamento, fue electa Magali Camusso, de Ambrosetti, en tanto Ailen Gatti de La Lucila, fue elegida 1\u00b0 princesa, mientras que la 2\u00b0 princesa es Sof\u00eda Picatto, de Dos Rosas y La Legua. Tambi\u00e9n se eligi\u00f3 a Melisa Boscarol, de Monte Oscuridad como Miss Simpat\u00eda y a Ariana Torres de Aguar\u00e1 Grande como Miss Elegancia.<\/span><\/span><\/p>\n<p class=\"x_MsoNormal\"><span style=\"font-size: small;\"><span lang=\"ES\">Cabe destacar que el evento de entrada libre y gratuita, persigui\u00f3 un fin ben\u00e9fico, ya que todo lo recaudado, por los puestos gastron\u00f3micos y ferias artesanales, que se instalaron en el predio durante la fiesta, se destina a instituciones de bien p\u00fablico de la localidad anfitriona. \u201cAlrededor de 800 personas sumaron sus esfuerzos en los distintos puestos de venta\u201d.<\/span><\/span><\/p>\n<h6><span style=\"font-size: small;\"><span lang=\"ES\">\u201c<b><u>Esta es la Fiesta de la Gente\u201d<\/u><\/b><\/span><\/span><\/h6>\n<p><span style=\"font-size: small;\"><span lang=\"ES\">\u201dEsto super\u00f3 todas nuestras expectativas. Al igual que en las ediciones anteriores se comparti\u00f3 hoy en Ceres una jornada \u00fanica, festiva y fraterna, en la cual volvi\u00f3 a imperar el esp\u00edritu de confraternidad, lejos de las diferencias y mezquindades, se confirma que esta la fiesta\u00a0\u00a0de la gente, la fiesta antigrieta\u201d, indic\u00f3 el senador Michlig, visiblemente satisfecho y agradeciendo \u201ca Dios porque el tiempo acompa\u00f1o\u201d.<\/span><\/span><\/p>\n<p><span style=\"font-size: small;\"><span lang=\"ES\">El Intendente Busquets agradeci\u00f3 la presencia de la gente y de todas las autoridades presentes al momento que se\u00f1al\u00f3 \u201cque la posibilidad de este encuentro nos llena de alegr\u00eda, al igual que mucha gente que nos visita de otros lugares, gracias a todos los que hicieron posible este\u201d.<\/span><\/span><\/p>\n<p><span style=\"font-size: small;\"><span lang=\"ES\">A su turno el diputado Martino destac\u00f3 que \u201csolo un so\u00f1ador como Felipe Michlig puede generar un evento de estas caracter\u00edsticas para el departamento San Crist\u00f3bal. Todos trabajamos comprometidamente junto al Senador y al Gobierno de la Provincia, desde el primer momento, y las m\u00e1s de 800 personas que tambi\u00e9n hoy se sumaron desde las instituciones de la ciudad\u201d.<\/span><\/span><\/p>\n<p><span style=\"font-size: small;\"><strong><u><span lang=\"ES\">Una jornada llena de atracciones art\u00edsticas<\/span><\/u><\/strong><u><\/u><\/span><\/p>\n<p><span style=\"font-size: small;\"><span lang=\"ES\">Finalmente con las condiciones clim\u00e1ticas favorables el p\u00fablico pudo disfrutar de una jornada popular de masiva convocatoria regional, que cont\u00f3 con la presencia de Los Palmeras, Los Tekis y Ulises Bueno, en donde la multitudinaria platea compuesta mayormente por familias y j\u00f3venes, desde tempranas horas se instalaron con sus sillones y dem\u00e1s elementos para la ocasi\u00f3n.<\/span><\/span><\/p>\n<p class=\"x_MsoNormal\"><span style=\"font-size: small;\"><span lang=\"ES\">En el imponente escenario levantado en el predio del Club de Planeadores tambi\u00e9n se presentaron durante la jornada distintos grupos art\u00edsticos de la regi\u00f3n entre ellos: Grupo Diapas\u00f3n; Academia Amara Fouad; Romanella Gallo; Academia Nina Dance; Alina Martoglio; La Espesura; Academia Rogelia Beder; Los bandidos de la cumbia; Yana Kakuy; Academia Let\u00b4s Dance; Ladran Sancho, Academia Arte y Movimiento, Ballet Folcl\u00f3rico del Liceo Municipal, La Encrucijada, El Intendente y su Conjunto, La Banda Sonora, Coro\u00ad, Banda Municipal, Cuerpo Bastoneras y\u00a0\u00a0L. Hipoac\u00fasicos.<\/span><\/span><\/p>\n<p><span style=\"font-size: small;\"><b><u><span lang=\"ES\">Caracter\u00edsticas del Mega evento<\/span><\/u><\/b><u><\/u><\/span><\/p>\n<p><span style=\"font-size: small;\"><span lang=\"ES\">La Fiesta de la Confraternidad fue concebida bajo el modo de festival itinerante gratuito para todo p\u00fablico, lo que significa que a\u00f1o tras a\u00f1o el evento se realiza en una localidad distinta, en base al consenso de los gobiernos locales del departamento que conforman la Comisi\u00f3n Organizadora. Los recursos que se generan benefician a las instituciones sociales de cada localidad en la que se realiza, que administran los distintos puestos de ventas.<\/span><\/span><\/p>\n<p><span lang=\"ES\"><span style=\"font-size: small;\">Una fiesta que tuvo su primera edici\u00f3n en el a\u00f1o 2014 en la ciudad de San Crist\u00f3bal y que luego celebr\u00f3 sus siguientes ediciones en las localidades de San Guillermo, Arruf\u00f3,\u00a0 Suardi y en Ceres. En todas las ediciones cont\u00f3 con un marco de p\u00fablico creciente, batiendo un nuevo r\u00e9cord\u00a0en esta edici\u00f3n 2018.<\/span><\/span><\/p>\n<p><a href=\"https:\/\/fmamiga909.com.ar\/?attachment_id=6824\" rel=\"attachment wp-att-6824\"><img loading=\"lazy\" decoding=\"async\" class=\"size-medium wp-image-6824\" src=\"https:\/\/fmamiga909.com.ar\/wp-content\/uploads\/2018\/10\/ceres2-300x200.jpg\" alt=\"\" width=\"300\" height=\"200\" srcset=\"https:\/\/fmamiga909.com.ar\/wp-content\/uploads\/2018\/10\/ceres2-300x200.jpg 300w, https:\/\/fmamiga909.com.ar\/wp-content\/uploads\/2018\/10\/ceres2-315x210.jpg 315w, https:\/\/fmamiga909.com.ar\/wp-content\/uploads\/2018\/10\/ceres2.jpg 640w\" sizes=\"auto, (max-width: 300px) 100vw, 300px\" \/><\/a><\/p>\n<p><a href=\"https:\/\/fmamiga909.com.ar\/?attachment_id=6825\" rel=\"attachment wp-att-6825\"><img loading=\"lazy\" decoding=\"async\" class=\"aligncenter size-medium wp-image-6825\" src=\"https:\/\/fmamiga909.com.ar\/wp-content\/uploads\/2018\/10\/ceres6-300x122.jpg\" alt=\"\" width=\"300\" height=\"122\" srcset=\"https:\/\/fmamiga909.com.ar\/wp-content\/uploads\/2018\/10\/ceres6-300x122.jpg 300w, https:\/\/fmamiga909.com.ar\/wp-content\/uploads\/2018\/10\/ceres6-1024x417.jpg 1024w, https:\/\/fmamiga909.com.ar\/wp-content\/uploads\/2018\/10\/ceres6-950x387.jpg 950w, https:\/\/fmamiga909.com.ar\/wp-content\/uploads\/2018\/10\/ceres6.jpg 1151w\" sizes=\"auto, (max-width: 300px) 100vw, 300px\" \/><\/a> <a href=\"https:\/\/fmamiga909.com.ar\/?attachment_id=6826\" rel=\"attachment wp-att-6826\"><img loading=\"lazy\" decoding=\"async\" class=\"aligncenter size-medium wp-image-6826\" src=\"https:\/\/fmamiga909.com.ar\/wp-content\/uploads\/2018\/10\/ceres1ppal-300x199.jpg\" alt=\"\" width=\"300\" height=\"199\" srcset=\"https:\/\/fmamiga909.com.ar\/wp-content\/uploads\/2018\/10\/ceres1ppal-300x199.jpg 300w, https:\/\/fmamiga909.com.ar\/wp-content\/uploads\/2018\/10\/ceres1ppal-1024x681.jpg 1024w, https:\/\/fmamiga909.com.ar\/wp-content\/uploads\/2018\/10\/ceres1ppal-315x210.jpg 315w, https:\/\/fmamiga909.com.ar\/wp-content\/uploads\/2018\/10\/ceres1ppal-950x632.jpg 950w\" sizes=\"auto, (max-width: 300px) 100vw, 300px\" \/><\/a><\/p>\n<p>&nbsp;<\/p>\n<p><a href=\"https:\/\/fmamiga909.com.ar\/?attachment_id=6827\" rel=\"attachment wp-att-6827\"><img loading=\"lazy\" decoding=\"async\" class=\"size-medium wp-image-6827\" src=\"https:\/\/fmamiga909.com.ar\/wp-content\/uploads\/2018\/10\/ceres7-300x200.jpg\" alt=\"\" width=\"300\" height=\"200\" srcset=\"https:\/\/fmamiga909.com.ar\/wp-content\/uploads\/2018\/10\/ceres7-300x200.jpg 300w, https:\/\/fmamiga909.com.ar\/wp-content\/uploads\/2018\/10\/ceres7-315x210.jpg 315w, https:\/\/fmamiga909.com.ar\/wp-content\/uploads\/2018\/10\/ceres7.jpg 448w\" sizes=\"auto, (max-width: 300px) 100vw, 300px\" \/><\/a><\/p>\n<p><span style=\"font-size: small;\"><span lang=\"ES\">Domingo, 30 de septiembre de 2018<\/span><\/span><\/p>\n<div class=\"x_gmail_signature\" dir=\"ltr\">\n<div dir=\"ltr\"><span style=\"font-size: small;\">Oficina de Prensa Senador Felipe Michlig<\/span><\/div>\n<\/div>\n","protected":false},"excerpt":{"rendered":"<p>Con un imponente marco de p\u00fablico se desarroll\u00f3 en Ceres, departamento San Crist\u00f3bal, la 5\u00b0&#8230;<\/p>\n","protected":false},"author":3,"featured_media":6824,"comment_status":"closed","ping_status":"closed","sticky":false,"template":"","format":"standard","meta":{"footnotes":""},"categories":[1,3],"tags":[],"class_list":["post-6823","post","type-post","status-publish","format-standard","has-post-thumbnail","hentry","category-uncategorized","category-noticias"],"featured_image_urls":{"full":["https:\/\/fmamiga909.com.ar\/wp-content\/uploads\/2018\/10\/ceres2.jpg",640,426,false],"thumbnail":["https:\/\/fmamiga909.com.ar\/wp-content\/uploads\/2018\/10\/ceres2-150x150.jpg",150,150,true],"medium":["https:\/\/fmamiga909.com.ar\/wp-content\/uploads\/2018\/10\/ceres2-300x200.jpg",300,200,true],"medium_large":["https:\/\/fmamiga909.com.ar\/wp-content\/uploads\/2018\/10\/ceres2.jpg",640,426,false],"large":["https:\/\/fmamiga909.com.ar\/wp-content\/uploads\/2018\/10\/ceres2.jpg",640,426,false],"1536x1536":["https:\/\/fmamiga909.com.ar\/wp-content\/uploads\/2018\/10\/ceres2.jpg",640,426,false],"2048x2048":["https:\/\/fmamiga909.com.ar\/wp-content\/uploads\/2018\/10\/ceres2.jpg",640,426,false],"newsium-slider-full":["https:\/\/fmamiga909.com.ar\/wp-content\/uploads\/2018\/10\/ceres2.jpg",640,426,false],"newsium-featured":["https:\/\/fmamiga909.com.ar\/wp-content\/uploads\/2018\/10\/ceres2.jpg",640,426,false],"newsium-medium":["https:\/\/fmamiga909.com.ar\/wp-content\/uploads\/2018\/10\/ceres2.jpg",640,426,false]},"author_info":{"display_name":"Fredy Giuliano","author_link":"https:\/\/fmamiga909.com.ar\/?author=3"},"category_info":"<a href=\"https:\/\/fmamiga909.com.ar\/?cat=1\" rel=\"category\">La radio<\/a> <a href=\"https:\/\/fmamiga909.com.ar\/?cat=3\" rel=\"category\">Noticias<\/a>","tag_info":"Noticias","comment_count":"0","_links":{"self":[{"href":"https:\/\/fmamiga909.com.ar\/index.php?rest_route=\/wp\/v2\/posts\/6823","targetHints":{"allow":["GET"]}}],"collection":[{"href":"https:\/\/fmamiga909.com.ar\/index.php?rest_route=\/wp\/v2\/posts"}],"about":[{"href":"https:\/\/fmamiga909.com.ar\/index.php?rest_route=\/wp\/v2\/types\/post"}],"author":[{"embeddable":true,"href":"https:\/\/fmamiga909.com.ar\/index.php?rest_route=\/wp\/v2\/users\/3"}],"replies":[{"embeddable":true,"href":"https:\/\/fmamiga909.com.ar\/index.php?rest_route=%2Fwp%2Fv2%2Fcomments&post=6823"}],"version-history":[{"count":1,"href":"https:\/\/fmamiga909.com.ar\/index.php?rest_route=\/wp\/v2\/posts\/6823\/revisions"}],"predecessor-version":[{"id":6828,"href":"https:\/\/fmamiga909.com.ar\/index.php?rest_route=\/wp\/v2\/posts\/6823\/revisions\/6828"}],"wp:featuredmedia":[{"embeddable":true,"href":"https:\/\/fmamiga909.com.ar\/index.php?rest_route=\/wp\/v2\/media\/6824"}],"wp:attachment":[{"href":"https:\/\/fmamiga909.com.ar\/index.php?rest_route=%2Fwp%2Fv2%2Fmedia&parent=6823"}],"wp:term":[{"taxonomy":"category","embeddable":true,"href":"https:\/\/fmamiga909.com.ar\/index.php?rest_route=%2Fwp%2Fv2%2Fcategories&post=6823"},{"taxonomy":"post_tag","embeddable":true,"href":"https:\/\/fmamiga909.com.ar\/index.php?rest_route=%2Fwp%2Fv2%2Ftags&post=6823"}],"curies":[{"name":"wp","href":"https:\/\/api.w.org\/{rel}","templated":true}]}}