{"id":6833,"date":"2018-10-03T12:18:03","date_gmt":"2018-10-03T12:18:03","guid":{"rendered":"http:\/\/fmamiga909.com.ar\/?p=6833"},"modified":"2018-10-03T12:18:03","modified_gmt":"2018-10-03T12:18:03","slug":"equipar-santa-fe-la-provincia-destina-mas-de-300-millones-de-pesos-para-la-segunda-etapa","status":"publish","type":"post","link":"https:\/\/fmamiga909.com.ar\/?p=6833","title":{"rendered":"Equipar Santa Fe: la provincia destina m\u00e1s de 300 millones de pesos para la segunda etapa"},"content":{"rendered":"<p><span style=\"font-size: small;\">Este martes, durante un acto realizado en el sal\u00f3n Blanco de Casa de Gobierno, 101 municipios y comunas firmaron un convenio para acceder a la compra centralizada de 227 equipamientos destinados a mejorar la calidad de vida de sus habitantes.<\/span><\/p>\n<p><span style=\"font-size: small;\">Se trata de la segunda etapa del programa Equipar Santa Fe que implementa el gobierno de la provincia por m\u00e1s de 300 millones de pesos, con el objetivo de adquirir maquinarias y veh\u00edculos a precios diferenciales, tal es el caso de camiones, tractores, camionetas pick up, acoplados, tanques regadores, cajas compactadoras y volcadoras para residuos, minibuses y niveladoras de arrastre.<\/span><\/p>\n<p><span style=\"font-size: small;\"><b><u>Siete localidades del Dpto. San Crist\u00f3bal<\/u><\/b><\/span><\/p>\n<p><span style=\"font-size: small;\">\u201cEn esta segunda etapa se encuentran 7 localidades del departamento San Crist\u00f3bal, con una inversi\u00f3n de $ 16.006.472,32 se\u00f1al\u00f3 el Senador Michlig. (ver cuadro abajo). Son inversiones del gobierno provincial que en una especie de pol\u00edtica en contrac\u00edclica, tambi\u00e9n ayuda en esto dif\u00edciles momento al sector privado y se potencia las fuentes de empleo\u201d.<\/span><\/p>\n<p><span style=\"font-size: small;\">El legislador -que integra la Comisi\u00f3n de seguimiento del citado Programa junto a otros dos senadores y 3 diputados-, destac\u00f3 \u201clos alcances de esta iniciativa provincial, por impulso del Gobernador Miguel Lifschitz e instrumentada por la cartera de econom\u00eda que conduce el Ministro Gonzalo Saglione,\u00a0 con el cual se dispone de un monto total de inversi\u00f3n de mil millones de pesos, para dar respuestas a las necesidades de municipios y comunas de contar con m\u00e1s equipos o de renovarlos,\u00a0<b>como hace d\u00e9cadas no se hac\u00eda en esta magnitud\u201d<\/b>.<\/span><\/p>\n<p><span style=\"font-size: small;\"><b><u>Segunda etapa del Plan Equipar<\/u><\/b><\/span><\/p>\n<p><span style=\"font-size: small;\">En esta segunda etapa se adhirieron 101 municipios y comunas de los 19 departamentos que, a trav\u00e9s de Equipar, consiguen condiciones econ\u00f3micas favorables como financiamiento a tasas y plazos convenientes.<\/span><\/p>\n<p><span style=\"font-size: small;\">El vicegobernador de la provincia, Carlos Fascendini, explic\u00f3 que \u201cEquipar Santa Fe es un sistema de financiamiento pero con mucho plazo y poco inter\u00e9s, que permite a los municipios adquirir equipamiento que de otra manera no podr\u00edan, o tendr\u00eda financiaci\u00f3n mucho m\u00e1s corta\u201d.<\/span><\/p>\n<p><span style=\"font-size: small;\">Adem\u00e1s, agradeci\u00f3 \u201ca la secretar\u00eda de Municipios y Comunas y al equipo de Econom\u00eda por implementar algo que parece sencillo, pero que es una tarea muy compleja para llevar adelante, al igual que otros programas provinciales que llegan a los gobiernos locales\u201d.<\/span><\/p>\n<p><span style=\"font-size: small;\"><b><u>\u201cMayores y mejores herramientas\u201d<\/u><\/b><\/span><\/p>\n<p><span style=\"font-size: small;\">Por su parte, el ministro de Gobierno y Reforma del Estado, Pablo Far\u00edas, record\u00f3 que \u201cel programa Equipar surgi\u00f3 como una iniciativa para dar mayores y mejores herramientas para todos los municipios y comunas de la provincia y hoy es una realidad que permite a muchas localidades acceder a una maquinaria en una compra centralizada y transparente, mediante licitaci\u00f3n p\u00fablica y con el mejor precio\u201d.<\/p>\n<p>En ese sentido, indic\u00f3 que esto hace que los municipios y comunas \u201ctengan la garant\u00eda de que est\u00e1n pagando el mejor precio posible del mercado por una maquinaria, veh\u00edculo elemento. Esto, con la situaci\u00f3n econ\u00f3mica que estamos atravesando en el pa\u00eds, tiene un valor particular\u201d.<\/span><\/p>\n<p><span style=\"font-size: small;\">\u201cLos datos de estos d\u00edas indican que en Argentina est\u00e1 cayendo casi un 35% la venta automotriz, muchas automotrices est\u00e1n despidiendo personal y el sector de la maquinaria agr\u00edcola est\u00e1 teniendo fuertes problemas.<br \/>\nEl ministro mencion\u00f3 tambi\u00e9n que \u201cesto es parte de las decisiones pol\u00edticas que tenemos y que vamos a seguir llevando adelante\u201d e inst\u00f3 a los presentes a \u201cseguir trabajando juntos; este es el camino por el que podemos seguir teniendo buenos resultados, en un pa\u00eds en el que hay muchas dificultades. Sigamos demostrando desde Santa Fe, que se pueden hacer las cosas de otra manera y con buenos resultados\u201d, finaliz\u00f3.<\/span><\/p>\n<p><span style=\"font-size: small;\"><b><u>\u201cNaci\u00f3 en los primeros d\u00edas del actual Gobierno\u201d<\/u><\/b><\/span><\/p>\n<p><span style=\"font-size: small;\">En tanto, el ministro de Econom\u00eda, Gonzalo Saglione, rememor\u00f3 que el Equipar Santa Fe \u201csurgi\u00f3 en los primeros d\u00edas de la gesti\u00f3n del gobernador Miguel Lifschitz, conversando con los intendentes y presidentes comunales. En cada regi\u00f3n planteaban particularidades o dificultades propias pero hubo un elemento que coincidi\u00f3 y ten\u00eda que ver con la necesidad de los gobiernos locales de modernizar su planta de maquinarias y equipos\u201d.<\/span><\/p>\n<p><span style=\"font-size: small;\">\u201cDe esas reuniones surgi\u00f3 de manera conjunta una idea que se trabaj\u00f3 con la secretar\u00eda de Municipios y Comunas del Ministerio de Gobierno y Reforma del Estado, se elev\u00f3 a la Legislatura y tuvo r\u00e1pida aceptaci\u00f3n en ambas c\u00e1maras, incluso incorporando modificaciones que enriquecieron la propuesta elevada por el Poder Ejecutivo\u201d, relat\u00f3.<\/span><\/p>\n<p><span style=\"font-size: small;\">\u201cHoy estamos en la segunda etapa del Equipar que permite, as\u00ed como se hizo el a\u00f1o pasado, comprar en forma masiva equipamiento para todos los municipios y comunas que as\u00ed lo hayan deseado y requerido, sin distinci\u00f3n de color pol\u00edtico\u201d, explic\u00f3 Saglione.<\/span><\/p>\n<p><span style=\"font-size: small;\"><b>PRESENTES<\/b><br \/>\nDel acto participaron tambi\u00e9n, el ministro de Obras P\u00fablicas, Pedro Morini; el secretario de Regiones, Municipios y Comunas, Carlos Torres; los subsecretarios de Regiones, Municipios y comunas, Pablo Pinotti; de Gesti\u00f3n de Proyectos Estrat\u00e9gicos, Lisandro D&#8217;Anna; y de Coordinaci\u00f3n y Gesti\u00f3n Territorial, Mar\u00eda Paula Salari; los senadores departamentales Felipe Michlig y Rub\u00e9n Pirola; y la diputada provincial Mar\u00eda Victoria Tejeda, junto autoridades provinciales y con intendentes, presidentes comunales y concejales de las 101 localidades beneficiadas.<\/span><\/p>\n<p class=\"x_MsoNormal\"><span style=\"font-size: small;\">Localidades del Departamento San Crist\u00f3bal beneficiadas:<\/span><\/p>\n<table class=\"x_m_4706451386177903719gmail-MsoTableGrid\" border=\"1\" width=\"586\" cellspacing=\"0\" cellpadding=\"0\">\n<tbody>\n<tr>\n<td width=\"293\">\n<p class=\"x_MsoNormal\" align=\"center\"><span style=\"font-size: small;\"><b>LOCALIDAD<\/b><\/span><\/p>\n<\/td>\n<td width=\"293\">\n<p class=\"x_MsoNormal\" align=\"center\"><span style=\"font-size: small;\"><b>EQUIPAMIENTO<\/b><\/span><\/p>\n<\/td>\n<\/tr>\n<tr>\n<td width=\"293\">\n<p class=\"x_MsoNormal\"><span style=\"font-size: small;\">Ambrosetti<\/span><\/p>\n<\/td>\n<td width=\"293\">\n<p class=\"x_m_4706451386177903719gmail-MsoListParagraph\"><span style=\"font-size: small;\">\u00b7\u00a0\u00a0\u00a0\u00a0\u00a0\u00a0\u00a0\u00a0Pick Up<\/span><\/p>\n<\/td>\n<\/tr>\n<tr>\n<td width=\"293\">\n<p class=\"x_MsoNormal\"><span style=\"font-size: small;\">Arruf\u00f3<\/span><\/p>\n<\/td>\n<td width=\"293\">\n<p class=\"x_m_4706451386177903719gmail-MsoListParagraph\"><span style=\"font-size: small;\">\u00b7\u00a0\u00a0\u00a0\u00a0\u00a0\u00a0\u00a0\u00a0Tractor<\/span><\/p>\n<\/td>\n<\/tr>\n<tr>\n<td width=\"293\">\n<p class=\"x_MsoNormal\"><span style=\"font-size: small;\">Colonia Bossi<\/span><\/p>\n<\/td>\n<td width=\"293\">\n<p class=\"x_m_4706451386177903719gmail-MsoListParagraph\"><span style=\"font-size: small;\">\u00b7\u00a0\u00a0\u00a0\u00a0\u00a0\u00a0\u00a0\u00a0Tractor<\/span><\/p>\n<\/td>\n<\/tr>\n<tr>\n<td width=\"293\">\n<p class=\"x_MsoNormal\"><span style=\"font-size: small;\">Dos Rosas y La Legua<\/span><\/p>\n<\/td>\n<td width=\"293\">\n<p class=\"x_m_4706451386177903719gmail-MsoListParagraph\"><span style=\"font-size: small;\">\u00b7\u00a0\u00a0\u00a0\u00a0\u00a0\u00a0\u00a0\u00a0Niveladora de Arrastre<\/span><\/p>\n<\/td>\n<\/tr>\n<tr>\n<td width=\"293\">\n<p class=\"x_MsoNormal\"><span style=\"font-size: small;\">San Crist\u00f3bal<\/span><\/p>\n<\/td>\n<td width=\"293\">\n<p class=\"x_m_4706451386177903719gmail-MsoListParagraphCxSpFirst\"><span style=\"font-size: small;\">\u00b7\u00a0\u00a0\u00a0\u00a0\u00a0\u00a0\u00a0\u00a02 Cami\u00f3n Corto<\/span><\/p>\n<p class=\"x_m_4706451386177903719gmail-MsoListParagraphCxSpMiddle\"><span style=\"font-size: small;\">\u00b7\u00a0\u00a0\u00a0\u00a0\u00a0\u00a0\u00a0\u00a0Acoplado Tanque\u00a0\u00a0Regador<\/span><\/p>\n<p class=\"x_m_4706451386177903719gmail-MsoListParagraphCxSpMiddle\"><span style=\"font-size: small;\">\u00b7\u00a0\u00a0\u00a0\u00a0\u00a0\u00a0\u00a0\u00a0Caja Compactadora para Residuos<\/span><\/p>\n<p class=\"x_m_4706451386177903719gmail-MsoListParagraphCxSpMiddle\"><span style=\"font-size: small;\">\u00b7\u00a0\u00a0\u00a0\u00a0\u00a0\u00a0\u00a0\u00a0Niveladora de Arrastre<\/span><\/p>\n<p class=\"x_m_4706451386177903719gmail-MsoListParagraphCxSpLast\"><span style=\"font-size: small;\">\u00b7\u00a0\u00a0\u00a0\u00a0\u00a0\u00a0\u00a0\u00a0Caja Volcadora para Residuos<\/span><\/p>\n<p class=\"x_MsoNormal\"><span style=\"font-size: small;\">\u00a0<\/span><\/p>\n<\/td>\n<\/tr>\n<tr>\n<td width=\"293\">\n<p class=\"x_MsoNormal\"><span style=\"font-size: small;\">San Guillermo<\/span><\/p>\n<\/td>\n<td width=\"293\">\n<p class=\"x_m_4706451386177903719gmail-MsoListParagraphCxSpFirst\"><span style=\"font-size: small;\">\u00b7\u00a0\u00a0\u00a0\u00a0\u00a0\u00a0\u00a0\u00a0Cami\u00f3n Corto<\/span><\/p>\n<p class=\"x_m_4706451386177903719gmail-MsoListParagraphCxSpLast\"><span style=\"font-size: small;\">\u00b7\u00a0\u00a0\u00a0\u00a0\u00a0\u00a0\u00a0\u00a0Caja Compactadora para Residuos<\/span><\/p>\n<\/td>\n<\/tr>\n<tr>\n<td width=\"293\">\n<p class=\"x_MsoNormal\"><span style=\"font-size: small;\">Villa Trinidad<\/span><\/p>\n<\/td>\n<td width=\"293\">\n<p class=\"x_m_4706451386177903719gmail-MsoListParagraph\"><span style=\"font-size: small;\">\u00b7\u00a0\u00a0\u00a0\u00a0\u00a0\u00a0\u00a0\u00a0Pick Up<\/span><\/p>\n<\/td>\n<\/tr>\n<\/tbody>\n<\/table>\n<p class=\"x_MsoNormal\"><span style=\"font-size: small;\"><span lang=\"ES-AR\">\u00a0<\/span><\/span><\/p>\n<p class=\"x_MsoNormal\"><span style=\"font-size: small;\"><span lang=\"ES-AR\">Martes, 02 de octubre de 2018<\/span><\/span><\/p>\n","protected":false},"excerpt":{"rendered":"<p>Este martes, durante un acto realizado en el sal\u00f3n Blanco de Casa de Gobierno, 101&#8230;<\/p>\n","protected":false},"author":3,"featured_media":6834,"comment_status":"closed","ping_status":"closed","sticky":false,"template":"","format":"standard","meta":{"footnotes":""},"categories":[1,3],"tags":[],"class_list":["post-6833","post","type-post","status-publish","format-standard","has-post-thumbnail","hentry","category-uncategorized","category-noticias"],"featured_image_urls":{"full":["https:\/\/fmamiga909.com.ar\/wp-content\/uploads\/2018\/10\/equipar-oct2018b.jpeg",1140,640,false],"thumbnail":["https:\/\/fmamiga909.com.ar\/wp-content\/uploads\/2018\/10\/equipar-oct2018b-150x150.jpeg",150,150,true],"medium":["https:\/\/fmamiga909.com.ar\/wp-content\/uploads\/2018\/10\/equipar-oct2018b-300x168.jpeg",300,168,true],"medium_large":["https:\/\/fmamiga909.com.ar\/wp-content\/uploads\/2018\/10\/equipar-oct2018b.jpeg",1140,640,false],"large":["https:\/\/fmamiga909.com.ar\/wp-content\/uploads\/2018\/10\/equipar-oct2018b-1024x575.jpeg",640,359,true],"1536x1536":["https:\/\/fmamiga909.com.ar\/wp-content\/uploads\/2018\/10\/equipar-oct2018b.jpeg",1140,640,false],"2048x2048":["https:\/\/fmamiga909.com.ar\/wp-content\/uploads\/2018\/10\/equipar-oct2018b.jpeg",1140,640,false],"newsium-slider-full":["https:\/\/fmamiga909.com.ar\/wp-content\/uploads\/2018\/10\/equipar-oct2018b.jpeg",1140,640,false],"newsium-featured":["https:\/\/fmamiga909.com.ar\/wp-content\/uploads\/2018\/10\/equipar-oct2018b.jpeg",1024,575,false],"newsium-medium":["https:\/\/fmamiga909.com.ar\/wp-content\/uploads\/2018\/10\/equipar-oct2018b.jpeg",720,404,false]},"author_info":{"display_name":"Fredy Giuliano","author_link":"https:\/\/fmamiga909.com.ar\/?author=3"},"category_info":"<a href=\"https:\/\/fmamiga909.com.ar\/?cat=1\" rel=\"category\">La radio<\/a> <a href=\"https:\/\/fmamiga909.com.ar\/?cat=3\" rel=\"category\">Noticias<\/a>","tag_info":"Noticias","comment_count":"0","_links":{"self":[{"href":"https:\/\/fmamiga909.com.ar\/index.php?rest_route=\/wp\/v2\/posts\/6833","targetHints":{"allow":["GET"]}}],"collection":[{"href":"https:\/\/fmamiga909.com.ar\/index.php?rest_route=\/wp\/v2\/posts"}],"about":[{"href":"https:\/\/fmamiga909.com.ar\/index.php?rest_route=\/wp\/v2\/types\/post"}],"author":[{"embeddable":true,"href":"https:\/\/fmamiga909.com.ar\/index.php?rest_route=\/wp\/v2\/users\/3"}],"replies":[{"embeddable":true,"href":"https:\/\/fmamiga909.com.ar\/index.php?rest_route=%2Fwp%2Fv2%2Fcomments&post=6833"}],"version-history":[{"count":1,"href":"https:\/\/fmamiga909.com.ar\/index.php?rest_route=\/wp\/v2\/posts\/6833\/revisions"}],"predecessor-version":[{"id":6835,"href":"https:\/\/fmamiga909.com.ar\/index.php?rest_route=\/wp\/v2\/posts\/6833\/revisions\/6835"}],"wp:featuredmedia":[{"embeddable":true,"href":"https:\/\/fmamiga909.com.ar\/index.php?rest_route=\/wp\/v2\/media\/6834"}],"wp:attachment":[{"href":"https:\/\/fmamiga909.com.ar\/index.php?rest_route=%2Fwp%2Fv2%2Fmedia&parent=6833"}],"wp:term":[{"taxonomy":"category","embeddable":true,"href":"https:\/\/fmamiga909.com.ar\/index.php?rest_route=%2Fwp%2Fv2%2Fcategories&post=6833"},{"taxonomy":"post_tag","embeddable":true,"href":"https:\/\/fmamiga909.com.ar\/index.php?rest_route=%2Fwp%2Fv2%2Ftags&post=6833"}],"curies":[{"name":"wp","href":"https:\/\/api.w.org\/{rel}","templated":true}]}}