{"id":6836,"date":"2018-10-03T14:01:17","date_gmt":"2018-10-03T14:01:17","guid":{"rendered":"http:\/\/fmamiga909.com.ar\/?p=6836"},"modified":"2018-10-03T14:06:12","modified_gmt":"2018-10-03T14:06:12","slug":"entro-en-vigencia-la-ley-brisa","status":"publish","type":"post","link":"https:\/\/fmamiga909.com.ar\/?p=6836","title":{"rendered":"Entr\u00f3 en vigencia la Ley Brisa"},"content":{"rendered":"<p>Entr\u00f3 en vigencia hoy en todo el pa\u00eds la llamada \u2018Ley Brisa\u2018 que otorga una reparaci\u00f3n econ\u00f3mica a ni\u00f1os, ni\u00f1as y adolescentes hijos de v\u00edctimas de femicidio. \u2018Desde hoy empezamos a saldar una deuda hist\u00f3rica con las v\u00edctimas colaterales de los femicidios\u2018, afirm\u00f3 la titular del Instituto Nacional de la Mujeres, Fabiana Tu\u00f1ez, pocas horas despu\u00e9s de la publicaci\u00f3n de la norma en el Bolet\u00edn Oficial.<\/p>\n<p>A trav\u00e9s del decreto 871\/2028 qued\u00f3 reglamentada la ley 27.452, sancionada por unanimidad en el Congreso el 4 de julio \u00faltimo.<br \/>\nEl beneficio alcanza a hijas\/os de v\u00edctimas de femicidio, quienes mensualmente y hasta los 21 a\u00f1os de edad recibir\u00e1n el equivalente a un haber jubilatorio m\u00ednimo. En el caso de personas con discapacidad la reparaci\u00f3n tendr\u00e1 car\u00e1cter vitalicio.<br \/>\nEn declaraciones luego de la reuni\u00f3n de gabinete, la ministra de Salud y Desarrollo Social, Carolina Stanley, asegur\u00f3: \u2018Esta Ley tan importante tiene que ver con cuidar a las hijas y a los hijos de mujeres v\u00edctimas de femicidios, mujeres que fueron asesinadas por violencia de g\u00e9nero. Esto representa un avance sustantivo e in\u00e9dito en pol\u00edticas reparatorias para la ni\u00f1ez y la adolescencia\u201d.<br \/>\nLa norma fija un mecanismo de reparaci\u00f3n compatible con los reg\u00edmenes de la Asignaci\u00f3n Universal por Hijo (AUH), asignaciones familiares, pensiones y reg\u00edmenes de alimentos que perciban por parte de su progenitor, o con cualquier otra prestaci\u00f3n de la cual sean destinatarios.<br \/>\nSeg\u00fan cifras oficiales de la Corte Suprema de Justicia de la Naci\u00f3n -disponibles desde 2014- se estima que en la actualidad cerca de 2.900 menores podr\u00e1n, acceder efectivamente al cobro de la reparaci\u00f3n<br \/>\nLa autoridad de aplicaci\u00f3n de esta ley es la Secretaria de Ni\u00f1os, Ni\u00f1as y Adolescentes de la Naci\u00f3n (SENNAF).<\/p>\n","protected":false},"excerpt":{"rendered":"<p>Entr\u00f3 en vigencia hoy en todo el pa\u00eds la llamada \u2018Ley Brisa\u2018 que otorga una&#8230;<\/p>\n","protected":false},"author":3,"featured_media":6837,"comment_status":"closed","ping_status":"closed","sticky":false,"template":"","format":"standard","meta":{"footnotes":""},"categories":[1,3],"tags":[],"class_list":["post-6836","post","type-post","status-publish","format-standard","has-post-thumbnail","hentry","category-uncategorized","category-noticias"],"featured_image_urls":{"full":["https:\/\/fmamiga909.com.ar\/wp-content\/uploads\/2018\/10\/leybrisa.jpg",800,450,false],"thumbnail":["https:\/\/fmamiga909.com.ar\/wp-content\/uploads\/2018\/10\/leybrisa-150x150.jpg",150,150,true],"medium":["https:\/\/fmamiga909.com.ar\/wp-content\/uploads\/2018\/10\/leybrisa-300x169.jpg",300,169,true],"medium_large":["https:\/\/fmamiga909.com.ar\/wp-content\/uploads\/2018\/10\/leybrisa.jpg",800,450,false],"large":["https:\/\/fmamiga909.com.ar\/wp-content\/uploads\/2018\/10\/leybrisa.jpg",640,360,false],"1536x1536":["https:\/\/fmamiga909.com.ar\/wp-content\/uploads\/2018\/10\/leybrisa.jpg",800,450,false],"2048x2048":["https:\/\/fmamiga909.com.ar\/wp-content\/uploads\/2018\/10\/leybrisa.jpg",800,450,false],"newsium-slider-full":["https:\/\/fmamiga909.com.ar\/wp-content\/uploads\/2018\/10\/leybrisa.jpg",800,450,false],"newsium-featured":["https:\/\/fmamiga909.com.ar\/wp-content\/uploads\/2018\/10\/leybrisa.jpg",800,450,false],"newsium-medium":["https:\/\/fmamiga909.com.ar\/wp-content\/uploads\/2018\/10\/leybrisa.jpg",720,405,false]},"author_info":{"display_name":"Fredy Giuliano","author_link":"https:\/\/fmamiga909.com.ar\/?author=3"},"category_info":"<a href=\"https:\/\/fmamiga909.com.ar\/?cat=1\" rel=\"category\">La radio<\/a> <a href=\"https:\/\/fmamiga909.com.ar\/?cat=3\" rel=\"category\">Noticias<\/a>","tag_info":"Noticias","comment_count":"0","_links":{"self":[{"href":"https:\/\/fmamiga909.com.ar\/index.php?rest_route=\/wp\/v2\/posts\/6836","targetHints":{"allow":["GET"]}}],"collection":[{"href":"https:\/\/fmamiga909.com.ar\/index.php?rest_route=\/wp\/v2\/posts"}],"about":[{"href":"https:\/\/fmamiga909.com.ar\/index.php?rest_route=\/wp\/v2\/types\/post"}],"author":[{"embeddable":true,"href":"https:\/\/fmamiga909.com.ar\/index.php?rest_route=\/wp\/v2\/users\/3"}],"replies":[{"embeddable":true,"href":"https:\/\/fmamiga909.com.ar\/index.php?rest_route=%2Fwp%2Fv2%2Fcomments&post=6836"}],"version-history":[{"count":1,"href":"https:\/\/fmamiga909.com.ar\/index.php?rest_route=\/wp\/v2\/posts\/6836\/revisions"}],"predecessor-version":[{"id":6838,"href":"https:\/\/fmamiga909.com.ar\/index.php?rest_route=\/wp\/v2\/posts\/6836\/revisions\/6838"}],"wp:featuredmedia":[{"embeddable":true,"href":"https:\/\/fmamiga909.com.ar\/index.php?rest_route=\/wp\/v2\/media\/6837"}],"wp:attachment":[{"href":"https:\/\/fmamiga909.com.ar\/index.php?rest_route=%2Fwp%2Fv2%2Fmedia&parent=6836"}],"wp:term":[{"taxonomy":"category","embeddable":true,"href":"https:\/\/fmamiga909.com.ar\/index.php?rest_route=%2Fwp%2Fv2%2Fcategories&post=6836"},{"taxonomy":"post_tag","embeddable":true,"href":"https:\/\/fmamiga909.com.ar\/index.php?rest_route=%2Fwp%2Fv2%2Ftags&post=6836"}],"curies":[{"name":"wp","href":"https:\/\/api.w.org\/{rel}","templated":true}]}}