{"id":6873,"date":"2018-10-09T11:02:10","date_gmt":"2018-10-09T11:02:10","guid":{"rendered":"http:\/\/fmamiga909.com.ar\/?p=6873"},"modified":"2018-10-09T11:02:10","modified_gmt":"2018-10-09T11:02:10","slug":"una-fuerte-apuesta-al-futuro","status":"publish","type":"post","link":"https:\/\/fmamiga909.com.ar\/?p=6873","title":{"rendered":"UNA FUERTE APUESTA AL FUTURO"},"content":{"rendered":"<p>La Cooperativa de Servicios P\u00fablicos realiz\u00f3 anoche en su sede social una reuni\u00f3n informativa referida al servicio de TV al hogar por fibra \u00f3ptica para poner en conocimiento a los vecinos sobre las caracter\u00edsticas del mismo.<span class=\"text_exposed_show\"><br \/>\nCon la presencia de todo el personal que trabaja en la entidad e integrantes del Consejo Directivo la Pte Sonia Llull les dio la bienvenida a los presentes y la Gerente Lic. Nancy Botta junto a Mario Banegas explicaron y atendieron las consultas de los asistentes.<br \/>\nLa Lic. Nancy expres\u00f3 que la decisi\u00f3n de ofrecer el servicio de televisi\u00f3n por fibra \u00f3ptica se debe a que la Cooperativa no quiere estar al margen del futuro.<br \/>\nHa sido una inversi\u00f3n de m\u00e1s de $4.000.000 para lo cual la entidad vendi\u00f3 un departamento en Santa Fe, sac\u00f3 un cr\u00e9dito y us\u00f3 ahorros lo cual le permite ser el \u00fanico servicio de la localidad que llega con fibra \u00f3ptica al interior del hogar.<br \/>\nTambi\u00e9n solicit\u00f3 a los vecinos que apuesten a la cooperativa local a pesar de tiempos dif\u00edciles que atraviesa el pa\u00eds y aclar\u00f3 que si la cooperativa no apuesta al cambio tecnol\u00f3gico en algunos a\u00f1os tendr\u00eda que cerrar sus puertas.<\/span><a href=\"https:\/\/fmamiga909.com.ar\/?attachment_id=6875\" rel=\"attachment wp-att-6875\"><img loading=\"lazy\" decoding=\"async\" class=\"aligncenter size-medium wp-image-6875\" src=\"https:\/\/fmamiga909.com.ar\/wp-content\/uploads\/2018\/10\/coop1-1-300x225.jpg\" alt=\"\" width=\"300\" height=\"225\" srcset=\"https:\/\/fmamiga909.com.ar\/wp-content\/uploads\/2018\/10\/coop1-1-300x225.jpg 300w, https:\/\/fmamiga909.com.ar\/wp-content\/uploads\/2018\/10\/coop1-1-259x194.jpg 259w, https:\/\/fmamiga909.com.ar\/wp-content\/uploads\/2018\/10\/coop1-1-950x713.jpg 950w, https:\/\/fmamiga909.com.ar\/wp-content\/uploads\/2018\/10\/coop1-1.jpg 960w\" sizes=\"auto, (max-width: 300px) 100vw, 300px\" \/><\/a> <a href=\"https:\/\/fmamiga909.com.ar\/?attachment_id=6876\" rel=\"attachment wp-att-6876\"><img loading=\"lazy\" decoding=\"async\" class=\"aligncenter size-medium wp-image-6876\" src=\"https:\/\/fmamiga909.com.ar\/wp-content\/uploads\/2018\/10\/coop2-300x225.jpg\" alt=\"\" width=\"300\" height=\"225\" srcset=\"https:\/\/fmamiga909.com.ar\/wp-content\/uploads\/2018\/10\/coop2-300x225.jpg 300w, https:\/\/fmamiga909.com.ar\/wp-content\/uploads\/2018\/10\/coop2-259x194.jpg 259w, https:\/\/fmamiga909.com.ar\/wp-content\/uploads\/2018\/10\/coop2-950x713.jpg 950w, https:\/\/fmamiga909.com.ar\/wp-content\/uploads\/2018\/10\/coop2.jpg 960w\" sizes=\"auto, (max-width: 300px) 100vw, 300px\" \/><\/a><\/p>\n<p>(Gracias a Fm 92.5 por la nota)<\/p>\n","protected":false},"excerpt":{"rendered":"<p>La Cooperativa de Servicios P\u00fablicos realiz\u00f3 anoche en su sede social una reuni\u00f3n informativa referida&#8230;<\/p>\n","protected":false},"author":3,"featured_media":6874,"comment_status":"closed","ping_status":"closed","sticky":false,"template":"","format":"standard","meta":{"footnotes":""},"categories":[1,3],"tags":[],"class_list":["post-6873","post","type-post","status-publish","format-standard","has-post-thumbnail","hentry","category-uncategorized","category-noticias"],"featured_image_urls":{"full":["https:\/\/fmamiga909.com.ar\/wp-content\/uploads\/2018\/10\/coop1.jpg",960,720,false],"thumbnail":["https:\/\/fmamiga909.com.ar\/wp-content\/uploads\/2018\/10\/coop1-150x150.jpg",150,150,true],"medium":["https:\/\/fmamiga909.com.ar\/wp-content\/uploads\/2018\/10\/coop1-300x225.jpg",300,225,true],"medium_large":["https:\/\/fmamiga909.com.ar\/wp-content\/uploads\/2018\/10\/coop1.jpg",960,720,false],"large":["https:\/\/fmamiga909.com.ar\/wp-content\/uploads\/2018\/10\/coop1.jpg",640,480,false],"1536x1536":["https:\/\/fmamiga909.com.ar\/wp-content\/uploads\/2018\/10\/coop1.jpg",960,720,false],"2048x2048":["https:\/\/fmamiga909.com.ar\/wp-content\/uploads\/2018\/10\/coop1.jpg",960,720,false],"newsium-slider-full":["https:\/\/fmamiga909.com.ar\/wp-content\/uploads\/2018\/10\/coop1.jpg",960,720,false],"newsium-featured":["https:\/\/fmamiga909.com.ar\/wp-content\/uploads\/2018\/10\/coop1.jpg",960,720,false],"newsium-medium":["https:\/\/fmamiga909.com.ar\/wp-content\/uploads\/2018\/10\/coop1.jpg",633,475,false]},"author_info":{"display_name":"Fredy Giuliano","author_link":"https:\/\/fmamiga909.com.ar\/?author=3"},"category_info":"<a href=\"https:\/\/fmamiga909.com.ar\/?cat=1\" rel=\"category\">La radio<\/a> <a href=\"https:\/\/fmamiga909.com.ar\/?cat=3\" rel=\"category\">Noticias<\/a>","tag_info":"Noticias","comment_count":"0","_links":{"self":[{"href":"https:\/\/fmamiga909.com.ar\/index.php?rest_route=\/wp\/v2\/posts\/6873","targetHints":{"allow":["GET"]}}],"collection":[{"href":"https:\/\/fmamiga909.com.ar\/index.php?rest_route=\/wp\/v2\/posts"}],"about":[{"href":"https:\/\/fmamiga909.com.ar\/index.php?rest_route=\/wp\/v2\/types\/post"}],"author":[{"embeddable":true,"href":"https:\/\/fmamiga909.com.ar\/index.php?rest_route=\/wp\/v2\/users\/3"}],"replies":[{"embeddable":true,"href":"https:\/\/fmamiga909.com.ar\/index.php?rest_route=%2Fwp%2Fv2%2Fcomments&post=6873"}],"version-history":[{"count":1,"href":"https:\/\/fmamiga909.com.ar\/index.php?rest_route=\/wp\/v2\/posts\/6873\/revisions"}],"predecessor-version":[{"id":6877,"href":"https:\/\/fmamiga909.com.ar\/index.php?rest_route=\/wp\/v2\/posts\/6873\/revisions\/6877"}],"wp:featuredmedia":[{"embeddable":true,"href":"https:\/\/fmamiga909.com.ar\/index.php?rest_route=\/wp\/v2\/media\/6874"}],"wp:attachment":[{"href":"https:\/\/fmamiga909.com.ar\/index.php?rest_route=%2Fwp%2Fv2%2Fmedia&parent=6873"}],"wp:term":[{"taxonomy":"category","embeddable":true,"href":"https:\/\/fmamiga909.com.ar\/index.php?rest_route=%2Fwp%2Fv2%2Fcategories&post=6873"},{"taxonomy":"post_tag","embeddable":true,"href":"https:\/\/fmamiga909.com.ar\/index.php?rest_route=%2Fwp%2Fv2%2Ftags&post=6873"}],"curies":[{"name":"wp","href":"https:\/\/api.w.org\/{rel}","templated":true}]}}