{"id":6886,"date":"2018-10-11T13:06:19","date_gmt":"2018-10-11T13:06:19","guid":{"rendered":"http:\/\/fmamiga909.com.ar\/?p=6886"},"modified":"2018-10-11T13:06:19","modified_gmt":"2018-10-11T13:06:19","slug":"mandanos-la-foto-y-nosotros-nos-encargamos-del-resto-daleee","status":"publish","type":"post","link":"https:\/\/fmamiga909.com.ar\/?p=6886","title":{"rendered":"MANDANOS LA FOTO Y NOSOTROS NOS ENCARGAMOS DEL RESTO&#8230;.DALEEE!!"},"content":{"rendered":"<p>CONVOCATORIA 2018 CERTAMEN FOTOGR\u00c1FICO<\/p>\n<p>\u201cOjos de Santa F<span class=\"text_exposed_show\">e\u201d es el certamen fotogr\u00e1fico del Ente Cultural Santafesino que nos invita a los habitantes<br \/>\nde la provincia a descubrir a trav\u00e9s de su mirada personal, la variedad de im\u00e1genes que nos distinguen y<br \/>\nconforman como una identidad a partir de las particularidades y diferencias que poseen las regiones, los<br \/>\npaisajes y costumbres, y que se ensamblan como un todo, en nuestro territorio.<br \/>\nI. BASES.<br \/>\nPodr\u00e1n participar del Certamen Fotogr\u00e1fico \u201cOJOS DE SANTA FE\u201d aquellas personas que re\u00fanan los siguientes<br \/>\nrequisitos:<br \/>\na) Residencia no menor a dos a\u00f1os en la provincia de Santa Fe a la fecha de inscripci\u00f3n.<br \/>\nb) Tener 15 a\u00f1os en adelante.<br \/>\nQuedan excluidas del presente concurso todas aquellas personas que se desempe\u00f1en con relaci\u00f3n de<br \/>\ndependencia org\u00e1nica con el Ente Cultural Santafesino (gestores culturales, secretarios de cultura o personal<br \/>\na cargo de \u00e1reas de cultura, directores de usina y miembros de la comisi\u00f3n directiva).<br \/>\nII. TEMA.<br \/>\nEl tema de edici\u00f3n 2018 del concurso ser\u00e1 \u201cNuestra Plaza\u201d. En el mismo se pretende que cada participante<br \/>\npueda mostrar a trav\u00e9s de su mirada art\u00edstica ese espacio com\u00fan que poseen los habitantes de un lugar<br \/>\ndonde transcurre gran parte de la vida social; un espacio que adem\u00e1s de su propia belleza paisaj\u00edstica es<br \/>\nescenario y punto de encuentro de buena parte de los eventos y del transcurrir de la vida cotidiana de una<br \/>\ncomunidad.<br \/>\nIII. CONDICIONES DE LA PARTICIPACI\u00d3N.<br \/>\nIII.1- La inscripci\u00f3n para participar se realizar\u00e1 en cada secretar\u00eda , \u00e1rea de cultura de la localidad donde<br \/>\nresida el interesado o gestores culturales de tu localidad ( Flavia Brillado)<br \/>\nIII.2- Los trabajos ser\u00e1n recibidos hasta el lunes 29 de octubre de 2018 inclusive.<br \/>\nIII.3- Cada postulante confirmar\u00e1 su participaci\u00f3n presentando:<br \/>\nEnte Cultural Santafesino<br \/>\n\u201cOjos de Santa Fe\u201d<br \/>\n________________________________________________________________________________<br \/>\n2<br \/>\na-Un sobre cerrado consignando un seud\u00f3nimo y el nombre del presente certamen. Dentro del mismo se<br \/>\ndeber\u00e1 incluir la siguiente documentaci\u00f3n: hasta 3 (tres) fotograf\u00edas de 20 x 30 cm, en cuyos reversos se<br \/>\ndeber\u00e1 indicar el seud\u00f3nimo del participante, junto con la ficha t\u00e9cnica de la obra indicando: si es foto directa<br \/>\nanal\u00f3gica o digital, el t\u00edtulo de la obra, el a\u00f1o de realizaci\u00f3n y serie de copias.<br \/>\nUn CD que contenga esas tres im\u00e1genes con una resoluci\u00f3n adecuada para ser<br \/>\nb-Otro sobre, que en su exterior deber\u00e1 tener escrito el seud\u00f3nimo del participante y en su interior deber\u00e1<br \/>\ncontener fotocopia de D.N.I. (ambas caras con domicilio actualizado) y una hoja en la cual se consignen tanto<br \/>\nel seud\u00f3nimo como los siguientes datos personales del participante: nombre y apellido, tel\u00e9fono, direcci\u00f3n<br \/>\ndetallada y localidad, correo electr\u00f3nico.<br \/>\nIII.4-Las fotograf\u00edas no podr\u00e1n ser montajes digitales.<br \/>\nIII.5- Los participantes deber\u00e1n tener plena autor\u00eda intelectual sobre las fotograf\u00edas.<br \/>\nIII.6- Los participantes ceden todos los derechos de difusi\u00f3n de su obra al Ente Cultural Santafesino.<br \/>\nIII.6- Las im\u00e1genes ser\u00e1n montadas en una muestra que podr\u00e1 itinerar por la provincia de Santa Fe cada vez<br \/>\nque as\u00ed se requiera a trav\u00e9s del Ente Cultural Santafesino<br \/>\nIV. DEL JURADO.<br \/>\nIV.1-DE LA FUNCI\u00d3N.<br \/>\nLa funci\u00f3n del jurado consistir\u00e1 en la elecci\u00f3n de los trabajos ganadores, cuya decisi\u00f3n resultar\u00e1 inapelable.<br \/>\nIV.2- DE LA COMPOSICI\u00d3N.<br \/>\nEl jurado estar\u00e1 compuesto por un total de tres personas:<br \/>\na-Un miembro en representaci\u00f3n de la Comisi\u00f3n Ejecutiva del Ente Cultural Santafesino.<br \/>\nb-Dos miembros que se desempe\u00f1en como profesionales de la fotograf\u00eda en el \u00e1mbito de la provincia de<br \/>\nSanta Fe.<br \/>\nV. DE LOS PREMIOS.<br \/>\nV.1- Los premios consistir\u00e1n en:<br \/>\n\uf02d 1\u00ba $5000 (cinco mil pesos) en efectivo.<br \/>\n\uf02d 2\u00ba $3000 (tres mil pesos) en efectivo.<br \/>\n\uf02d Menciones especiales:<br \/>\nV.2- El jurado no podr\u00e1 declarar ning\u00fan premio desierto, no habr\u00e1 premios compartidos y, en todos los casos,<br \/>\ncada premio se otorgar\u00e1 a una fotograf\u00eda individual.<br \/>\nV.3- Concluido el certamen, la Comisi\u00f3n Directiva podr\u00e1 disponer la impresi\u00f3n en postales donde figurar\u00e1 el<br \/>\nnombre del autor y el premio obtenido, agregando el logo del Ente Cultural Santafesino. Las mismas ser\u00e1n<br \/>\ndistribuidas a modo de difusi\u00f3n del concurso en diferentes eventos.<br \/>\nVI. DISPOSICIONES GENERALES.<br \/>\nEl anuncio de los ganadores se realizar\u00e1 una semana antes de la entrega de premios y menciones,<br \/>\ninformaci\u00f3n que ser\u00e1 publicada en\u00a0<a href=\"https:\/\/l.facebook.com\/l.php?u=http%3A%2F%2Fwww.entecultura.com%2F&amp;h=AT3xUBao7P8LDSW7sAjhpp1LeMhnTSiDDGhv8wqdWTuNxUcK8I5flK18oIUaqwQmQnOmgDPI7gHDWjLr_g58ibUXzHzXS53af8ylxyAlR3Bxmb41PEwE_Nm5j8vY_U8toAGx-tMUjHF5FbApSDBb6MDg4WKrQE8bfGqlYEAXW9P-eI3R1-9KSTdKHw2zW1u6AJcI-jRf6UAnoewRXFvGooohcpdzd6GzM-dmL6NgNxcwSzMG9Sxzr-93bb2_8LEUczs4sosm_5y7KRiFwEQNBe85obXDPi65AITDdstVe4B-A-xtddpE_KEFgmMr62As7kCRZkkc8ZXrMLqJT809D-fGlXLECC94iPNTfwmi_U8JEm-8RLOjHRvEsYwCFoqE_2Kr3E_-_TruyGXiU3triceAnfMkJBIh\" target=\"_blank\" rel=\"noopener nofollow\" data-ft=\"{&quot;tn&quot;:&quot;-U&quot;}\" data-lynx-mode=\"async\">www.entecultura.com.<\/a><br \/>\nEnte Cultural Santafesino<br \/>\n\u201cOjos de Santa Fe\u201d<br \/>\n________________________________________________________________________________<br \/>\n3<br \/>\nEl acto de entrega de premios se realizar\u00e1 en la edici\u00f3n de \u201cLa Fiesta de los Pueblos\u201d en fecha a consignar,<br \/>\nsiendo la asistencia de los ganadores, condici\u00f3n ineludible para recibir los premios.<br \/>\nLa presentaci\u00f3n de la documentaci\u00f3n y las im\u00e1genes impresas implica el conocimiento y la aceptaci\u00f3n de las<br \/>\nBases y Condiciones del presente concurso.<br \/>\nVII. DE LAS SITUACIONES ESPECIALES.<br \/>\nTodas aquellas situaciones especiales o particulares, no contenidas en las Bases de este concurso, ser\u00e1n<br \/>\nresueltas por la Comisi\u00f3n Directiva del Ente Cultural Santafesino, siendo responsabilidad absoluta de los<br \/>\nparticipantes aceptar lo dispuesto, no existiendo posibilidad de r\u00e9plica.<\/span><\/p>\n<p>Para mas informaci\u00f3n consulta con Ra\u00fal Gorosito, Presidente de la Comisi\u00f3n de Cultura, en al Estaci\u00f3n de Trenes.<\/p>\n","protected":false},"excerpt":{"rendered":"<p>CONVOCATORIA 2018 CERTAMEN FOTOGR\u00c1FICO \u201cOjos de Santa Fe\u201d es el certamen fotogr\u00e1fico del Ente Cultural&#8230;<\/p>\n","protected":false},"author":3,"featured_media":6887,"comment_status":"closed","ping_status":"closed","sticky":false,"template":"","format":"standard","meta":{"footnotes":""},"categories":[1,3],"tags":[],"class_list":["post-6886","post","type-post","status-publish","format-standard","has-post-thumbnail","hentry","category-uncategorized","category-noticias"],"featured_image_urls":{"full":["https:\/\/fmamiga909.com.ar\/wp-content\/uploads\/2018\/10\/ojos.jpg",299,169,false],"thumbnail":["https:\/\/fmamiga909.com.ar\/wp-content\/uploads\/2018\/10\/ojos-150x150.jpg",150,150,true],"medium":["https:\/\/fmamiga909.com.ar\/wp-content\/uploads\/2018\/10\/ojos.jpg",299,169,false],"medium_large":["https:\/\/fmamiga909.com.ar\/wp-content\/uploads\/2018\/10\/ojos.jpg",299,169,false],"large":["https:\/\/fmamiga909.com.ar\/wp-content\/uploads\/2018\/10\/ojos.jpg",299,169,false],"1536x1536":["https:\/\/fmamiga909.com.ar\/wp-content\/uploads\/2018\/10\/ojos.jpg",299,169,false],"2048x2048":["https:\/\/fmamiga909.com.ar\/wp-content\/uploads\/2018\/10\/ojos.jpg",299,169,false],"newsium-slider-full":["https:\/\/fmamiga909.com.ar\/wp-content\/uploads\/2018\/10\/ojos.jpg",299,169,false],"newsium-featured":["https:\/\/fmamiga909.com.ar\/wp-content\/uploads\/2018\/10\/ojos.jpg",299,169,false],"newsium-medium":["https:\/\/fmamiga909.com.ar\/wp-content\/uploads\/2018\/10\/ojos.jpg",299,169,false]},"author_info":{"display_name":"Fredy Giuliano","author_link":"https:\/\/fmamiga909.com.ar\/?author=3"},"category_info":"<a href=\"https:\/\/fmamiga909.com.ar\/?cat=1\" rel=\"category\">La radio<\/a> <a href=\"https:\/\/fmamiga909.com.ar\/?cat=3\" rel=\"category\">Noticias<\/a>","tag_info":"Noticias","comment_count":"0","_links":{"self":[{"href":"https:\/\/fmamiga909.com.ar\/index.php?rest_route=\/wp\/v2\/posts\/6886","targetHints":{"allow":["GET"]}}],"collection":[{"href":"https:\/\/fmamiga909.com.ar\/index.php?rest_route=\/wp\/v2\/posts"}],"about":[{"href":"https:\/\/fmamiga909.com.ar\/index.php?rest_route=\/wp\/v2\/types\/post"}],"author":[{"embeddable":true,"href":"https:\/\/fmamiga909.com.ar\/index.php?rest_route=\/wp\/v2\/users\/3"}],"replies":[{"embeddable":true,"href":"https:\/\/fmamiga909.com.ar\/index.php?rest_route=%2Fwp%2Fv2%2Fcomments&post=6886"}],"version-history":[{"count":1,"href":"https:\/\/fmamiga909.com.ar\/index.php?rest_route=\/wp\/v2\/posts\/6886\/revisions"}],"predecessor-version":[{"id":6888,"href":"https:\/\/fmamiga909.com.ar\/index.php?rest_route=\/wp\/v2\/posts\/6886\/revisions\/6888"}],"wp:featuredmedia":[{"embeddable":true,"href":"https:\/\/fmamiga909.com.ar\/index.php?rest_route=\/wp\/v2\/media\/6887"}],"wp:attachment":[{"href":"https:\/\/fmamiga909.com.ar\/index.php?rest_route=%2Fwp%2Fv2%2Fmedia&parent=6886"}],"wp:term":[{"taxonomy":"category","embeddable":true,"href":"https:\/\/fmamiga909.com.ar\/index.php?rest_route=%2Fwp%2Fv2%2Fcategories&post=6886"},{"taxonomy":"post_tag","embeddable":true,"href":"https:\/\/fmamiga909.com.ar\/index.php?rest_route=%2Fwp%2Fv2%2Ftags&post=6886"}],"curies":[{"name":"wp","href":"https:\/\/api.w.org\/{rel}","templated":true}]}}