{"id":6928,"date":"2018-10-16T12:19:15","date_gmt":"2018-10-16T12:19:15","guid":{"rendered":"http:\/\/fmamiga909.com.ar\/?p=6928"},"modified":"2018-10-16T12:23:08","modified_gmt":"2018-10-16T12:23:08","slug":"joana-franco-reina-de-la-soja","status":"publish","type":"post","link":"https:\/\/fmamiga909.com.ar\/?p=6928","title":{"rendered":"Joana Franco REINA DE LA SOJA"},"content":{"rendered":"<p>Se celebro en la localidad de Villa Trinidad una nueva edici\u00f3n de la fiesta de la soja y en esta oportunidad se consagro reina la Hersiliense Joana Franco representando a la comuna de Hersilia.<\/p>\n<p>Senador Provincial Felipe Michig particip\u00f3, durante este fin de semana, de la 40\u00b0 edici\u00f3n de la Fiesta Departamental de la Soja, desarrollada en el club Libertad de Villa Trinidad que coincidentemente festej\u00f3 sus 90 a\u00f1os de vida institucional. En la oportunidad entreg\u00f3 la declaraci\u00f3n de Inter\u00e9s Provincial de la C\u00e1mara de Senadores y aportes provinciales por un total de $ 220 mil para gastos de organizaci\u00f3n.<\/p>\n<p>Durante los actos centrales se destac\u00f3 la presencia \u2013adem\u00e1s- del Pte. Comunal Jos\u00e9 Luis S\u00e1nchez, sus pares de Ambrosetti, Omar Sterren; de La Rubia, Danilo Martinotti; Arruf\u00f3, Cristian Piumatti, Colonia Ana, Marcos Clausen y de Colonia Rosa, Juan D\u00edaz; la Subsecretaria de Municipios y Comunas, Mar\u00eda Paula Salari, el Subsecretario Pcial, Marcelo Airaldo; el Pte. de la instituci\u00f3n, Fernando Abratte, miembros de la Comisi\u00f3n Directiva, deportistas, t\u00e9cnicos, padres y p\u00fablico en general.<\/p>\n<h6>\u201cUn orgullo en la regi\u00f3n\u201d<\/h6>\n<p>Michlig, luego de trasladar el saludo del Gobernador Lifschitz y el Vicegobernador Fascendini hizo entrega de la declaraci\u00f3n de Inter\u00e9s de la C\u00e1mara de Senadores, aprobada en la \u00faltima sesi\u00f3n -a partir de un proyecto de su autor\u00eda- y acerc\u00f3 aportes del Programa de Fortalecimiento Institucional, de Loter\u00eda de la Provincia y del Ministerio de la Producci\u00f3n por un monto total de 220 mil pesos para actividades institucionales y apoyo organizativos\u201d.<\/p>\n<p>A su vez el legislador se comprometi\u00f3 \u201ca seguir apoyando a todas las actividades y al deporte en general, para seguir consolidando su funci\u00f3n social, a lo que esta instituci\u00f3n es un ejemplo, tanto en lo edilicio como en lo humano, con sus m\u00e1s de 1500 socios,\u00a0 siendo un orgullo en la regi\u00f3n y por la participaci\u00f3n en calificadas competencias deportivas\u201d indic\u00f3.<\/p>\n<p>El presidente de la entidad Fernando Abrate manifest\u00f3 su agradecimiento al Senador Michlig y al Gobierno Provincial en su conjunto y a todos los que ponen su granito de arena para que esto sea posible, para el bien de nuestra entidad y de toda la comunidad\u201d.<\/p>\n<h6>Defender el mutualismo y el cooperativismo<\/h6>\n<p>Tambi\u00e9n el Senador asumi\u00f3 el compromiso de \u201cseguir trabajando para el desarrollo de todas las instituciones y pueblos del departamento, y por la concreci\u00f3n de todas las fiestas populares\u201d.<\/p>\n<p>Por otra parte se\u00f1al\u00f3 que \u201cen este particular momento estamos abocados desde el Gobierno Provincial y de toda la dirigencia del FPCyS en tratar que se d\u00e9 marcha atr\u00e1s con el intento del Gobierno Nacional de gravar con impuesto a las ganancias la actividad de mutuales y cooperativas. Se debe entender desde el Gobierno central la importancia de estas entidades para las econom\u00edas regionales y la incidencia social que tienen, un ejemplo es lo que ocurre en este Club con su mutual. Estas entidades no tiene ganancias, sino utilidades que se vuelcan a fines sociales porque su naturaleza jur\u00eddica es sin fines de lucro\u201d.<\/p>\n<h6>N\u00fameros art\u00edsticos de excelencia<\/h6>\n<p>Asimismo en el marco de los 90 a\u00f1os del Club Atl\u00e9tico Libertad Trinidad y la edici\u00f3n 40 de la Fiesta Departamental de la Soja se realiz\u00f3 la elecci\u00f3n de la reina siendo coronada Joana Franco, que represent\u00f3 a la comuna de Hersilia; mientras que fueron electas como primera princesa, Agostina Toza, de Villa Trinidad y segunda princesa, Milena Clavero, de Colonia Ana.<\/p>\n<p>La m\u00fasica y el humor llegaron a trav\u00e9s de la presentaci\u00f3n del D\u00fao santafesino \u201cFulanas\u201d siendo que una de las integrantes es hija de la localidad (Sofi Angeloi), la palpitaci\u00f3n del humorista Popo Giaveno y la actuaci\u00f3n destacada de Alejandro Lerner.<\/p>\n","protected":false},"excerpt":{"rendered":"<p>Se celebro en la localidad de Villa Trinidad una nueva edici\u00f3n de la fiesta de&#8230;<\/p>\n","protected":false},"author":3,"featured_media":6929,"comment_status":"closed","ping_status":"closed","sticky":false,"template":"","format":"standard","meta":{"footnotes":""},"categories":[1,3],"tags":[],"class_list":["post-6928","post","type-post","status-publish","format-standard","has-post-thumbnail","hentry","category-uncategorized","category-noticias"],"featured_image_urls":{"full":["https:\/\/fmamiga909.com.ar\/wp-content\/uploads\/2018\/10\/fiesta-soja-2018.jpg",870,522,false],"thumbnail":["https:\/\/fmamiga909.com.ar\/wp-content\/uploads\/2018\/10\/fiesta-soja-2018-150x150.jpg",150,150,true],"medium":["https:\/\/fmamiga909.com.ar\/wp-content\/uploads\/2018\/10\/fiesta-soja-2018-300x180.jpg",300,180,true],"medium_large":["https:\/\/fmamiga909.com.ar\/wp-content\/uploads\/2018\/10\/fiesta-soja-2018.jpg",870,522,false],"large":["https:\/\/fmamiga909.com.ar\/wp-content\/uploads\/2018\/10\/fiesta-soja-2018.jpg",640,384,false],"1536x1536":["https:\/\/fmamiga909.com.ar\/wp-content\/uploads\/2018\/10\/fiesta-soja-2018.jpg",870,522,false],"2048x2048":["https:\/\/fmamiga909.com.ar\/wp-content\/uploads\/2018\/10\/fiesta-soja-2018.jpg",870,522,false],"newsium-slider-full":["https:\/\/fmamiga909.com.ar\/wp-content\/uploads\/2018\/10\/fiesta-soja-2018.jpg",870,522,false],"newsium-featured":["https:\/\/fmamiga909.com.ar\/wp-content\/uploads\/2018\/10\/fiesta-soja-2018.jpg",870,522,false],"newsium-medium":["https:\/\/fmamiga909.com.ar\/wp-content\/uploads\/2018\/10\/fiesta-soja-2018.jpg",720,432,false]},"author_info":{"display_name":"Fredy Giuliano","author_link":"https:\/\/fmamiga909.com.ar\/?author=3"},"category_info":"<a href=\"https:\/\/fmamiga909.com.ar\/?cat=1\" rel=\"category\">La radio<\/a> <a href=\"https:\/\/fmamiga909.com.ar\/?cat=3\" rel=\"category\">Noticias<\/a>","tag_info":"Noticias","comment_count":"0","_links":{"self":[{"href":"https:\/\/fmamiga909.com.ar\/index.php?rest_route=\/wp\/v2\/posts\/6928","targetHints":{"allow":["GET"]}}],"collection":[{"href":"https:\/\/fmamiga909.com.ar\/index.php?rest_route=\/wp\/v2\/posts"}],"about":[{"href":"https:\/\/fmamiga909.com.ar\/index.php?rest_route=\/wp\/v2\/types\/post"}],"author":[{"embeddable":true,"href":"https:\/\/fmamiga909.com.ar\/index.php?rest_route=\/wp\/v2\/users\/3"}],"replies":[{"embeddable":true,"href":"https:\/\/fmamiga909.com.ar\/index.php?rest_route=%2Fwp%2Fv2%2Fcomments&post=6928"}],"version-history":[{"count":1,"href":"https:\/\/fmamiga909.com.ar\/index.php?rest_route=\/wp\/v2\/posts\/6928\/revisions"}],"predecessor-version":[{"id":6930,"href":"https:\/\/fmamiga909.com.ar\/index.php?rest_route=\/wp\/v2\/posts\/6928\/revisions\/6930"}],"wp:featuredmedia":[{"embeddable":true,"href":"https:\/\/fmamiga909.com.ar\/index.php?rest_route=\/wp\/v2\/media\/6929"}],"wp:attachment":[{"href":"https:\/\/fmamiga909.com.ar\/index.php?rest_route=%2Fwp%2Fv2%2Fmedia&parent=6928"}],"wp:term":[{"taxonomy":"category","embeddable":true,"href":"https:\/\/fmamiga909.com.ar\/index.php?rest_route=%2Fwp%2Fv2%2Fcategories&post=6928"},{"taxonomy":"post_tag","embeddable":true,"href":"https:\/\/fmamiga909.com.ar\/index.php?rest_route=%2Fwp%2Fv2%2Ftags&post=6928"}],"curies":[{"name":"wp","href":"https:\/\/api.w.org\/{rel}","templated":true}]}}