{"id":7029,"date":"2018-11-08T11:44:02","date_gmt":"2018-11-08T11:44:02","guid":{"rendered":"http:\/\/fmamiga909.com.ar\/?p=7029"},"modified":"2018-11-08T11:44:02","modified_gmt":"2018-11-08T11:44:02","slug":"dia-del-empleado-comunal","status":"publish","type":"post","link":"https:\/\/fmamiga909.com.ar\/?p=7029","title":{"rendered":"D\u00eda del Empleado Comunal"},"content":{"rendered":"<p>Hoy se celebra el D\u00eda del empleados Comunal por este motivo saludamos a todos ellos deseandoles que tengan una excelente Jornada.<\/p>\n<p>Por otro lado, la autoridad Comunal COMUNICA al pueblo en general que por el motivo arriba expresado, este se traslada al pr\u00f3ximo lunes 12 del corriente, por lo tanto en esta fecha no habr\u00e1 actividad comunal, a excepci\u00f3n de la recolecci\u00f3n de residuos.<\/p>\n","protected":false},"excerpt":{"rendered":"<p>Hoy se celebra el D\u00eda del empleados Comunal por este motivo saludamos a todos ellos&#8230;<\/p>\n","protected":false},"author":3,"featured_media":7030,"comment_status":"closed","ping_status":"closed","sticky":false,"template":"","format":"standard","meta":{"footnotes":""},"categories":[1,3],"tags":[],"class_list":["post-7029","post","type-post","status-publish","format-standard","has-post-thumbnail","hentry","category-uncategorized","category-noticias"],"featured_image_urls":{"full":["https:\/\/fmamiga909.com.ar\/wp-content\/uploads\/2018\/11\/diadeltrabajador-1024x640.jpg",1024,640,false],"thumbnail":["https:\/\/fmamiga909.com.ar\/wp-content\/uploads\/2018\/11\/diadeltrabajador-1024x640-150x150.jpg",150,150,true],"medium":["https:\/\/fmamiga909.com.ar\/wp-content\/uploads\/2018\/11\/diadeltrabajador-1024x640-300x188.jpg",300,188,true],"medium_large":["https:\/\/fmamiga909.com.ar\/wp-content\/uploads\/2018\/11\/diadeltrabajador-1024x640.jpg",1024,640,false],"large":["https:\/\/fmamiga909.com.ar\/wp-content\/uploads\/2018\/11\/diadeltrabajador-1024x640-1024x640.jpg",640,400,true],"1536x1536":["https:\/\/fmamiga909.com.ar\/wp-content\/uploads\/2018\/11\/diadeltrabajador-1024x640.jpg",1024,640,false],"2048x2048":["https:\/\/fmamiga909.com.ar\/wp-content\/uploads\/2018\/11\/diadeltrabajador-1024x640.jpg",1024,640,false],"newsium-slider-full":["https:\/\/fmamiga909.com.ar\/wp-content\/uploads\/2018\/11\/diadeltrabajador-1024x640.jpg",1024,640,false],"newsium-featured":["https:\/\/fmamiga909.com.ar\/wp-content\/uploads\/2018\/11\/diadeltrabajador-1024x640.jpg",1024,640,false],"newsium-medium":["https:\/\/fmamiga909.com.ar\/wp-content\/uploads\/2018\/11\/diadeltrabajador-1024x640.jpg",720,450,false]},"author_info":{"display_name":"Fredy Giuliano","author_link":"https:\/\/fmamiga909.com.ar\/?author=3"},"category_info":"<a href=\"https:\/\/fmamiga909.com.ar\/?cat=1\" rel=\"category\">La radio<\/a> <a href=\"https:\/\/fmamiga909.com.ar\/?cat=3\" rel=\"category\">Noticias<\/a>","tag_info":"Noticias","comment_count":"0","_links":{"self":[{"href":"https:\/\/fmamiga909.com.ar\/index.php?rest_route=\/wp\/v2\/posts\/7029","targetHints":{"allow":["GET"]}}],"collection":[{"href":"https:\/\/fmamiga909.com.ar\/index.php?rest_route=\/wp\/v2\/posts"}],"about":[{"href":"https:\/\/fmamiga909.com.ar\/index.php?rest_route=\/wp\/v2\/types\/post"}],"author":[{"embeddable":true,"href":"https:\/\/fmamiga909.com.ar\/index.php?rest_route=\/wp\/v2\/users\/3"}],"replies":[{"embeddable":true,"href":"https:\/\/fmamiga909.com.ar\/index.php?rest_route=%2Fwp%2Fv2%2Fcomments&post=7029"}],"version-history":[{"count":1,"href":"https:\/\/fmamiga909.com.ar\/index.php?rest_route=\/wp\/v2\/posts\/7029\/revisions"}],"predecessor-version":[{"id":7031,"href":"https:\/\/fmamiga909.com.ar\/index.php?rest_route=\/wp\/v2\/posts\/7029\/revisions\/7031"}],"wp:featuredmedia":[{"embeddable":true,"href":"https:\/\/fmamiga909.com.ar\/index.php?rest_route=\/wp\/v2\/media\/7030"}],"wp:attachment":[{"href":"https:\/\/fmamiga909.com.ar\/index.php?rest_route=%2Fwp%2Fv2%2Fmedia&parent=7029"}],"wp:term":[{"taxonomy":"category","embeddable":true,"href":"https:\/\/fmamiga909.com.ar\/index.php?rest_route=%2Fwp%2Fv2%2Fcategories&post=7029"},{"taxonomy":"post_tag","embeddable":true,"href":"https:\/\/fmamiga909.com.ar\/index.php?rest_route=%2Fwp%2Fv2%2Ftags&post=7029"}],"curies":[{"name":"wp","href":"https:\/\/api.w.org\/{rel}","templated":true}]}}