{"id":7119,"date":"2018-11-15T12:54:22","date_gmt":"2018-11-15T12:54:22","guid":{"rendered":"http:\/\/fmamiga909.com.ar\/?p=7119"},"modified":"2018-11-15T12:54:22","modified_gmt":"2018-11-15T12:54:22","slug":"15-de-noviembre-fundacion-de-santa-fe","status":"publish","type":"post","link":"https:\/\/fmamiga909.com.ar\/?p=7119","title":{"rendered":"15 DE NOVIEMBRE FUNDACI\u00d3N DE SANTA FE"},"content":{"rendered":"<p>En sus or\u00edgenes, la provincia de Santa Fe fue un territorio habitado por grupos de nativos, organizados en tribus: Tobas, Guaran\u00edes, Mocov\u00edes, Pilag\u00e1s, Guaycur\u00faes, Querand\u00edes, Abipones, Timb\u00faes, Quiloazas, Mocoret\u00e1s y Corondas. Estos pueblos originarios eran n\u00f3mades y su econom\u00eda de supervivencia era la caza, la pesca y la recolecci\u00f3n de frutos.<\/p>\n<p>El primer asentamiento europeo data del a\u00f1o 1527, en la confluencia de los r\u00edos Carcara\u00f1\u00e1 y Paran\u00e1, con la fundaci\u00f3n del fuerte de Sancti Sp\u00edritu por iniciativa de Sebasti\u00e1n Gaboto. Este fuerte fue destruido por los pueblos originarios como rechazo a la colonizaci\u00f3n.<\/p>\n<p>Cincuenta a\u00f1os despu\u00e9s, por orden del Gobernador de Asunci\u00f3n, Juan de Garay fund\u00f3 la ciudad de Santa Fe el 15 de noviembre de 1573. La Fundaci\u00f3n se realiz\u00f3 en las barrancas del r\u00edo de los Quiloazas, actualmente R\u00edo San Javier. De este modo, Garay fue el primer teniente de Gobernador de Santa Fe, quedando el territorio instituido como Tenencia de Gobierno de Santa Fe.<\/p>\n<p>Debido a las reiteradas e importantes inundaciones, se resolvi\u00f3 emplazar la ciudad en su lugar actual. Los primeros traslados de pobladores comenzaron a realizarse de manera aislada en 1651, pero debido a las protestas por la decisi\u00f3n, la mudanza se concret\u00f3 diez a\u00f1os despu\u00e9s. En este momento fue que se a\u00f1adi\u00f3 el calificativo \u2018de la Vera Cruz\u2019 al nombre de Santa Fe.<\/p>\n<p>Finalmente, la autorizaci\u00f3n real fue concedida por Real C\u00e9dula el 6 de agosto de 1670 a partir de la cual se dividi\u00f3 en dos la regi\u00f3n que se hab\u00eda atribuido Pedro de Mendoza: la Gobernaci\u00f3n del R\u00edo de la Plata y la Gobernaci\u00f3n del Paraguay.<\/p>\n<p>Autonom\u00eda Provincial<\/p>\n<p>Luego se suceder\u00e1n como hitos hist\u00f3ricos la creaci\u00f3n del Virreinato del R\u00edo de la Plata en 1776 y, finalmente, la Revoluci\u00f3n de Mayo en 1810. Sin embargo, Santa Fe continu\u00f3 dependiendo de Buenos Aires por el R\u00e9gimen de las Gobernaciones hasta el a\u00f1o 1815 cuando design\u00f3 a su propio gobernador, Francisco Candioti, luego de una larga lucha para lograr su autonom\u00eda.<\/p>\n<p>En 1819, Estanislao L\u00f3pez -considerado el Patriarca de la Federaci\u00f3n- otorg\u00f3 la primera constituci\u00f3n de Santa Fe que fue, adem\u00e1s, la primera provincia argentina que cont\u00f3 con constituci\u00f3n propia.<\/p>\n<p>M\u00e1s tarde, Santa Fe fue invadida por el Ej\u00e9rcito Grande de Justo Jos\u00e9 de Urquiza en 1851 y dos a\u00f1os despu\u00e9s, durante el mandato de Juan Pablo L\u00f3pez, se adopt\u00f3 una nueva Constituci\u00f3n Nacional.<\/p>\n<p>Luego de la Organizaci\u00f3n Nacional, la Provincia de Santa Fe vivi\u00f3 un per\u00edodo de armon\u00eda, s\u00f3lo alterada por fuertes contiendas electorales entre las dos corrientes pol\u00edticas: la federal seguidora de Urquiza y la nacional o liberal seguidora de Mitre.<\/p>\n<p>A partir de la sanci\u00f3n de una Ley en el a\u00f1o 1883, se ampli\u00f3 a 9 el n\u00famero de departamentos de la Provincia y siete a\u00f1os m\u00e1s tarde se multiplic\u00f3 este n\u00famero a 18. Hoy, Santa Fe cuenta con una divisi\u00f3n de 19 departamentos.<\/p>\n<p>Otras leyes sancionadas fijaron los l\u00edmites interprovinciales que delimitaron completamente las fronteras y permitieron extender el territorio de Santa Fe, tal como lo conocemos la actualidad.<\/p>\n","protected":false},"excerpt":{"rendered":"<p>En sus or\u00edgenes, la provincia de Santa Fe fue un territorio habitado por grupos de&#8230;<\/p>\n","protected":false},"author":3,"featured_media":7120,"comment_status":"closed","ping_status":"closed","sticky":false,"template":"","format":"standard","meta":{"footnotes":""},"categories":[1,3],"tags":[],"class_list":["post-7119","post","type-post","status-publish","format-standard","has-post-thumbnail","hentry","category-uncategorized","category-noticias"],"featured_image_urls":{"full":["https:\/\/fmamiga909.com.ar\/wp-content\/uploads\/2018\/11\/WhatsApp-Image-2018-11-14-at-9.41.09-PM.jpeg",1200,1200,false],"thumbnail":["https:\/\/fmamiga909.com.ar\/wp-content\/uploads\/2018\/11\/WhatsApp-Image-2018-11-14-at-9.41.09-PM-150x150.jpeg",150,150,true],"medium":["https:\/\/fmamiga909.com.ar\/wp-content\/uploads\/2018\/11\/WhatsApp-Image-2018-11-14-at-9.41.09-PM-300x300.jpeg",300,300,true],"medium_large":["https:\/\/fmamiga909.com.ar\/wp-content\/uploads\/2018\/11\/WhatsApp-Image-2018-11-14-at-9.41.09-PM.jpeg",1200,1200,false],"large":["https:\/\/fmamiga909.com.ar\/wp-content\/uploads\/2018\/11\/WhatsApp-Image-2018-11-14-at-9.41.09-PM-1024x1024.jpeg",640,640,true],"1536x1536":["https:\/\/fmamiga909.com.ar\/wp-content\/uploads\/2018\/11\/WhatsApp-Image-2018-11-14-at-9.41.09-PM.jpeg",1200,1200,false],"2048x2048":["https:\/\/fmamiga909.com.ar\/wp-content\/uploads\/2018\/11\/WhatsApp-Image-2018-11-14-at-9.41.09-PM.jpeg",1200,1200,false],"newsium-slider-full":["https:\/\/fmamiga909.com.ar\/wp-content\/uploads\/2018\/11\/WhatsApp-Image-2018-11-14-at-9.41.09-PM.jpeg",845,845,false],"newsium-featured":["https:\/\/fmamiga909.com.ar\/wp-content\/uploads\/2018\/11\/WhatsApp-Image-2018-11-14-at-9.41.09-PM.jpeg",1024,1024,false],"newsium-medium":["https:\/\/fmamiga909.com.ar\/wp-content\/uploads\/2018\/11\/WhatsApp-Image-2018-11-14-at-9.41.09-PM.jpeg",475,475,false]},"author_info":{"display_name":"Fredy Giuliano","author_link":"https:\/\/fmamiga909.com.ar\/?author=3"},"category_info":"<a href=\"https:\/\/fmamiga909.com.ar\/?cat=1\" rel=\"category\">La radio<\/a> <a href=\"https:\/\/fmamiga909.com.ar\/?cat=3\" rel=\"category\">Noticias<\/a>","tag_info":"Noticias","comment_count":"0","_links":{"self":[{"href":"https:\/\/fmamiga909.com.ar\/index.php?rest_route=\/wp\/v2\/posts\/7119","targetHints":{"allow":["GET"]}}],"collection":[{"href":"https:\/\/fmamiga909.com.ar\/index.php?rest_route=\/wp\/v2\/posts"}],"about":[{"href":"https:\/\/fmamiga909.com.ar\/index.php?rest_route=\/wp\/v2\/types\/post"}],"author":[{"embeddable":true,"href":"https:\/\/fmamiga909.com.ar\/index.php?rest_route=\/wp\/v2\/users\/3"}],"replies":[{"embeddable":true,"href":"https:\/\/fmamiga909.com.ar\/index.php?rest_route=%2Fwp%2Fv2%2Fcomments&post=7119"}],"version-history":[{"count":1,"href":"https:\/\/fmamiga909.com.ar\/index.php?rest_route=\/wp\/v2\/posts\/7119\/revisions"}],"predecessor-version":[{"id":7121,"href":"https:\/\/fmamiga909.com.ar\/index.php?rest_route=\/wp\/v2\/posts\/7119\/revisions\/7121"}],"wp:featuredmedia":[{"embeddable":true,"href":"https:\/\/fmamiga909.com.ar\/index.php?rest_route=\/wp\/v2\/media\/7120"}],"wp:attachment":[{"href":"https:\/\/fmamiga909.com.ar\/index.php?rest_route=%2Fwp%2Fv2%2Fmedia&parent=7119"}],"wp:term":[{"taxonomy":"category","embeddable":true,"href":"https:\/\/fmamiga909.com.ar\/index.php?rest_route=%2Fwp%2Fv2%2Fcategories&post=7119"},{"taxonomy":"post_tag","embeddable":true,"href":"https:\/\/fmamiga909.com.ar\/index.php?rest_route=%2Fwp%2Fv2%2Ftags&post=7119"}],"curies":[{"name":"wp","href":"https:\/\/api.w.org\/{rel}","templated":true}]}}