{"id":7178,"date":"2018-11-29T15:37:41","date_gmt":"2018-11-29T15:37:41","guid":{"rendered":"http:\/\/fmamiga909.com.ar\/?p=7178"},"modified":"2018-11-29T15:37:41","modified_gmt":"2018-11-29T15:37:41","slug":"en-hersilia-agroecologia-es-cuidar-el-monte-nativo","status":"publish","type":"post","link":"https:\/\/fmamiga909.com.ar\/?p=7178","title":{"rendered":"En Hersilia, agroecolog\u00eda es cuidar el monte nativo."},"content":{"rendered":"<p>El Equipo para la Promoci\u00f3n de la Agroecolog\u00eda de Hersilia ha previsto un cierre de a\u00f1o poniendo \u00e9nfasis en tres aspectos de las pol\u00edticas que viene desarrollando junto al grupo de Peque\u00f1os Productores locales y la Red de T\u00e9cnicos en Agroecolog\u00eda del Litoral:<\/p>\n<p>1- Reforzar el cuidado del monte nativo y la necesidad de considerar al \u00e1rbol como un actor clave imprescindible para el mejoramiento y sostenimiento arm\u00f3nico eco sist\u00e9mico, sociocultural y econ\u00f3mico.<\/p>\n<p>2- Fortalecer la pata productiva ganadera-tambera a trav\u00e9s de un taller sobre el sistema PRV (Pastoreo Racional Voisin). Se har\u00e1 un taller el jueves 29 de noviembre, con la visita de los Ing. Agr\u00f3nomos Fernando Aiello y Leandro Menapace.<\/p>\n<p>3- Acelerar el desarrollo del Centro Regional de Servicios para la Agroecolog\u00eda en las tres hect\u00e1reas con que cuenta el Equipo y el grupo de productores como base operativa.<\/p>\n<p>Respecto al punto 1, el mi\u00e9rcoles 28 se realiz\u00f3 en la sala de reuniones de la Estaci\u00f3n de Ferrocarril una charla taller sobre \u201cPropuestas de Intervenci\u00f3n del Bosque Nativo\u201d y \u201cForestaci\u00f3n con Especies Nativas\u201d a cargo de Gerardo Castro, referente de esta \u00e1rea pertenecientes al Ministerio de Ambiente de la Provincia de Santa Fe.<\/p>\n<p>La misma fue gestionada desde la Secretar\u00eda de la Agricultura Familiar de la Naci\u00f3n y contaron con la presencia de actores locales y de la regi\u00f3n: La Rubia, Ceres, San Guillermo, San Crist\u00f3bal.<\/p>\n<p>La charla comenz\u00f3 con una historizaci\u00f3n de la cantidad de bosque nativo y lo sucedido con el mismo en el per\u00edodo de \u201cla Forestal\u201d, y el derrotero que desde all\u00ed en adelante corrieron los montes renovales emergentes y los que quedaron sobre todo a la ribera de R\u00edos y algunos arroyos como el casi extinto espinal santafesino.<\/p>\n<p>La provincia de Santa Fe, que ha perdido m\u00e1s del 80% de sus bosque nativos, cuenta desde 2014 con una ley y su decreto reglamentario que ordenan el manejo de lo poco que nos queda. El mismo, por disposici\u00f3n de la Ley nacional que lo enmarca contempla tres tipos de zonas: Verdes (se puede desmontar); Amarilla (se puede hacer raleo en un porcentaje del mismo y manejo del bosque preservando su diversidad y esencia); Roja (se puede introducir ganader\u00eda y actividades pero sin modificar, ni ralear el bosque).<\/p>\n<p>Santa Fe no cuenta con zona VERDE, es decir, no se puede desmontar. Toda parcela que posea \u00e1rboles nativos (en nuestra eco regi\u00f3n: cha\u00f1ar, espinillos, algarrobos, tuscas, cina cina, etc) en una dimensi\u00f3n de m\u00e1s de media hect\u00e1rea contando con un m\u00ednimo de tres metros de altura y algunas condiciones atenientes a la cobertura de copa, es considerada parte del Bosque Nativo y por tanto entra dentro de la protecci\u00f3n y regulaciones de manejo considerados en la Ley 26.331 de Presupuestos M\u00ednimos de Protecci\u00f3n Ambiental de los Bosques Nativos y del Decreto Provincial 5242\/2014 de Reglamentaci\u00f3n de la Ley N\u00ba 13.372 Ordenamiento de Bosques Nativos. De esta manera todo desmonte de una parcela que posea esas caracter\u00edsticas es ilegal y atenta contra la preservaci\u00f3n medioambiental, cuyos fundamentos son los que dan origen a la ley pero que adem\u00e1s son de sentido com\u00fan.<\/p>\n<p>La charla fue muy positiva, constituyendo un nuevo paso en pos del desarrollo productivo, social, cultural y ambiental a partir de los recursos que dispone esta ley a modo de subsidios. Adem\u00e1s de los v\u00ednculos establecidos entre los actores presentes con la intenci\u00f3n de retroalimentarse y encontrar apoyos mutuos en el camino de buscar mejor producci\u00f3n, con salud, enriquecimiento y sostenibilidad ambiental, embellecimiento paisaj\u00edstico y morigeraci\u00f3n de los cada vez m\u00e1s terribles efectos del calentamiento global.<\/p>\n<p><a href=\"https:\/\/fmamiga909.com.ar\/?attachment_id=7180\" rel=\"attachment wp-att-7180\"><img loading=\"lazy\" decoding=\"async\" class=\"aligncenter size-medium wp-image-7180\" src=\"https:\/\/fmamiga909.com.ar\/wp-content\/uploads\/2018\/11\/bosque-nativo-283x300.jpg\" alt=\"\" width=\"283\" height=\"300\" srcset=\"https:\/\/fmamiga909.com.ar\/wp-content\/uploads\/2018\/11\/bosque-nativo-283x300.jpg 283w, https:\/\/fmamiga909.com.ar\/wp-content\/uploads\/2018\/11\/bosque-nativo.jpg 381w\" sizes=\"auto, (max-width: 283px) 100vw, 283px\" \/><\/a><\/p>\n","protected":false},"excerpt":{"rendered":"<p>El Equipo para la Promoci\u00f3n de la Agroecolog\u00eda de Hersilia ha previsto un cierre de&#8230;<\/p>\n","protected":false},"author":3,"featured_media":7179,"comment_status":"closed","ping_status":"closed","sticky":false,"template":"","format":"standard","meta":{"footnotes":""},"categories":[1,3],"tags":[],"class_list":["post-7178","post","type-post","status-publish","format-standard","has-post-thumbnail","hentry","category-uncategorized","category-noticias"],"featured_image_urls":{"full":["https:\/\/fmamiga909.com.ar\/wp-content\/uploads\/2018\/11\/agroecologia.jpg",1040,780,false],"thumbnail":["https:\/\/fmamiga909.com.ar\/wp-content\/uploads\/2018\/11\/agroecologia-150x150.jpg",150,150,true],"medium":["https:\/\/fmamiga909.com.ar\/wp-content\/uploads\/2018\/11\/agroecologia-300x225.jpg",300,225,true],"medium_large":["https:\/\/fmamiga909.com.ar\/wp-content\/uploads\/2018\/11\/agroecologia.jpg",1040,780,false],"large":["https:\/\/fmamiga909.com.ar\/wp-content\/uploads\/2018\/11\/agroecologia-1024x768.jpg",640,480,true],"1536x1536":["https:\/\/fmamiga909.com.ar\/wp-content\/uploads\/2018\/11\/agroecologia.jpg",1040,780,false],"2048x2048":["https:\/\/fmamiga909.com.ar\/wp-content\/uploads\/2018\/11\/agroecologia.jpg",1040,780,false],"newsium-slider-full":["https:\/\/fmamiga909.com.ar\/wp-content\/uploads\/2018\/11\/agroecologia.jpg",1040,780,false],"newsium-featured":["https:\/\/fmamiga909.com.ar\/wp-content\/uploads\/2018\/11\/agroecologia.jpg",1024,768,false],"newsium-medium":["https:\/\/fmamiga909.com.ar\/wp-content\/uploads\/2018\/11\/agroecologia.jpg",633,475,false]},"author_info":{"display_name":"Fredy Giuliano","author_link":"https:\/\/fmamiga909.com.ar\/?author=3"},"category_info":"<a href=\"https:\/\/fmamiga909.com.ar\/?cat=1\" rel=\"category\">La radio<\/a> <a href=\"https:\/\/fmamiga909.com.ar\/?cat=3\" rel=\"category\">Noticias<\/a>","tag_info":"Noticias","comment_count":"0","_links":{"self":[{"href":"https:\/\/fmamiga909.com.ar\/index.php?rest_route=\/wp\/v2\/posts\/7178","targetHints":{"allow":["GET"]}}],"collection":[{"href":"https:\/\/fmamiga909.com.ar\/index.php?rest_route=\/wp\/v2\/posts"}],"about":[{"href":"https:\/\/fmamiga909.com.ar\/index.php?rest_route=\/wp\/v2\/types\/post"}],"author":[{"embeddable":true,"href":"https:\/\/fmamiga909.com.ar\/index.php?rest_route=\/wp\/v2\/users\/3"}],"replies":[{"embeddable":true,"href":"https:\/\/fmamiga909.com.ar\/index.php?rest_route=%2Fwp%2Fv2%2Fcomments&post=7178"}],"version-history":[{"count":1,"href":"https:\/\/fmamiga909.com.ar\/index.php?rest_route=\/wp\/v2\/posts\/7178\/revisions"}],"predecessor-version":[{"id":7181,"href":"https:\/\/fmamiga909.com.ar\/index.php?rest_route=\/wp\/v2\/posts\/7178\/revisions\/7181"}],"wp:featuredmedia":[{"embeddable":true,"href":"https:\/\/fmamiga909.com.ar\/index.php?rest_route=\/wp\/v2\/media\/7179"}],"wp:attachment":[{"href":"https:\/\/fmamiga909.com.ar\/index.php?rest_route=%2Fwp%2Fv2%2Fmedia&parent=7178"}],"wp:term":[{"taxonomy":"category","embeddable":true,"href":"https:\/\/fmamiga909.com.ar\/index.php?rest_route=%2Fwp%2Fv2%2Fcategories&post=7178"},{"taxonomy":"post_tag","embeddable":true,"href":"https:\/\/fmamiga909.com.ar\/index.php?rest_route=%2Fwp%2Fv2%2Ftags&post=7178"}],"curies":[{"name":"wp","href":"https:\/\/api.w.org\/{rel}","templated":true}]}}