{"id":7316,"date":"2019-01-17T13:09:59","date_gmt":"2019-01-17T13:09:59","guid":{"rendered":"http:\/\/fmamiga909.com.ar\/?p=7316"},"modified":"2019-01-17T13:09:59","modified_gmt":"2019-01-17T13:09:59","slug":"cuidadomanejar-con-ojotas-o-sandalias-tiene-severas-multas","status":"publish","type":"post","link":"https:\/\/fmamiga909.com.ar\/?p=7316","title":{"rendered":"CUIDADO:manejar con ojotas o sandalias tiene severas multas"},"content":{"rendered":"<p>Un mendocino desat\u00f3 el debate en redes sociales. El decreto 326, que complementa la ley 9.024 de Seguridad Vial, especifica que caracter\u00edsticas deben tener los zapatos del conductor.<\/p>\n<p>En los \u00faltimos d\u00edas, una multa publicada en Facebook se viraliz\u00f3 y alerto sobre una infracci\u00f3n frecuente de verano que tiene multas. \u00bfQu\u00e9 pas\u00f3? Un conductor mendocino fue hab\u00edan sancionado en Guaymall\u00e9n por manejar con sandalias. Aunque el monto era de 1.200 pesos, con el descuento de 40% por pago voluntario la cifra baj\u00f3 a 720 pesos.<\/p>\n<p>La publicaci\u00f3n fue replicada m\u00e1s de 4.000 veces y los comentarios se dividieron entre quienes aseguraron que es una prohibici\u00f3n de vieja data y qui\u00e9nes no. Lo cierto es que entre publicaci\u00f3n y publicaci\u00f3n surgi\u00f3 la pregunta obvia \u00bfPor qu\u00e9 no se puede manejar con ojotas o sandalias?<\/p>\n<p>Seg\u00fan el art\u00edculo 19 del decreto 326, que complementa la ley 9024 de Seguridad Vial, los conductores \u201cdeber\u00e1n hacer uso de calzado apropiado para el manejo y control total de los pedales de embrague, freno y acelerador del veh\u00edculo a su mando\u201d.<\/p>\n<p>Es decir, que ciertos tipos de calzados puede complicar el correcto desempe\u00f1o de la persona que est\u00e1 al mando del veh\u00edculo. Para ello, en el mismo decreto se especifica que caracter\u00edsticas debe tener el calzado adecuado.<\/p>\n<p>El texto oficial tambi\u00e9n determina: \u201cSe entiende por calzado apropiado aquellos de tipo cerrado o que, siendo abiertos, sujeten la parte anat\u00f3mica dorsal, plantar y lateral, con suela antideslizante que permita la sujeci\u00f3n a la goma de recubrimiento de los pedales\u201d, reza el texto oficial.<\/p>\n<p>&nbsp;<\/p>\n<p>Fuente: Minuto Uno<\/p>\n","protected":false},"excerpt":{"rendered":"<p>Un mendocino desat\u00f3 el debate en redes sociales. El decreto 326, que complementa la ley&#8230;<\/p>\n","protected":false},"author":3,"featured_media":7317,"comment_status":"closed","ping_status":"closed","sticky":false,"template":"","format":"standard","meta":{"footnotes":""},"categories":[1,3],"tags":[],"class_list":["post-7316","post","type-post","status-publish","format-standard","has-post-thumbnail","hentry","category-uncategorized","category-noticias"],"featured_image_urls":{"full":["https:\/\/fmamiga909.com.ar\/wp-content\/uploads\/2019\/01\/ojotas.jpg",856,483,false],"thumbnail":["https:\/\/fmamiga909.com.ar\/wp-content\/uploads\/2019\/01\/ojotas-150x150.jpg",150,150,true],"medium":["https:\/\/fmamiga909.com.ar\/wp-content\/uploads\/2019\/01\/ojotas-300x169.jpg",300,169,true],"medium_large":["https:\/\/fmamiga909.com.ar\/wp-content\/uploads\/2019\/01\/ojotas.jpg",856,483,false],"large":["https:\/\/fmamiga909.com.ar\/wp-content\/uploads\/2019\/01\/ojotas.jpg",640,361,false],"1536x1536":["https:\/\/fmamiga909.com.ar\/wp-content\/uploads\/2019\/01\/ojotas.jpg",856,483,false],"2048x2048":["https:\/\/fmamiga909.com.ar\/wp-content\/uploads\/2019\/01\/ojotas.jpg",856,483,false],"newsium-slider-full":["https:\/\/fmamiga909.com.ar\/wp-content\/uploads\/2019\/01\/ojotas.jpg",856,483,false],"newsium-featured":["https:\/\/fmamiga909.com.ar\/wp-content\/uploads\/2019\/01\/ojotas.jpg",856,483,false],"newsium-medium":["https:\/\/fmamiga909.com.ar\/wp-content\/uploads\/2019\/01\/ojotas.jpg",720,406,false]},"author_info":{"display_name":"Fredy Giuliano","author_link":"https:\/\/fmamiga909.com.ar\/?author=3"},"category_info":"<a href=\"https:\/\/fmamiga909.com.ar\/?cat=1\" rel=\"category\">La radio<\/a> <a href=\"https:\/\/fmamiga909.com.ar\/?cat=3\" rel=\"category\">Noticias<\/a>","tag_info":"Noticias","comment_count":"0","_links":{"self":[{"href":"https:\/\/fmamiga909.com.ar\/index.php?rest_route=\/wp\/v2\/posts\/7316","targetHints":{"allow":["GET"]}}],"collection":[{"href":"https:\/\/fmamiga909.com.ar\/index.php?rest_route=\/wp\/v2\/posts"}],"about":[{"href":"https:\/\/fmamiga909.com.ar\/index.php?rest_route=\/wp\/v2\/types\/post"}],"author":[{"embeddable":true,"href":"https:\/\/fmamiga909.com.ar\/index.php?rest_route=\/wp\/v2\/users\/3"}],"replies":[{"embeddable":true,"href":"https:\/\/fmamiga909.com.ar\/index.php?rest_route=%2Fwp%2Fv2%2Fcomments&post=7316"}],"version-history":[{"count":1,"href":"https:\/\/fmamiga909.com.ar\/index.php?rest_route=\/wp\/v2\/posts\/7316\/revisions"}],"predecessor-version":[{"id":7318,"href":"https:\/\/fmamiga909.com.ar\/index.php?rest_route=\/wp\/v2\/posts\/7316\/revisions\/7318"}],"wp:featuredmedia":[{"embeddable":true,"href":"https:\/\/fmamiga909.com.ar\/index.php?rest_route=\/wp\/v2\/media\/7317"}],"wp:attachment":[{"href":"https:\/\/fmamiga909.com.ar\/index.php?rest_route=%2Fwp%2Fv2%2Fmedia&parent=7316"}],"wp:term":[{"taxonomy":"category","embeddable":true,"href":"https:\/\/fmamiga909.com.ar\/index.php?rest_route=%2Fwp%2Fv2%2Fcategories&post=7316"},{"taxonomy":"post_tag","embeddable":true,"href":"https:\/\/fmamiga909.com.ar\/index.php?rest_route=%2Fwp%2Fv2%2Ftags&post=7316"}],"curies":[{"name":"wp","href":"https:\/\/api.w.org\/{rel}","templated":true}]}}