{"id":7374,"date":"2019-02-19T13:01:22","date_gmt":"2019-02-19T13:01:22","guid":{"rendered":"http:\/\/fmamiga909.com.ar\/?p=7374"},"modified":"2019-02-19T13:05:21","modified_gmt":"2019-02-19T13:05:21","slug":"comienza-la-titularizacion-para-docentes-en-los-niveles-inicial-primaria-y-especial","status":"publish","type":"post","link":"https:\/\/fmamiga909.com.ar\/?p=7374","title":{"rendered":"Comienza la titularizaci\u00f3n para docentes en los niveles inicial, primaria y especial"},"content":{"rendered":"<p>El Ministerio de Educaci\u00f3n de la provincia iniciar\u00e1 este viernes el cronograma de ofrecimiento de cargos y horas c\u00e1tedras correspondientes al concurso de ingreso a la docencia para los niveles Inicial, Primario y la modalidad Especial (IPE), cuya toma de posesi\u00f3n ser\u00e1 el primer d\u00eda del ciclo lectivo 2019.<\/p>\n<div class=\"text_exposed_show\">\n<p>A partir de este lunes ya est\u00e1n disponibles las vacantes de horas c\u00e1tedra y cargos desde en el sitio web:\u00a0<a href=\"https:\/\/www.santafe.gov.ar\/docentes\/vacantes\/?fbclid=IwAR0VUQwbj-MC5_1vrXkkaXpPqlBYynQhZHstepyY59dEAL_oL4S7ZmznKgM\" target=\"_blank\" rel=\"noopener nofollow\" data-ft=\"{&quot;tn&quot;:&quot;-U&quot;}\" data-lynx-mode=\"async\" data-lynx-uri=\"https:\/\/l.facebook.com\/l.php?u=https%3A%2F%2Fwww.santafe.gov.ar%2Fdocentes%2Fvacantes%2F%3Ffbclid%3DIwAR0VUQwbj-MC5_1vrXkkaXpPqlBYynQhZHstepyY59dEAL_oL4S7ZmznKgM&amp;h=AT06rncF-7sQOjsq7oZ4hBS54WDiKEMPt_oB--BjfmolOBwsw3htOJauI5RAxxT2kR43yEUD32xCL3nSaWG8EzQAe0j56q625qun80gYugOPvFAH6fygVRmSn4ASQ4xFL9wAc7WKTubxyB-_eiwPCGa7AwnqWUiG0zs3lZz3OlMG-fA6zS6-XAVT_wOL6HJXZ4C7PUx0yVbmHPfmrOqVo0e3V9GR3d-XQbtXddYYW_1VcYfFNnW4sT_-2LXfWGA4ruDfpvvCtwQsWB1QrvL3xJmvixVwJOxCjgwfHGy_p_KJGqDKq0-Lg-iwS2TfzKod-WypvMVwDmM-hINat3CK4Y1i5svLrSyui4mAasYmZHSqXlpSz0omxNAh0--Eff7ffFzWhuyFEwEAQJD1MSX7D39rba31eNzXU5ghxmPQg_z2hzqG1UGJ1nzNmckdWVEoLWeSjxvZJPX9UlkLhXI1xdNHyi0uVkFV0GP2QyEJmDiAKSDoqZv1R6whib7iWBfP9l8hdyW1wqbzZqcHUBxAZrxrkedO7QVmY2JjGhVdoHdbKj6wnYGXl_XDOfz_T1q_ODlhAF7D8SFBovPoXQuAxsP2UM3N-tOF\">https:\/\/www.santafe.gov.ar\/docentes\/vacantes\/<\/a><\/p>\n<p>En esta oportunidad, se titularizar\u00e1n 1220 cargos y 1719 horas c\u00e1tedra en toda la provincia, distribuidos de la siguiente manera: nivel inicial, 209 cargos y 1656 horas c\u00e1tedra; nivel primario, 932 cargos y 54 horas c\u00e1tedra; y especial, 79 cargos y 9 horas c\u00e1tedra.<\/p>\n<p>Se trata del 11\u00b0 concurso consecutivo que realiza la provincia en esos niveles, permitiendo a los docentes el acceso a cargos y horas titularizadas, lo que brinda estabilidad laboral al tiempo que garantiza las condiciones de ingreso, ascenso y evaluaci\u00f3n necesarias para el desarrollo de la carrera profesional.<\/p>\n<p>En tanto, desde el pasado 6 de febrero y hasta este martes 19, los aspirantes pueden enviar sus consultas a la Junta correspondiente, v\u00eda correo electr\u00f3nico, respecto del escalaf\u00f3n provisorio.<\/p>\n<p>Ofrecimientos<\/p>\n<p>Finalmente, la \u00faltima etapa de los ofrecimientos de cargos y horas se realizar\u00e1 de acuerdo al siguiente cronograma:<\/p>\n<p>&gt;&gt; 22 de febrero en Reconquista, para los docentes de la Regi\u00f3n II, en la Escuela de Educaci\u00f3n T\u00e9cnico Profesional N\u00b0 461\/462 (Pte. Roca 1250). El horario de inicio de ofrecimiento de cargos es a las 8 horas, y el de horas c\u00e1tedras comienza en todos los puestos que hayan finalizado con los cargos.<\/p>\n<p>&gt;&gt; 26 de febrero en Rosario, para los aspirantes de las Regiones Educativas V, VI y VII, en el Sal\u00f3n Metropolitano (Jun\u00edn 501). El ofrecimiento de horas cargos inicia a las 8 horas y el de horas c\u00e1tedra a las 10.<\/p>\n<p>&gt;&gt; 27 de febrero en Santa Fe, para los docentes de las Regiones I y IV, en el Centro de Educaci\u00f3n F\u00edsica (CEF) N\u00b0 29 (Las Heras 6900). El horario de inicio de ofrecimiento de cargos es a las 8 horas, y el de horas c\u00e1tedras comienza en todos los puestos que hayan finalizado con los cargos.<\/p>\n<p>&gt;&gt; 1 de marzo en Rafaela, para los docentes de las Regiones III, VIII y IX, en el Centro de Educaci\u00f3n F\u00edsica N\u00b0 53 (Av. Santa Fe 2680). El horario de inicio de ofrecimiento de cargos es a las 8 horas, y el de horas c\u00e1tedras comienza en todos los puestos que hayan finalizado con los cargos.<\/p>\n<p>ellitoral<\/p>\n<\/div>\n","protected":false},"excerpt":{"rendered":"<p>El Ministerio de Educaci\u00f3n de la provincia iniciar\u00e1 este viernes el cronograma de ofrecimiento de&#8230;<\/p>\n","protected":false},"author":3,"featured_media":7375,"comment_status":"closed","ping_status":"closed","sticky":false,"template":"","format":"standard","meta":{"footnotes":""},"categories":[1,3],"tags":[],"class_list":["post-7374","post","type-post","status-publish","format-standard","has-post-thumbnail","hentry","category-uncategorized","category-noticias"],"featured_image_urls":{"full":["https:\/\/fmamiga909.com.ar\/wp-content\/uploads\/2019\/02\/1550500930616.jpg",1200,731,false],"thumbnail":["https:\/\/fmamiga909.com.ar\/wp-content\/uploads\/2019\/02\/1550500930616-150x150.jpg",150,150,true],"medium":["https:\/\/fmamiga909.com.ar\/wp-content\/uploads\/2019\/02\/1550500930616-300x183.jpg",300,183,true],"medium_large":["https:\/\/fmamiga909.com.ar\/wp-content\/uploads\/2019\/02\/1550500930616.jpg",1200,731,false],"large":["https:\/\/fmamiga909.com.ar\/wp-content\/uploads\/2019\/02\/1550500930616-1024x624.jpg",640,390,true],"1536x1536":["https:\/\/fmamiga909.com.ar\/wp-content\/uploads\/2019\/02\/1550500930616.jpg",1200,731,false],"2048x2048":["https:\/\/fmamiga909.com.ar\/wp-content\/uploads\/2019\/02\/1550500930616.jpg",1200,731,false],"newsium-slider-full":["https:\/\/fmamiga909.com.ar\/wp-content\/uploads\/2019\/02\/1550500930616.jpg",1200,731,false],"newsium-featured":["https:\/\/fmamiga909.com.ar\/wp-content\/uploads\/2019\/02\/1550500930616.jpg",1024,624,false],"newsium-medium":["https:\/\/fmamiga909.com.ar\/wp-content\/uploads\/2019\/02\/1550500930616.jpg",720,439,false]},"author_info":{"display_name":"Fredy Giuliano","author_link":"https:\/\/fmamiga909.com.ar\/?author=3"},"category_info":"<a href=\"https:\/\/fmamiga909.com.ar\/?cat=1\" rel=\"category\">La radio<\/a> <a href=\"https:\/\/fmamiga909.com.ar\/?cat=3\" rel=\"category\">Noticias<\/a>","tag_info":"Noticias","comment_count":"0","_links":{"self":[{"href":"https:\/\/fmamiga909.com.ar\/index.php?rest_route=\/wp\/v2\/posts\/7374","targetHints":{"allow":["GET"]}}],"collection":[{"href":"https:\/\/fmamiga909.com.ar\/index.php?rest_route=\/wp\/v2\/posts"}],"about":[{"href":"https:\/\/fmamiga909.com.ar\/index.php?rest_route=\/wp\/v2\/types\/post"}],"author":[{"embeddable":true,"href":"https:\/\/fmamiga909.com.ar\/index.php?rest_route=\/wp\/v2\/users\/3"}],"replies":[{"embeddable":true,"href":"https:\/\/fmamiga909.com.ar\/index.php?rest_route=%2Fwp%2Fv2%2Fcomments&post=7374"}],"version-history":[{"count":1,"href":"https:\/\/fmamiga909.com.ar\/index.php?rest_route=\/wp\/v2\/posts\/7374\/revisions"}],"predecessor-version":[{"id":7376,"href":"https:\/\/fmamiga909.com.ar\/index.php?rest_route=\/wp\/v2\/posts\/7374\/revisions\/7376"}],"wp:featuredmedia":[{"embeddable":true,"href":"https:\/\/fmamiga909.com.ar\/index.php?rest_route=\/wp\/v2\/media\/7375"}],"wp:attachment":[{"href":"https:\/\/fmamiga909.com.ar\/index.php?rest_route=%2Fwp%2Fv2%2Fmedia&parent=7374"}],"wp:term":[{"taxonomy":"category","embeddable":true,"href":"https:\/\/fmamiga909.com.ar\/index.php?rest_route=%2Fwp%2Fv2%2Fcategories&post=7374"},{"taxonomy":"post_tag","embeddable":true,"href":"https:\/\/fmamiga909.com.ar\/index.php?rest_route=%2Fwp%2Fv2%2Ftags&post=7374"}],"curies":[{"name":"wp","href":"https:\/\/api.w.org\/{rel}","templated":true}]}}