{"id":7399,"date":"2019-02-27T00:16:04","date_gmt":"2019-02-27T00:16:04","guid":{"rendered":"http:\/\/fmamiga909.com.ar\/?p=7399"},"modified":"2019-02-27T00:16:04","modified_gmt":"2019-02-27T00:16:04","slug":"obras-y-equipos-por-50-millones-de-pesos-para-el-departamento-san-cristobal","status":"publish","type":"post","link":"https:\/\/fmamiga909.com.ar\/?p=7399","title":{"rendered":"OBRAS Y EQUIPOS POR $50 MILLONES DE PESOS PARA EL DEPARTAMENTO SAN CRISTOBAL"},"content":{"rendered":"<p>Esta ma\u00f1ana, junto al Senador Felipe Michlig, la precandidata a Presidente Comunal por el Frente Progresista C\u00edvico y Social, Silvana Romero, participo de la apertura de sobres por la licitaci\u00f3n del nuevo tendido el\u00e9ctrico que comunicara Hersilia con Ceres.<\/p>\n<p>Esta Obra cuenta con un presupuesto provincial de m\u00e1s de 50 millones de pesos, en el marco de inversiones del Fondo de Electrificaci\u00f3n Rural y de la E.P.E. y se trata de una nueva LMT de conversi\u00f3n de 13,2 KW a 33 KW.<\/p>\n<p>\u201cDe acuerdo a los montos de inversi\u00f3n, que totalizan una inversi\u00f3n energ\u00e9tica de $52,5 millones, estamos dando un paso muy importante para potenciar y mejorar el sistema energ\u00e9tico en distintas zonas del departamento, principalmente en las localidades de Ceres y Herislia\u201d, dijo Michlig.<\/p>\n<p>Por su parte, la precandidata hizo hincapi\u00e9 en que \u201ces una obra muy importante, que va a permitir mejorar el suministro el\u00e9ctrico, principalmente en nuestra localidad, para poder as\u00ed evitar los cortes de energ\u00eda que se estaban dando. Somos conscientes de que el consumo aumenta a\u00f1o a a\u00f1o, por ello es muy valorable que exista tal inversi\u00f3n en energ\u00eda para actualizarse de acuerdo a la demanda\u201d y destaco que \u201crealmente una gran gesti\u00f3n de nuestro senador, que logro una r\u00e1pida respuesta del gobierno provincial. A ello hacemos referencia cuando decimos que nuestra localidad puede m\u00e1s, trabajando en conjunto con Felipe Michlig\u201d.<\/p>\n","protected":false},"excerpt":{"rendered":"<p>Esta ma\u00f1ana, junto al Senador Felipe Michlig, la precandidata a Presidente Comunal por el Frente&#8230;<\/p>\n","protected":false},"author":3,"featured_media":7400,"comment_status":"closed","ping_status":"closed","sticky":false,"template":"","format":"standard","meta":{"footnotes":""},"categories":[1,3],"tags":[],"class_list":["post-7399","post","type-post","status-publish","format-standard","has-post-thumbnail","hentry","category-uncategorized","category-noticias"],"featured_image_urls":{"full":["https:\/\/fmamiga909.com.ar\/wp-content\/uploads\/2019\/02\/thumbnail_WhatsApp-Image-2019-02-26-at-09.53.49.jpg",1152,864,false],"thumbnail":["https:\/\/fmamiga909.com.ar\/wp-content\/uploads\/2019\/02\/thumbnail_WhatsApp-Image-2019-02-26-at-09.53.49-150x150.jpg",150,150,true],"medium":["https:\/\/fmamiga909.com.ar\/wp-content\/uploads\/2019\/02\/thumbnail_WhatsApp-Image-2019-02-26-at-09.53.49-300x225.jpg",300,225,true],"medium_large":["https:\/\/fmamiga909.com.ar\/wp-content\/uploads\/2019\/02\/thumbnail_WhatsApp-Image-2019-02-26-at-09.53.49.jpg",1152,864,false],"large":["https:\/\/fmamiga909.com.ar\/wp-content\/uploads\/2019\/02\/thumbnail_WhatsApp-Image-2019-02-26-at-09.53.49-1024x768.jpg",640,480,true],"1536x1536":["https:\/\/fmamiga909.com.ar\/wp-content\/uploads\/2019\/02\/thumbnail_WhatsApp-Image-2019-02-26-at-09.53.49.jpg",1152,864,false],"2048x2048":["https:\/\/fmamiga909.com.ar\/wp-content\/uploads\/2019\/02\/thumbnail_WhatsApp-Image-2019-02-26-at-09.53.49.jpg",1152,864,false],"newsium-slider-full":["https:\/\/fmamiga909.com.ar\/wp-content\/uploads\/2019\/02\/thumbnail_WhatsApp-Image-2019-02-26-at-09.53.49.jpg",1127,845,false],"newsium-featured":["https:\/\/fmamiga909.com.ar\/wp-content\/uploads\/2019\/02\/thumbnail_WhatsApp-Image-2019-02-26-at-09.53.49.jpg",1024,768,false],"newsium-medium":["https:\/\/fmamiga909.com.ar\/wp-content\/uploads\/2019\/02\/thumbnail_WhatsApp-Image-2019-02-26-at-09.53.49.jpg",633,475,false]},"author_info":{"display_name":"Fredy Giuliano","author_link":"https:\/\/fmamiga909.com.ar\/?author=3"},"category_info":"<a href=\"https:\/\/fmamiga909.com.ar\/?cat=1\" rel=\"category\">La radio<\/a> <a href=\"https:\/\/fmamiga909.com.ar\/?cat=3\" rel=\"category\">Noticias<\/a>","tag_info":"Noticias","comment_count":"0","_links":{"self":[{"href":"https:\/\/fmamiga909.com.ar\/index.php?rest_route=\/wp\/v2\/posts\/7399","targetHints":{"allow":["GET"]}}],"collection":[{"href":"https:\/\/fmamiga909.com.ar\/index.php?rest_route=\/wp\/v2\/posts"}],"about":[{"href":"https:\/\/fmamiga909.com.ar\/index.php?rest_route=\/wp\/v2\/types\/post"}],"author":[{"embeddable":true,"href":"https:\/\/fmamiga909.com.ar\/index.php?rest_route=\/wp\/v2\/users\/3"}],"replies":[{"embeddable":true,"href":"https:\/\/fmamiga909.com.ar\/index.php?rest_route=%2Fwp%2Fv2%2Fcomments&post=7399"}],"version-history":[{"count":1,"href":"https:\/\/fmamiga909.com.ar\/index.php?rest_route=\/wp\/v2\/posts\/7399\/revisions"}],"predecessor-version":[{"id":7401,"href":"https:\/\/fmamiga909.com.ar\/index.php?rest_route=\/wp\/v2\/posts\/7399\/revisions\/7401"}],"wp:featuredmedia":[{"embeddable":true,"href":"https:\/\/fmamiga909.com.ar\/index.php?rest_route=\/wp\/v2\/media\/7400"}],"wp:attachment":[{"href":"https:\/\/fmamiga909.com.ar\/index.php?rest_route=%2Fwp%2Fv2%2Fmedia&parent=7399"}],"wp:term":[{"taxonomy":"category","embeddable":true,"href":"https:\/\/fmamiga909.com.ar\/index.php?rest_route=%2Fwp%2Fv2%2Fcategories&post=7399"},{"taxonomy":"post_tag","embeddable":true,"href":"https:\/\/fmamiga909.com.ar\/index.php?rest_route=%2Fwp%2Fv2%2Ftags&post=7399"}],"curies":[{"name":"wp","href":"https:\/\/api.w.org\/{rel}","templated":true}]}}