{"id":7413,"date":"2019-03-06T21:54:48","date_gmt":"2019-03-06T21:54:48","guid":{"rendered":"http:\/\/fmamiga909.com.ar\/?p=7413"},"modified":"2019-03-06T21:54:48","modified_gmt":"2019-03-06T21:54:48","slug":"biblioteca-popular-juan-bautista-alberdi","status":"publish","type":"post","link":"https:\/\/fmamiga909.com.ar\/?p=7413","title":{"rendered":"Biblioteca Popular Juan Bautista Alberdi"},"content":{"rendered":"<p class=\"western\" align=\"center\"><span style=\"font-family: Arial, serif;\"><u><b>CONVOCATORIA<\/b><\/u><\/span><\/p>\n<p class=\"western\" align=\"center\"><span style=\"font-family: Arial, serif;\"><u><b>ASAMBLEA GENERAL ORDINARIA<\/b><\/u><\/span><\/p>\n<p class=\"western\" align=\"justify\"><span style=\"font-family: Arial, serif;\"><b>SE\u00d1ORES SOCIOS<\/b><\/span><span style=\"font-family: Arial, serif;\">: La Comisi\u00f3n Directiva de la Biblioteca Popular Juan Bautista Alberdi, de acuerdo a lo dispuesto en el art\u00edculo 33 de los Estatutos Sociales, convoca a los se\u00f1ores asociados a la Asamblea General Ordinaria para el d\u00eda<\/span><span style=\"font-family: Arial, serif;\"><b> 27 de marzo de 2019<\/b><\/span><span style=\"font-family: Arial, serif;\"> a las <\/span><span style=\"font-family: Arial, serif;\"><b>19 hs<\/b><\/span><span style=\"font-family: Arial, serif;\">. en su Sede, sito en Mitre y Cayetano Zibechi de Hersilia, para considerar el siguiente:<\/span><\/p>\n<p class=\"western\" align=\"center\"><span style=\"font-family: Arial, serif;\"><u><b>ORDEN DEL D\u00cdA<\/b><\/u><\/span><\/p>\n<ol>\n<li>\n<p class=\"western\" align=\"justify\"><span style=\"font-family: Arial, serif;\">Elecci\u00f3n de tres socios presentes que juntamente con el Presidente y el Secretario firmen el acta de la presente Asamblea.-<\/span><\/p>\n<\/li>\n<li>\n<p class=\"western\" align=\"justify\"><span style=\"font-family: Arial, serif;\">Lectura y consideraci\u00f3n de la Memoria, Balance, Estado de Resultado, Estado de Evoluci\u00f3n de Patrimonio Neto, Estado de Flujo de Efectivo, Notas Complementarias, Anexos al Balance e Informe de los Revisadores de Cuentas por el 12\u00ba EJERCICIO ECON\u00d3MICO cerrado el 31 de Octubre de 2018.-<\/span><\/p>\n<\/li>\n<li>\n<p class=\"western\" align=\"justify\"><span style=\"font-family: Arial, serif;\">Elecci\u00f3n de una Comisi\u00f3n Escrutadora compuesta por tres socios para que realicen el escrutinio de la elecci\u00f3n.-<\/span><\/p>\n<\/li>\n<li>\n<p class=\"western\" align=\"justify\"><span style=\"font-family: Arial, serif;\">Elecci\u00f3n por dos a\u00f1os de cuatro miembros titulares y dos suplentes por terminaci\u00f3n de los mandatos de los Sres.: PIOLI AMANDA; MORERO ALBA; PUIG ELVIRA; ARIAS ADRIANA; RODRIGUEZ SILVINA; CLAPIER CRISTINA.<\/span><\/p>\n<\/li>\n<li>\n<p class=\"western\" align=\"justify\"><span style=\"font-family: Arial, serif;\">Elecci\u00f3n por un a\u00f1o de los revisadores de cuentas en reemplazo de los se\u00f1ores: LAGNA NANCY; GASTALDI MAR\u00cdA NATALIA; CORONEL SILVIA.<\/span><\/p>\n<\/li>\n<li>\n<p class=\"western\" align=\"justify\"><span style=\"font-family: Arial, serif;\">Fijaci\u00f3n del Valor del M\u00f3dulo Contributivo Social (MCS).<\/span><\/p>\n<\/li>\n<\/ol>\n<p class=\"western\"><a name=\"_GoBack\"><\/a><\/p>\n<p class=\"western\" align=\"center\"><span style=\"font-family: Arial, serif;\">Mirta Arias\u00a0 \u00a0 \u00a0 \u00a0 \u00a0 \u00a0 \u00a0 \u00a0 \u00a0 \u00a0 \u00a0 \u00a0 \u00a0 \u00a0 \u00a0 \u00a0 \u00a0 \u00a0 \u00a0 Graciela Senn<\/span><\/p>\n<p class=\"western\"><span style=\"font-family: Arial, serif;\">\u00a0 \u00a0 \u00a0 \u00a0 \u00a0 \u00a0 \u00a0 \u00a0 \u00a0 \u00a0 \u00a0 \u00a0 \u00a0 \u00a0 \u00a0 \u00a0 \u00a0 \u00a0 \u00a0 \u00a0 \u00a0 \u00a0 \u00a0 \u00a0 Secretaria General\u00a0 \u00a0 \u00a0 \u00a0 \u00a0 \u00a0 \u00a0 \u00a0 \u00a0 \u00a0 \u00a0 \u00a0 \u00a0 \u00a0 \u00a0 \u00a0 \u00a0Presidenta<\/span><\/p>\n","protected":false},"excerpt":{"rendered":"<p>CONVOCATORIA ASAMBLEA GENERAL ORDINARIA SE\u00d1ORES SOCIOS: La Comisi\u00f3n Directiva de la Biblioteca Popular Juan Bautista&#8230;<\/p>\n","protected":false},"author":3,"featured_media":7414,"comment_status":"closed","ping_status":"closed","sticky":false,"template":"","format":"standard","meta":{"footnotes":""},"categories":[1,3],"tags":[],"class_list":["post-7413","post","type-post","status-publish","format-standard","has-post-thumbnail","hentry","category-uncategorized","category-noticias"],"featured_image_urls":{"full":["https:\/\/fmamiga909.com.ar\/wp-content\/uploads\/2019\/03\/BIBLIOTECA.jpg",500,350,false],"thumbnail":["https:\/\/fmamiga909.com.ar\/wp-content\/uploads\/2019\/03\/BIBLIOTECA-150x150.jpg",150,150,true],"medium":["https:\/\/fmamiga909.com.ar\/wp-content\/uploads\/2019\/03\/BIBLIOTECA-300x210.jpg",300,210,true],"medium_large":["https:\/\/fmamiga909.com.ar\/wp-content\/uploads\/2019\/03\/BIBLIOTECA.jpg",500,350,false],"large":["https:\/\/fmamiga909.com.ar\/wp-content\/uploads\/2019\/03\/BIBLIOTECA.jpg",500,350,false],"1536x1536":["https:\/\/fmamiga909.com.ar\/wp-content\/uploads\/2019\/03\/BIBLIOTECA.jpg",500,350,false],"2048x2048":["https:\/\/fmamiga909.com.ar\/wp-content\/uploads\/2019\/03\/BIBLIOTECA.jpg",500,350,false],"newsium-slider-full":["https:\/\/fmamiga909.com.ar\/wp-content\/uploads\/2019\/03\/BIBLIOTECA.jpg",500,350,false],"newsium-featured":["https:\/\/fmamiga909.com.ar\/wp-content\/uploads\/2019\/03\/BIBLIOTECA.jpg",500,350,false],"newsium-medium":["https:\/\/fmamiga909.com.ar\/wp-content\/uploads\/2019\/03\/BIBLIOTECA.jpg",500,350,false]},"author_info":{"display_name":"Fredy Giuliano","author_link":"https:\/\/fmamiga909.com.ar\/?author=3"},"category_info":"<a href=\"https:\/\/fmamiga909.com.ar\/?cat=1\" rel=\"category\">La radio<\/a> <a href=\"https:\/\/fmamiga909.com.ar\/?cat=3\" rel=\"category\">Noticias<\/a>","tag_info":"Noticias","comment_count":"0","_links":{"self":[{"href":"https:\/\/fmamiga909.com.ar\/index.php?rest_route=\/wp\/v2\/posts\/7413","targetHints":{"allow":["GET"]}}],"collection":[{"href":"https:\/\/fmamiga909.com.ar\/index.php?rest_route=\/wp\/v2\/posts"}],"about":[{"href":"https:\/\/fmamiga909.com.ar\/index.php?rest_route=\/wp\/v2\/types\/post"}],"author":[{"embeddable":true,"href":"https:\/\/fmamiga909.com.ar\/index.php?rest_route=\/wp\/v2\/users\/3"}],"replies":[{"embeddable":true,"href":"https:\/\/fmamiga909.com.ar\/index.php?rest_route=%2Fwp%2Fv2%2Fcomments&post=7413"}],"version-history":[{"count":1,"href":"https:\/\/fmamiga909.com.ar\/index.php?rest_route=\/wp\/v2\/posts\/7413\/revisions"}],"predecessor-version":[{"id":7415,"href":"https:\/\/fmamiga909.com.ar\/index.php?rest_route=\/wp\/v2\/posts\/7413\/revisions\/7415"}],"wp:featuredmedia":[{"embeddable":true,"href":"https:\/\/fmamiga909.com.ar\/index.php?rest_route=\/wp\/v2\/media\/7414"}],"wp:attachment":[{"href":"https:\/\/fmamiga909.com.ar\/index.php?rest_route=%2Fwp%2Fv2%2Fmedia&parent=7413"}],"wp:term":[{"taxonomy":"category","embeddable":true,"href":"https:\/\/fmamiga909.com.ar\/index.php?rest_route=%2Fwp%2Fv2%2Fcategories&post=7413"},{"taxonomy":"post_tag","embeddable":true,"href":"https:\/\/fmamiga909.com.ar\/index.php?rest_route=%2Fwp%2Fv2%2Ftags&post=7413"}],"curies":[{"name":"wp","href":"https:\/\/api.w.org\/{rel}","templated":true}]}}