{"id":7450,"date":"2019-03-28T02:23:25","date_gmt":"2019-03-28T02:23:25","guid":{"rendered":"http:\/\/fmamiga909.com.ar\/?p=7450"},"modified":"2019-03-28T02:23:25","modified_gmt":"2019-03-28T02:23:25","slug":"ilumina-tu-provincia","status":"publish","type":"post","link":"https:\/\/fmamiga909.com.ar\/?p=7450","title":{"rendered":"\u201cIlumin\u00e1 t\u00fa Provincia\u201d"},"content":{"rendered":"<p class=\"x_MsoNormal\"><b><u><span lang=\"ES-AR\">A partir de la licitaci\u00f3n de 60 mil luminarias Led, se comenzar\u00e1 con el recambi\u00f3 integral del alumbrado p\u00fablico\u00a0<\/span><\/u><\/b><\/p>\n<p class=\"x_MsoNormal\"><span style=\"font-size: small;\"><span lang=\"ES-AR\">Luego de interiorizarse de los alcances de la licitaci\u00f3n p\u00fablica -que concret\u00f3 ayer la EPE- para la compra de 60 mil luminarias Led, el Senador Felipe Michlig inform\u00f3 que la pr\u00f3xima semana se determinar\u00e1n los cupos que le corresponder\u00e1\u00a0\u00a0a las localidades del Departamento San Crist\u00f3bal, que oportunamente firmaron los convenios de adhesi\u00f3n al Programa \u201cIlumin\u00e1 t\u00fa Provincia\u201d.<\/span><\/span><\/p>\n<p><span style=\"font-size: small;\"><span lang=\"ES-AR\">El legislador explic\u00f3 que el programa se implementar\u00e1 a partir de la firma de convenios entre la EPE y los Municipios o Comunas, en el cual se indica el porcentaje de recambio que corresponde en cada etapa. El costo del recambio de luminarias LED se financia con el ahorro generado, o sea que l<\/span><span lang=\"ES-AR\">a mayor eficiencia de las luminarias modernas ser\u00e1 destinado al repago.<\/span><\/span><\/p>\n<p><span style=\"font-size: small;\"><u><span lang=\"ES-AR\">\u201c<b>Ilumin\u00e1 t\u00fa Provincia\u201d<\/b><\/span><\/u><\/span><\/p>\n<p><span style=\"font-size: small;\"><span lang=\"ES-AR\">El Senador Michlig explic\u00f3 -luego de una reuni\u00f3n mantenida con el directorio de la EPE- que \u201ceste Programa se constituye en otra gran pol\u00edtica del Estado Santafesino, innovadora, amplia y equitativa, que seguramente va a continuar hasta que se haga el reemplazo total de la iluminaci\u00f3n tradicional por LED de \u00faltima generaci\u00f3n.<\/span><\/span><\/p>\n<p><span style=\"font-size: small;\"><span lang=\"ES-AR\">\u00a0\u201cEste Programa se instrumentar\u00e1 para las 363 localidades de la provincia, en donde en una etapa inicial est\u00e1 previsto el recambio de 120.000 luminarias, lo que sin lugar a dudas ser\u00e1 de un gran impacto y de utilidad para el desarrollo urbano, calidad de vida de los vecinos, cuidado del medio ambiente, el ahorro y la r\u00e1pida amortizaci\u00f3n de la inversi\u00f3n que se hace con la intermediaci\u00f3n de la EPE\u201d.<\/span><\/span><\/p>\n<p class=\"x_MsoNormal\"><span style=\"font-size: small;\"><span lang=\"ES-AR\">Mi\u00e9rcoles, 27 de marzo de 2019<\/span><\/span><\/p>\n<p><span style=\"font-size: small;\"><a id=\"LPlnk182330\" href=\"http:\/\/www.felipemichlig.com\/\" target=\"_blank\" rel=\"noopener noreferrer\" data-auth=\"NotApplicable\">www.felipemichlig.com<\/a><\/span><\/p>\n","protected":false},"excerpt":{"rendered":"<p>A partir de la licitaci\u00f3n de 60 mil luminarias Led, se comenzar\u00e1 con el recambi\u00f3&#8230;<\/p>\n","protected":false},"author":3,"featured_media":7451,"comment_status":"closed","ping_status":"closed","sticky":false,"template":"","format":"standard","meta":{"footnotes":""},"categories":[1,3],"tags":[],"class_list":["post-7450","post","type-post","status-publish","format-standard","has-post-thumbnail","hentry","category-uncategorized","category-noticias"],"featured_image_urls":{"full":["https:\/\/fmamiga909.com.ar\/wp-content\/uploads\/2019\/03\/ilumina2.jpeg",1280,622,false],"thumbnail":["https:\/\/fmamiga909.com.ar\/wp-content\/uploads\/2019\/03\/ilumina2-150x150.jpeg",150,150,true],"medium":["https:\/\/fmamiga909.com.ar\/wp-content\/uploads\/2019\/03\/ilumina2-300x146.jpeg",300,146,true],"medium_large":["https:\/\/fmamiga909.com.ar\/wp-content\/uploads\/2019\/03\/ilumina2.jpeg",1280,622,false],"large":["https:\/\/fmamiga909.com.ar\/wp-content\/uploads\/2019\/03\/ilumina2-1024x498.jpeg",640,311,true],"1536x1536":["https:\/\/fmamiga909.com.ar\/wp-content\/uploads\/2019\/03\/ilumina2.jpeg",1280,622,false],"2048x2048":["https:\/\/fmamiga909.com.ar\/wp-content\/uploads\/2019\/03\/ilumina2.jpeg",1280,622,false],"newsium-slider-full":["https:\/\/fmamiga909.com.ar\/wp-content\/uploads\/2019\/03\/ilumina2.jpeg",1280,622,false],"newsium-featured":["https:\/\/fmamiga909.com.ar\/wp-content\/uploads\/2019\/03\/ilumina2.jpeg",1024,498,false],"newsium-medium":["https:\/\/fmamiga909.com.ar\/wp-content\/uploads\/2019\/03\/ilumina2.jpeg",720,350,false]},"author_info":{"display_name":"Fredy Giuliano","author_link":"https:\/\/fmamiga909.com.ar\/?author=3"},"category_info":"<a href=\"https:\/\/fmamiga909.com.ar\/?cat=1\" rel=\"category\">La radio<\/a> <a href=\"https:\/\/fmamiga909.com.ar\/?cat=3\" rel=\"category\">Noticias<\/a>","tag_info":"Noticias","comment_count":"0","_links":{"self":[{"href":"https:\/\/fmamiga909.com.ar\/index.php?rest_route=\/wp\/v2\/posts\/7450","targetHints":{"allow":["GET"]}}],"collection":[{"href":"https:\/\/fmamiga909.com.ar\/index.php?rest_route=\/wp\/v2\/posts"}],"about":[{"href":"https:\/\/fmamiga909.com.ar\/index.php?rest_route=\/wp\/v2\/types\/post"}],"author":[{"embeddable":true,"href":"https:\/\/fmamiga909.com.ar\/index.php?rest_route=\/wp\/v2\/users\/3"}],"replies":[{"embeddable":true,"href":"https:\/\/fmamiga909.com.ar\/index.php?rest_route=%2Fwp%2Fv2%2Fcomments&post=7450"}],"version-history":[{"count":1,"href":"https:\/\/fmamiga909.com.ar\/index.php?rest_route=\/wp\/v2\/posts\/7450\/revisions"}],"predecessor-version":[{"id":7452,"href":"https:\/\/fmamiga909.com.ar\/index.php?rest_route=\/wp\/v2\/posts\/7450\/revisions\/7452"}],"wp:featuredmedia":[{"embeddable":true,"href":"https:\/\/fmamiga909.com.ar\/index.php?rest_route=\/wp\/v2\/media\/7451"}],"wp:attachment":[{"href":"https:\/\/fmamiga909.com.ar\/index.php?rest_route=%2Fwp%2Fv2%2Fmedia&parent=7450"}],"wp:term":[{"taxonomy":"category","embeddable":true,"href":"https:\/\/fmamiga909.com.ar\/index.php?rest_route=%2Fwp%2Fv2%2Fcategories&post=7450"},{"taxonomy":"post_tag","embeddable":true,"href":"https:\/\/fmamiga909.com.ar\/index.php?rest_route=%2Fwp%2Fv2%2Ftags&post=7450"}],"curies":[{"name":"wp","href":"https:\/\/api.w.org\/{rel}","templated":true}]}}