{"id":7503,"date":"2019-05-22T11:18:01","date_gmt":"2019-05-22T11:18:01","guid":{"rendered":"http:\/\/fmamiga909.com.ar\/?p=7503"},"modified":"2019-05-22T11:18:01","modified_gmt":"2019-05-22T11:18:01","slug":"lifschitz-venimos-a-mirarlos-a-los-ojos-y-decirles-que-hemos-cumplido-la-palabra","status":"publish","type":"post","link":"https:\/\/fmamiga909.com.ar\/?p=7503","title":{"rendered":"Lifschitz: \u201cVenimos a mirarlos a los ojos, y decirles que hemos cumplido la palabra\u201d"},"content":{"rendered":"<p>El gobernador Miguel Lifschitz, junto al presidente de la C\u00e1mara de Diputados provincial, Antonio Bonfatti, y el senador por el departamento San Crist\u00f3bal, Felipe Michlig, inaugur\u00f3 este lunes la obra de pavimentaci\u00f3n de la Ruta Provincial N\u00b077- s acceso a Ambrosetti.<\/p>\n<p>Se construyeron nuevos pavimentos en el tramo comprendido entre la Ruta Provincial N\u00b074s (Paraje La Campesina) y la Ruta Provincial N\u00b038 (localidad de Ambrosetti), adem\u00e1s de las obras de pavimentaci\u00f3n de 24 cuadras de la zona urbana. Dichos trabajos, a lo largo de 13,8 kil\u00f3metros, demandaron una inversi\u00f3n provincial de 705 millones de pesos.<\/p>\n<p>\u201cHemos priorizado este tipo de obras en toda la provincia, hemos hecho muchos accesos a pueblos peque\u00f1os en estos \u00faltimos a\u00f1os. Estuvimos en diciembre 2015 con Antonio Bonfatti inaugurando el primer tramo de 13,5 kil\u00f3metros y all\u00ed asumimos el compromiso de hacer este segundo tramo. Y hoy, los dos, cuatro a\u00f1os m\u00e1s tarde, venimos aqu\u00ed, frente a ustedes, a decirles que venimos a cumplir con la palabra empe\u00f1ada y hemos hecho realidad el sue\u00f1o de todos\u201d, afirm\u00f3 Lifschitz.<\/p>\n<p>\u201cEsta inversi\u00f3n que hace el gobierno provincial se va a recuperar r\u00e1pidamente en producci\u00f3n, trabajo y mejores condiciones de vida para los habitantes de esta localidad. Es probable que, como ha ocurrido con otras localidades, empiecen a crecer nuevamente, recuperar poblaci\u00f3n, porque los j\u00f3venes tendr\u00e1n m\u00e1s oportunidades para quedarse en Ambrosetti y construir proyectos de vida y tenemos que apuntar a eso\u201d.<\/p>\n<p>\u201cA trav\u00e9s del Fondo de Electrificaci\u00f3n estamos haciendo obras en todo el interior de la provincia, donde seguramente nunca hab\u00edan llegado las inversiones de la EPE pero hoy tenemos una visi\u00f3n del desarrollo que empieza del interior hacia las grandes ciudades. Por eso las rutas y por eso la energ\u00eda, para que puedan dar m\u00e1s oportunidades para el trabajo, la producci\u00f3n y el desarrollo de toda la regi\u00f3n\u201d.<\/p>\n<p>\u201cQueremos seguir trabajando juntos, hay muchas cosas por hacer y la pr\u00f3xima etapa van a ser mejores que estos y vamos a seguir dialogando y trabajando en conjunto para que esta siga siendo la invencible provincia de Santa Fe\u201d, concluy\u00f3 Lifschitz.<\/p>\n<p>SALIR DEL AISLAMIENTO<br \/>\nA su turno, Michlig expres\u00f3 que \u201cpasaron muchos a\u00f1os, muchos dirigentes, muchas promesas para realizar esta obra y tuvieron que venir gobernadores como Hermes Binner, Antonio Bonfatti y Miguel Lifschitz para darnos las respuestas que necesit\u00e1bamos para que definitivamente Ambrosetti salga del aislamiento\u201d.<\/p>\n<p>Por su parte, el presidente comunal de Ambrosetti, Omar Sterren, agradeci\u00f3 al gobierno provincial por la concreci\u00f3n de la obra y destac\u00f3 que \u201ctodos los pueblos estamos necesitando de este tipo de gobiernos, que nos apoyen para ir hacia adelante\u201d.<\/p>\n<p>LA OBRA<br \/>\nLa nueva Ruta Provincial N\u00b077s tiene un ancho de 7,30 metros de pavimento de concreto asf\u00e1ltico en caliente modificado con pol\u00edmeros, obra que incluy\u00f3 una importante ampliaci\u00f3n que dej\u00f3 como saldo 24 cuadras pavimentadas en el ejido urbano de Ambrosetti, incluido el acceso a la localidad.<\/p>\n<p>Los trabajos tambi\u00e9n incluyeron la construcci\u00f3n alcantarillas laterales y transversales, la correspondiente se\u00f1alizaci\u00f3n horizontal y vertical, iluminaci\u00f3n de la traves\u00eda urbana de la localidad de Ambrosetti y de la intersecci\u00f3n con la Ruta Provincial N\u00b038, reubicaci\u00f3n de la garita para pasajeros, entre otros.<\/p>\n<p>NUEVA L\u00cdNEA DE MEDIA TENSI\u00d3N<br \/>\nAdem\u00e1s, las autoridades inauguraron una nueva l\u00ednea de media tensi\u00f3n entre Hersilia y Ambrosetti. Se trata de un tendido de 27.300 metros de l\u00ednea a\u00e9rea de media tensi\u00f3n de 13,2 kV, que se enmarca en las obras del Fondo de Electrificaci\u00f3n Rural, con una inversi\u00f3n de $ 39.012.196,72. Tienen como finalidad mejorar la calidad de vida de la poblaci\u00f3n que habita en el \u00e1rea urbana y rural, para lo cual es vital la prestaci\u00f3n de servicios p\u00fablicos como la energ\u00eda el\u00e9ctrica, para el desarrollo de las comunidades y su productividad. Del mismo modo, la Subestaci\u00f3n transformadora de Rebaje en Hersilia incorpora un nuevo transformador de 1.600 kVA y un nuevo campo de salida destinado a la alimentaci\u00f3n de la l\u00ednea de 13,2 kV Hersilia-Ambrosetti, con una inversi\u00f3n de $ 6.236.729,63.<\/p>\n<p>PRESENTES<br \/>\nDe las actividades tambi\u00e9n participaron el vicegobernador Carlos Fascendini; los ministros de Infraestructura y Transporte, Jos\u00e9 Garibay y de Obras P\u00fablicas, Pedro Morini; los secretarios de Estado de la Energ\u00eda, Ver\u00f3nica Geese, y del H\u00e1bitat, Diego Leone; los diputados provinciales, Victoria Tejeda y Edgardo Martino; el administrador general de la Direcci\u00f3n Provincial de Vialidad, Pablo Seghezzo; el vicepresidente de la EPE, Fabi\u00e1n Bast\u00eda; entre otras autoridades provinciales y locales.<\/p>\n<p><a href=\"https:\/\/fmamiga909.com.ar\/?attachment_id=7506\" rel=\"attachment wp-att-7506\"><img loading=\"lazy\" decoding=\"async\" class=\"aligncenter size-medium wp-image-7506\" src=\"https:\/\/fmamiga909.com.ar\/wp-content\/uploads\/2019\/05\/20190520_191103-300x225.jpg\" alt=\"\" width=\"300\" height=\"225\" srcset=\"https:\/\/fmamiga909.com.ar\/wp-content\/uploads\/2019\/05\/20190520_191103-300x225.jpg 300w, https:\/\/fmamiga909.com.ar\/wp-content\/uploads\/2019\/05\/20190520_191103-1024x768.jpg 1024w, https:\/\/fmamiga909.com.ar\/wp-content\/uploads\/2019\/05\/20190520_191103-259x194.jpg 259w, https:\/\/fmamiga909.com.ar\/wp-content\/uploads\/2019\/05\/20190520_191103-950x713.jpg 950w\" sizes=\"auto, (max-width: 300px) 100vw, 300px\" \/><\/a> <a href=\"https:\/\/fmamiga909.com.ar\/?attachment_id=7508\" rel=\"attachment wp-att-7508\"><img loading=\"lazy\" decoding=\"async\" class=\"aligncenter size-medium wp-image-7508\" src=\"https:\/\/fmamiga909.com.ar\/wp-content\/uploads\/2019\/05\/20190520_191202-300x225.jpg\" alt=\"\" width=\"300\" height=\"225\" srcset=\"https:\/\/fmamiga909.com.ar\/wp-content\/uploads\/2019\/05\/20190520_191202-300x225.jpg 300w, https:\/\/fmamiga909.com.ar\/wp-content\/uploads\/2019\/05\/20190520_191202-1024x768.jpg 1024w, https:\/\/fmamiga909.com.ar\/wp-content\/uploads\/2019\/05\/20190520_191202-259x194.jpg 259w, https:\/\/fmamiga909.com.ar\/wp-content\/uploads\/2019\/05\/20190520_191202-950x713.jpg 950w\" sizes=\"auto, (max-width: 300px) 100vw, 300px\" \/><\/a> <a href=\"https:\/\/fmamiga909.com.ar\/?attachment_id=7509\" rel=\"attachment wp-att-7509\"><img loading=\"lazy\" decoding=\"async\" class=\"aligncenter size-medium wp-image-7509\" src=\"https:\/\/fmamiga909.com.ar\/wp-content\/uploads\/2019\/05\/20190520_191442-300x225.jpg\" alt=\"\" width=\"300\" height=\"225\" srcset=\"https:\/\/fmamiga909.com.ar\/wp-content\/uploads\/2019\/05\/20190520_191442-300x225.jpg 300w, https:\/\/fmamiga909.com.ar\/wp-content\/uploads\/2019\/05\/20190520_191442-1024x768.jpg 1024w, https:\/\/fmamiga909.com.ar\/wp-content\/uploads\/2019\/05\/20190520_191442-259x194.jpg 259w, https:\/\/fmamiga909.com.ar\/wp-content\/uploads\/2019\/05\/20190520_191442-950x713.jpg 950w\" sizes=\"auto, (max-width: 300px) 100vw, 300px\" \/><\/a> <a href=\"https:\/\/fmamiga909.com.ar\/?attachment_id=7510\" rel=\"attachment wp-att-7510\"><img loading=\"lazy\" decoding=\"async\" class=\"aligncenter size-medium wp-image-7510\" src=\"https:\/\/fmamiga909.com.ar\/wp-content\/uploads\/2019\/05\/20190520_191504-300x225.jpg\" alt=\"\" width=\"300\" height=\"225\" srcset=\"https:\/\/fmamiga909.com.ar\/wp-content\/uploads\/2019\/05\/20190520_191504-300x225.jpg 300w, https:\/\/fmamiga909.com.ar\/wp-content\/uploads\/2019\/05\/20190520_191504-1024x768.jpg 1024w, https:\/\/fmamiga909.com.ar\/wp-content\/uploads\/2019\/05\/20190520_191504-259x194.jpg 259w, https:\/\/fmamiga909.com.ar\/wp-content\/uploads\/2019\/05\/20190520_191504-950x713.jpg 950w\" sizes=\"auto, (max-width: 300px) 100vw, 300px\" \/><\/a> <a href=\"https:\/\/fmamiga909.com.ar\/?attachment_id=7511\" rel=\"attachment wp-att-7511\"><img loading=\"lazy\" decoding=\"async\" class=\"aligncenter size-medium wp-image-7511\" src=\"https:\/\/fmamiga909.com.ar\/wp-content\/uploads\/2019\/05\/20190520_191530-300x225.jpg\" alt=\"\" width=\"300\" height=\"225\" srcset=\"https:\/\/fmamiga909.com.ar\/wp-content\/uploads\/2019\/05\/20190520_191530-300x225.jpg 300w, https:\/\/fmamiga909.com.ar\/wp-content\/uploads\/2019\/05\/20190520_191530-1024x768.jpg 1024w, https:\/\/fmamiga909.com.ar\/wp-content\/uploads\/2019\/05\/20190520_191530-259x194.jpg 259w, https:\/\/fmamiga909.com.ar\/wp-content\/uploads\/2019\/05\/20190520_191530-950x713.jpg 950w\" sizes=\"auto, (max-width: 300px) 100vw, 300px\" \/><\/a> <a href=\"https:\/\/fmamiga909.com.ar\/?attachment_id=7512\" rel=\"attachment wp-att-7512\"><img loading=\"lazy\" decoding=\"async\" class=\"aligncenter size-medium wp-image-7512\" src=\"https:\/\/fmamiga909.com.ar\/wp-content\/uploads\/2019\/05\/20190520_192000-300x225.jpg\" alt=\"\" width=\"300\" height=\"225\" srcset=\"https:\/\/fmamiga909.com.ar\/wp-content\/uploads\/2019\/05\/20190520_192000-300x225.jpg 300w, https:\/\/fmamiga909.com.ar\/wp-content\/uploads\/2019\/05\/20190520_192000-1024x768.jpg 1024w, https:\/\/fmamiga909.com.ar\/wp-content\/uploads\/2019\/05\/20190520_192000-259x194.jpg 259w, https:\/\/fmamiga909.com.ar\/wp-content\/uploads\/2019\/05\/20190520_192000-950x713.jpg 950w\" sizes=\"auto, (max-width: 300px) 100vw, 300px\" \/><\/a> <a href=\"https:\/\/fmamiga909.com.ar\/?attachment_id=7513\" rel=\"attachment wp-att-7513\"><img loading=\"lazy\" decoding=\"async\" class=\"aligncenter size-medium wp-image-7513\" src=\"https:\/\/fmamiga909.com.ar\/wp-content\/uploads\/2019\/05\/20190520_192452-300x225.jpg\" alt=\"\" width=\"300\" height=\"225\" srcset=\"https:\/\/fmamiga909.com.ar\/wp-content\/uploads\/2019\/05\/20190520_192452-300x225.jpg 300w, https:\/\/fmamiga909.com.ar\/wp-content\/uploads\/2019\/05\/20190520_192452-1024x768.jpg 1024w, https:\/\/fmamiga909.com.ar\/wp-content\/uploads\/2019\/05\/20190520_192452-259x194.jpg 259w, https:\/\/fmamiga909.com.ar\/wp-content\/uploads\/2019\/05\/20190520_192452-950x713.jpg 950w\" sizes=\"auto, (max-width: 300px) 100vw, 300px\" \/><\/a> <a href=\"https:\/\/fmamiga909.com.ar\/?attachment_id=7514\" rel=\"attachment wp-att-7514\"><img loading=\"lazy\" decoding=\"async\" class=\"aligncenter size-medium wp-image-7514\" src=\"https:\/\/fmamiga909.com.ar\/wp-content\/uploads\/2019\/05\/20190520_192705-300x225.jpg\" alt=\"\" width=\"300\" height=\"225\" srcset=\"https:\/\/fmamiga909.com.ar\/wp-content\/uploads\/2019\/05\/20190520_192705-300x225.jpg 300w, https:\/\/fmamiga909.com.ar\/wp-content\/uploads\/2019\/05\/20190520_192705-1024x768.jpg 1024w, https:\/\/fmamiga909.com.ar\/wp-content\/uploads\/2019\/05\/20190520_192705-259x194.jpg 259w, https:\/\/fmamiga909.com.ar\/wp-content\/uploads\/2019\/05\/20190520_192705-950x713.jpg 950w\" sizes=\"auto, (max-width: 300px) 100vw, 300px\" \/><\/a> <a href=\"https:\/\/fmamiga909.com.ar\/?attachment_id=7515\" rel=\"attachment wp-att-7515\"><img loading=\"lazy\" decoding=\"async\" class=\"aligncenter size-medium wp-image-7515\" src=\"https:\/\/fmamiga909.com.ar\/wp-content\/uploads\/2019\/05\/20190520_193009-300x225.jpg\" alt=\"\" width=\"300\" height=\"225\" srcset=\"https:\/\/fmamiga909.com.ar\/wp-content\/uploads\/2019\/05\/20190520_193009-300x225.jpg 300w, https:\/\/fmamiga909.com.ar\/wp-content\/uploads\/2019\/05\/20190520_193009-1024x768.jpg 1024w, https:\/\/fmamiga909.com.ar\/wp-content\/uploads\/2019\/05\/20190520_193009-259x194.jpg 259w, https:\/\/fmamiga909.com.ar\/wp-content\/uploads\/2019\/05\/20190520_193009-950x713.jpg 950w\" sizes=\"auto, (max-width: 300px) 100vw, 300px\" \/><\/a> <a href=\"https:\/\/fmamiga909.com.ar\/?attachment_id=7516\" rel=\"attachment wp-att-7516\"><img loading=\"lazy\" decoding=\"async\" class=\"aligncenter size-medium wp-image-7516\" src=\"https:\/\/fmamiga909.com.ar\/wp-content\/uploads\/2019\/05\/20190520_194035-300x225.jpg\" alt=\"\" width=\"300\" height=\"225\" srcset=\"https:\/\/fmamiga909.com.ar\/wp-content\/uploads\/2019\/05\/20190520_194035-300x225.jpg 300w, https:\/\/fmamiga909.com.ar\/wp-content\/uploads\/2019\/05\/20190520_194035-1024x768.jpg 1024w, https:\/\/fmamiga909.com.ar\/wp-content\/uploads\/2019\/05\/20190520_194035-259x194.jpg 259w, https:\/\/fmamiga909.com.ar\/wp-content\/uploads\/2019\/05\/20190520_194035-950x713.jpg 950w\" sizes=\"auto, (max-width: 300px) 100vw, 300px\" \/><\/a> <a href=\"https:\/\/fmamiga909.com.ar\/?attachment_id=7517\" rel=\"attachment wp-att-7517\"><img loading=\"lazy\" decoding=\"async\" class=\"aligncenter size-medium wp-image-7517\" src=\"https:\/\/fmamiga909.com.ar\/wp-content\/uploads\/2019\/05\/20190520_194931-300x225.jpg\" alt=\"\" width=\"300\" height=\"225\" srcset=\"https:\/\/fmamiga909.com.ar\/wp-content\/uploads\/2019\/05\/20190520_194931-300x225.jpg 300w, https:\/\/fmamiga909.com.ar\/wp-content\/uploads\/2019\/05\/20190520_194931-1024x768.jpg 1024w, https:\/\/fmamiga909.com.ar\/wp-content\/uploads\/2019\/05\/20190520_194931-259x194.jpg 259w, https:\/\/fmamiga909.com.ar\/wp-content\/uploads\/2019\/05\/20190520_194931-950x713.jpg 950w\" sizes=\"auto, (max-width: 300px) 100vw, 300px\" \/><\/a><\/p>\n","protected":false},"excerpt":{"rendered":"<p>El gobernador Miguel Lifschitz, junto al presidente de la C\u00e1mara de Diputados provincial, Antonio Bonfatti,&#8230;<\/p>\n","protected":false},"author":3,"featured_media":7505,"comment_status":"closed","ping_status":"closed","sticky":false,"template":"","format":"standard","meta":{"footnotes":""},"categories":[1,3],"tags":[],"class_list":["post-7503","post","type-post","status-publish","format-standard","has-post-thumbnail","hentry","category-uncategorized","category-noticias"],"featured_image_urls":{"full":["https:\/\/fmamiga909.com.ar\/wp-content\/uploads\/2019\/05\/20190520_193149.jpg",4128,3096,false],"thumbnail":["https:\/\/fmamiga909.com.ar\/wp-content\/uploads\/2019\/05\/20190520_193149-150x150.jpg",150,150,true],"medium":["https:\/\/fmamiga909.com.ar\/wp-content\/uploads\/2019\/05\/20190520_193149-300x225.jpg",300,225,true],"medium_large":["https:\/\/fmamiga909.com.ar\/wp-content\/uploads\/2019\/05\/20190520_193149.jpg",4128,3096,false],"large":["https:\/\/fmamiga909.com.ar\/wp-content\/uploads\/2019\/05\/20190520_193149-1024x768.jpg",640,480,true],"1536x1536":["https:\/\/fmamiga909.com.ar\/wp-content\/uploads\/2019\/05\/20190520_193149.jpg",1536,1152,false],"2048x2048":["https:\/\/fmamiga909.com.ar\/wp-content\/uploads\/2019\/05\/20190520_193149.jpg",2048,1536,false],"newsium-slider-full":["https:\/\/fmamiga909.com.ar\/wp-content\/uploads\/2019\/05\/20190520_193149.jpg",1127,845,false],"newsium-featured":["https:\/\/fmamiga909.com.ar\/wp-content\/uploads\/2019\/05\/20190520_193149.jpg",1024,768,false],"newsium-medium":["https:\/\/fmamiga909.com.ar\/wp-content\/uploads\/2019\/05\/20190520_193149.jpg",633,475,false]},"author_info":{"display_name":"Fredy Giuliano","author_link":"https:\/\/fmamiga909.com.ar\/?author=3"},"category_info":"<a href=\"https:\/\/fmamiga909.com.ar\/?cat=1\" rel=\"category\">La radio<\/a> <a href=\"https:\/\/fmamiga909.com.ar\/?cat=3\" rel=\"category\">Noticias<\/a>","tag_info":"Noticias","comment_count":"0","_links":{"self":[{"href":"https:\/\/fmamiga909.com.ar\/index.php?rest_route=\/wp\/v2\/posts\/7503","targetHints":{"allow":["GET"]}}],"collection":[{"href":"https:\/\/fmamiga909.com.ar\/index.php?rest_route=\/wp\/v2\/posts"}],"about":[{"href":"https:\/\/fmamiga909.com.ar\/index.php?rest_route=\/wp\/v2\/types\/post"}],"author":[{"embeddable":true,"href":"https:\/\/fmamiga909.com.ar\/index.php?rest_route=\/wp\/v2\/users\/3"}],"replies":[{"embeddable":true,"href":"https:\/\/fmamiga909.com.ar\/index.php?rest_route=%2Fwp%2Fv2%2Fcomments&post=7503"}],"version-history":[{"count":1,"href":"https:\/\/fmamiga909.com.ar\/index.php?rest_route=\/wp\/v2\/posts\/7503\/revisions"}],"predecessor-version":[{"id":7518,"href":"https:\/\/fmamiga909.com.ar\/index.php?rest_route=\/wp\/v2\/posts\/7503\/revisions\/7518"}],"wp:featuredmedia":[{"embeddable":true,"href":"https:\/\/fmamiga909.com.ar\/index.php?rest_route=\/wp\/v2\/media\/7505"}],"wp:attachment":[{"href":"https:\/\/fmamiga909.com.ar\/index.php?rest_route=%2Fwp%2Fv2%2Fmedia&parent=7503"}],"wp:term":[{"taxonomy":"category","embeddable":true,"href":"https:\/\/fmamiga909.com.ar\/index.php?rest_route=%2Fwp%2Fv2%2Fcategories&post=7503"},{"taxonomy":"post_tag","embeddable":true,"href":"https:\/\/fmamiga909.com.ar\/index.php?rest_route=%2Fwp%2Fv2%2Ftags&post=7503"}],"curies":[{"name":"wp","href":"https:\/\/api.w.org\/{rel}","templated":true}]}}