{"id":7519,"date":"2019-05-22T11:34:45","date_gmt":"2019-05-22T11:34:45","guid":{"rendered":"http:\/\/fmamiga909.com.ar\/?p=7519"},"modified":"2019-05-22T11:34:45","modified_gmt":"2019-05-22T11:34:45","slug":"arrufo-lifschitz-inauguro-viviendas-y-la-repavimentacion-de-la-ruta-39","status":"publish","type":"post","link":"https:\/\/fmamiga909.com.ar\/?p=7519","title":{"rendered":"Arruf\u00f3: Lifschitz inaugur\u00f3 viviendas y la repavimentaci\u00f3n de la ruta 39"},"content":{"rendered":"<p>El Gobernador Miguel Lifschitz, acompa\u00f1ado por el presidente de la C\u00e1mara de Diputados de la provincia, Antonio Bonfatti; el Senador Felipe Michlig; y el Secretario de Estado del H\u00e1bitat, Diego Leone;\u00a0<strong>entreg\u00f3 doce viviendas a familias de la localidad de Arruf\u00f3 e inaugur\u00f3 la repavimentaci\u00f3n de la Ruta Provincial N\u00ba 39\u00a0<\/strong>-tramo Arruf\u00f3 &#8211; La Campesina &#8211; Ambrosetti y la pavimentaci\u00f3n del acceso al Paraje La Campesina.<\/p>\n<p>La inversi\u00f3n provincial para estas obras\u00a0<strong>fue superior a los 135 millones de pesos.<\/strong><\/p>\n<p>Las viviendas\u00a0<strong>poseen dos dormitorios y est\u00e1n equipadas con calefones solares para permitir un importante ahorro de energ\u00eda.\u00a0<\/strong>Los trabajos totalizaron una inversi\u00f3n provincial de $ 15.710.000 e incluyeron obras de infraestructura como alumbrado p\u00fablico, pavimento de hormig\u00f3n, cord\u00f3n cuneta, veredas y rampas.<\/p>\n<p><strong>\u201cHemos hecho y entregado m\u00e1s de tres mil viviendas completas en estos cuatro a\u00f1os.\u00a0<\/strong>Ninguno de los beneficiarios logr\u00f3 obtenerla de otra manera que no sea inscribi\u00e9ndose en los registros de la Direcci\u00f3n Provincial de Vivienda, cumpliendo con los requisitos y habiendo sido seleccionado de manera transparente\u201d, afirm\u00f3 Lifschitz.<\/p>\n<p>\u201cMuchos gobernadores de otras provincias\u00a0<strong>se sorprenden de la cantidad de obras que estamos haciendo en Santa Fe\u00a0<\/strong>y no es que tengamos muchos recursos del gobierno nacional, que ni siquiera nos han pagada la deuda de coparticipaci\u00f3n. Todo lo que hemos hecho fue con una buena administraci\u00f3n, trabajando en conjunto con los gobiernos locales, tratando de priorizar las cosas m\u00e1s importantes y por eso estos resultados\u201d.<\/p>\n<p>Durante el acto,\u00a0<strong>el Gobernador entreg\u00f3 a la Comuna un aporte de 292 mil pesos para construir una vivienda<\/strong>\u00a0en el marco del programa Lote Propio.<\/p>\n<p><strong>FAMILIAS CON TECHO PROPIO<\/strong><\/p>\n<p>Por su parte,\u00a0<strong>Michlig dijo que \u201cuna de las premisas de lo que ten\u00edamos que hacer en Arruf\u00f3 eran viviendas<\/strong>\u00a0y con las que se han entregados, m\u00e1s estas 12 y las que est\u00e1n en marcha, son 33 las soluciones habitacionales para las familias de esta localidad que tienen su techo propio, no van a tener que alquilar y van a comenzar a pagar su casa\u201d.<\/p>\n<p><strong>\u201cQuedan muchas familias todav\u00eda por responder para que tengan su vivienda,\u00a0<\/strong>pero con pol\u00edticas p\u00fablicas como las que lleva adelante el gobierno provincial, no tengan dudas que vamos a trabajar cada d\u00eda m\u00e1s para poder responder\u201d, indic\u00f3 Michlig.<\/p>\n<p>Por \u00faltimo,\u00a0<strong>el presidente comunal de Arruf\u00f3, Cristian Piumatti,<\/strong>\u00a0asegur\u00f3 que \u201choy es un d\u00eda muy especial para todos los arrufe\u00f1os\u201d. Luego, agradeci\u00f3 al gobierno provincial y agreg\u00f3 que \u201cen Arruf\u00f3 estamos haciendo la refacci\u00f3n del Hospital, hemos hecho la refacci\u00f3n de las plazas, de la comisar\u00eda, desag\u00fces pluviales, 16 viviendas en lote propio, estas 12 viviendas.<\/p>\n<p>Hemos inaugurado cinco viviendas m\u00e1s, con esfuerzo compartido a trav\u00e9s de la Secretar\u00eda de Estado del H\u00e1bitat, estamos ejecutando diez cuadras de cord\u00f3n cuneta, hemos trabajado fuertemente para la independizaci\u00f3n del Jard\u00edn que era comunal y pas\u00f3 al Ministerio de Educaci\u00f3n, recibi\u00f3 dos aportes de $ 500 mil cada uno para su refacci\u00f3n.<\/p>\n<p>Accedimos al programa Equipar: una camioneta, una retroexcavadora, un tractor; hemos recibido una ambulancia de alta complejidad para el hospital. Vamos a ejecutar muy pronto tres cuadras de pavimento, se ha cambiado el techo del club La Campesina, as\u00ed como tantas obras m\u00e1s. Por eso, algo que se va a repetir siempre en nosotros, es el agradecimiento\u201d, finaliz\u00f3.<\/p>\n<p><strong>REPAVIMENTACI\u00d3N RUTA PROVINCIAL N\u00b0 39<\/strong><\/p>\n<p>La<strong>\u00a0repavimentaci\u00f3n de la Ruta Provincial N\u00ba39, desde las v\u00edas de Arruf\u00f3 hasta la Ruta Provincial N\u00b074s, requiri\u00f3 una inversi\u00f3n de 120 millones de pesos.<\/strong>\u00a0Una obra de 8,2 kil\u00f3metros de longitud que comprendi\u00f3 trabajos de bacheo profundo (incluye saneamiento de subrasante), reciclado con incorporaci\u00f3n de piedra y cemento de 35 cent\u00edmetros de espesor, y una base de concreto asf\u00e1ltico de siete cent\u00edmetros m\u00e1s una carpeta de rodamiento de cinco cent\u00edmetros.<\/p>\n<p>El\u00a0<strong>acceso a La Campesina cuenta con 500 metros de longitud<\/strong>\u00a0que dej\u00f3 como saldo un nuevo camino de siete metros de ancho. Los trabajos incluyeron la recompactaci\u00f3n de la base existente, estabilizado granular, y luego una carpeta asf\u00e1ltica de cuatro cent\u00edmetros de espesor.<\/p>\n<p>En cuanto a las\u00a0<strong>obras de pavimentaci\u00f3n, Michlig expres\u00f3 que \u201ces una obra de complementaci\u00f3n,\u00a0<\/strong>la provincia toma una deuda que tiene la Naci\u00f3n y el gobernador Lifschitz decidi\u00f3 adelantar fondos a los municipios y comunas y se van a realizar tres cuadras m\u00e1s de pavimento\u201d.<\/p>\n<p><strong>PRESENTES<\/strong><\/p>\n<p>Tambi\u00e9n estuvieron presentes los ministros de Infraestructura y Transporte, Jos\u00e9 Garibay; y de Obras P\u00fablicas, Pedro Morini; el diputado provincial Edgardo Martino; el subsecretario de Articulaci\u00f3n Territorial, Rams\u00e9s Medina; el administrador provincial de Vialidad, Pablo Seghezzo, entre otras autoridades.<a href=\"https:\/\/fmamiga909.com.ar\/?attachment_id=7521\" rel=\"attachment wp-att-7521\"><img loading=\"lazy\" decoding=\"async\" class=\"aligncenter size-medium wp-image-7521\" src=\"https:\/\/fmamiga909.com.ar\/wp-content\/uploads\/2019\/05\/20190520_175435-300x225.jpg\" alt=\"\" width=\"300\" height=\"225\" srcset=\"https:\/\/fmamiga909.com.ar\/wp-content\/uploads\/2019\/05\/20190520_175435-300x225.jpg 300w, https:\/\/fmamiga909.com.ar\/wp-content\/uploads\/2019\/05\/20190520_175435-1024x768.jpg 1024w, https:\/\/fmamiga909.com.ar\/wp-content\/uploads\/2019\/05\/20190520_175435-259x194.jpg 259w, https:\/\/fmamiga909.com.ar\/wp-content\/uploads\/2019\/05\/20190520_175435-950x713.jpg 950w\" sizes=\"auto, (max-width: 300px) 100vw, 300px\" \/><\/a> <a href=\"https:\/\/fmamiga909.com.ar\/?attachment_id=7522\" rel=\"attachment wp-att-7522\"><img loading=\"lazy\" decoding=\"async\" class=\"aligncenter size-medium wp-image-7522\" src=\"https:\/\/fmamiga909.com.ar\/wp-content\/uploads\/2019\/05\/20190520_175440-300x225.jpg\" alt=\"\" width=\"300\" height=\"225\" srcset=\"https:\/\/fmamiga909.com.ar\/wp-content\/uploads\/2019\/05\/20190520_175440-300x225.jpg 300w, https:\/\/fmamiga909.com.ar\/wp-content\/uploads\/2019\/05\/20190520_175440-1024x768.jpg 1024w, https:\/\/fmamiga909.com.ar\/wp-content\/uploads\/2019\/05\/20190520_175440-259x194.jpg 259w, https:\/\/fmamiga909.com.ar\/wp-content\/uploads\/2019\/05\/20190520_175440-950x713.jpg 950w\" sizes=\"auto, (max-width: 300px) 100vw, 300px\" \/><\/a> <a href=\"https:\/\/fmamiga909.com.ar\/?attachment_id=7523\" rel=\"attachment wp-att-7523\"><img loading=\"lazy\" decoding=\"async\" class=\"aligncenter size-medium wp-image-7523\" src=\"https:\/\/fmamiga909.com.ar\/wp-content\/uploads\/2019\/05\/20190520_175503-300x225.jpg\" alt=\"\" width=\"300\" height=\"225\" srcset=\"https:\/\/fmamiga909.com.ar\/wp-content\/uploads\/2019\/05\/20190520_175503-300x225.jpg 300w, https:\/\/fmamiga909.com.ar\/wp-content\/uploads\/2019\/05\/20190520_175503-1024x768.jpg 1024w, https:\/\/fmamiga909.com.ar\/wp-content\/uploads\/2019\/05\/20190520_175503-259x194.jpg 259w, https:\/\/fmamiga909.com.ar\/wp-content\/uploads\/2019\/05\/20190520_175503-950x713.jpg 950w\" sizes=\"auto, (max-width: 300px) 100vw, 300px\" \/><\/a> <a href=\"https:\/\/fmamiga909.com.ar\/?attachment_id=7524\" rel=\"attachment wp-att-7524\"><img loading=\"lazy\" decoding=\"async\" class=\"aligncenter size-medium wp-image-7524\" src=\"https:\/\/fmamiga909.com.ar\/wp-content\/uploads\/2019\/05\/20190520_175505-300x225.jpg\" alt=\"\" width=\"300\" height=\"225\" srcset=\"https:\/\/fmamiga909.com.ar\/wp-content\/uploads\/2019\/05\/20190520_175505-300x225.jpg 300w, https:\/\/fmamiga909.com.ar\/wp-content\/uploads\/2019\/05\/20190520_175505-1024x768.jpg 1024w, https:\/\/fmamiga909.com.ar\/wp-content\/uploads\/2019\/05\/20190520_175505-259x194.jpg 259w, https:\/\/fmamiga909.com.ar\/wp-content\/uploads\/2019\/05\/20190520_175505-950x713.jpg 950w\" sizes=\"auto, (max-width: 300px) 100vw, 300px\" \/><\/a><\/p>\n","protected":false},"excerpt":{"rendered":"<p>El Gobernador Miguel Lifschitz, acompa\u00f1ado por el presidente de la C\u00e1mara de Diputados de la&#8230;<\/p>\n","protected":false},"author":3,"featured_media":7520,"comment_status":"closed","ping_status":"closed","sticky":false,"template":"","format":"standard","meta":{"footnotes":""},"categories":[1,3],"tags":[],"class_list":["post-7519","post","type-post","status-publish","format-standard","has-post-thumbnail","hentry","category-uncategorized","category-noticias"],"featured_image_urls":{"full":["https:\/\/fmamiga909.com.ar\/wp-content\/uploads\/2019\/05\/20190520_175603.jpg",4128,3096,false],"thumbnail":["https:\/\/fmamiga909.com.ar\/wp-content\/uploads\/2019\/05\/20190520_175603-150x150.jpg",150,150,true],"medium":["https:\/\/fmamiga909.com.ar\/wp-content\/uploads\/2019\/05\/20190520_175603-300x225.jpg",300,225,true],"medium_large":["https:\/\/fmamiga909.com.ar\/wp-content\/uploads\/2019\/05\/20190520_175603.jpg",4128,3096,false],"large":["https:\/\/fmamiga909.com.ar\/wp-content\/uploads\/2019\/05\/20190520_175603-1024x768.jpg",640,480,true],"1536x1536":["https:\/\/fmamiga909.com.ar\/wp-content\/uploads\/2019\/05\/20190520_175603.jpg",1536,1152,false],"2048x2048":["https:\/\/fmamiga909.com.ar\/wp-content\/uploads\/2019\/05\/20190520_175603.jpg",2048,1536,false],"newsium-slider-full":["https:\/\/fmamiga909.com.ar\/wp-content\/uploads\/2019\/05\/20190520_175603.jpg",1127,845,false],"newsium-featured":["https:\/\/fmamiga909.com.ar\/wp-content\/uploads\/2019\/05\/20190520_175603.jpg",1024,768,false],"newsium-medium":["https:\/\/fmamiga909.com.ar\/wp-content\/uploads\/2019\/05\/20190520_175603.jpg",633,475,false]},"author_info":{"display_name":"Fredy Giuliano","author_link":"https:\/\/fmamiga909.com.ar\/?author=3"},"category_info":"<a href=\"https:\/\/fmamiga909.com.ar\/?cat=1\" rel=\"category\">La radio<\/a> <a href=\"https:\/\/fmamiga909.com.ar\/?cat=3\" rel=\"category\">Noticias<\/a>","tag_info":"Noticias","comment_count":"0","_links":{"self":[{"href":"https:\/\/fmamiga909.com.ar\/index.php?rest_route=\/wp\/v2\/posts\/7519","targetHints":{"allow":["GET"]}}],"collection":[{"href":"https:\/\/fmamiga909.com.ar\/index.php?rest_route=\/wp\/v2\/posts"}],"about":[{"href":"https:\/\/fmamiga909.com.ar\/index.php?rest_route=\/wp\/v2\/types\/post"}],"author":[{"embeddable":true,"href":"https:\/\/fmamiga909.com.ar\/index.php?rest_route=\/wp\/v2\/users\/3"}],"replies":[{"embeddable":true,"href":"https:\/\/fmamiga909.com.ar\/index.php?rest_route=%2Fwp%2Fv2%2Fcomments&post=7519"}],"version-history":[{"count":1,"href":"https:\/\/fmamiga909.com.ar\/index.php?rest_route=\/wp\/v2\/posts\/7519\/revisions"}],"predecessor-version":[{"id":7525,"href":"https:\/\/fmamiga909.com.ar\/index.php?rest_route=\/wp\/v2\/posts\/7519\/revisions\/7525"}],"wp:featuredmedia":[{"embeddable":true,"href":"https:\/\/fmamiga909.com.ar\/index.php?rest_route=\/wp\/v2\/media\/7520"}],"wp:attachment":[{"href":"https:\/\/fmamiga909.com.ar\/index.php?rest_route=%2Fwp%2Fv2%2Fmedia&parent=7519"}],"wp:term":[{"taxonomy":"category","embeddable":true,"href":"https:\/\/fmamiga909.com.ar\/index.php?rest_route=%2Fwp%2Fv2%2Fcategories&post=7519"},{"taxonomy":"post_tag","embeddable":true,"href":"https:\/\/fmamiga909.com.ar\/index.php?rest_route=%2Fwp%2Fv2%2Ftags&post=7519"}],"curies":[{"name":"wp","href":"https:\/\/api.w.org\/{rel}","templated":true}]}}