{"id":7571,"date":"2019-05-29T20:20:54","date_gmt":"2019-05-29T20:20:54","guid":{"rendered":"http:\/\/fmamiga909.com.ar\/?p=7571"},"modified":"2019-05-29T20:22:30","modified_gmt":"2019-05-29T20:22:30","slug":"curso-de-fotografia-artistica","status":"publish","type":"post","link":"https:\/\/fmamiga909.com.ar\/?p=7571","title":{"rendered":"Curso de Fotograf\u00eda Art\u00edstica"},"content":{"rendered":"<p>La Biblioteca Popular Juan Bautista Alberdi de nuestra localidad organiz\u00f3 un taller de fotograf\u00eda art\u00edstica.<\/p>\n<p>Hablamos con la Bibliotecaria Nadia Mainero quien coment\u00f3 que el Se\u00f1or Diego Dadone tendr\u00e1 a cargo este Taller de Fotograf\u00eda Art\u00edstica el cual se realizar\u00e1 el pr\u00f3ximo s\u00e1bado 1 de junio y comenzar\u00e1\u00a0 a las 10 hs para finalizar a las 16hs en el predio ferial de la Soc. Rural.<\/p>\n<p>Los interesados pueden inscribirse en el local de la pensionada instituci\u00f3n y tiene un costo de $ 250-<\/p>\n","protected":false},"excerpt":{"rendered":"<p>La Biblioteca Popular Juan Bautista Alberdi de nuestra localidad organiz\u00f3 un taller de fotograf\u00eda art\u00edstica&#8230;.<\/p>\n","protected":false},"author":3,"featured_media":7575,"comment_status":"closed","ping_status":"closed","sticky":false,"template":"","format":"standard","meta":{"footnotes":""},"categories":[1,3],"tags":[],"class_list":["post-7571","post","type-post","status-publish","format-standard","has-post-thumbnail","hentry","category-uncategorized","category-noticias"],"featured_image_urls":{"full":["https:\/\/fmamiga909.com.ar\/wp-content\/uploads\/2019\/05\/20190528_184715.jpg",4128,3096,false],"thumbnail":["https:\/\/fmamiga909.com.ar\/wp-content\/uploads\/2019\/05\/20190528_184715-150x150.jpg",150,150,true],"medium":["https:\/\/fmamiga909.com.ar\/wp-content\/uploads\/2019\/05\/20190528_184715-300x225.jpg",300,225,true],"medium_large":["https:\/\/fmamiga909.com.ar\/wp-content\/uploads\/2019\/05\/20190528_184715.jpg",4128,3096,false],"large":["https:\/\/fmamiga909.com.ar\/wp-content\/uploads\/2019\/05\/20190528_184715-1024x768.jpg",640,480,true],"1536x1536":["https:\/\/fmamiga909.com.ar\/wp-content\/uploads\/2019\/05\/20190528_184715.jpg",1536,1152,false],"2048x2048":["https:\/\/fmamiga909.com.ar\/wp-content\/uploads\/2019\/05\/20190528_184715.jpg",2048,1536,false],"newsium-slider-full":["https:\/\/fmamiga909.com.ar\/wp-content\/uploads\/2019\/05\/20190528_184715.jpg",1127,845,false],"newsium-featured":["https:\/\/fmamiga909.com.ar\/wp-content\/uploads\/2019\/05\/20190528_184715.jpg",1024,768,false],"newsium-medium":["https:\/\/fmamiga909.com.ar\/wp-content\/uploads\/2019\/05\/20190528_184715.jpg",633,475,false]},"author_info":{"display_name":"Fredy Giuliano","author_link":"https:\/\/fmamiga909.com.ar\/?author=3"},"category_info":"<a href=\"https:\/\/fmamiga909.com.ar\/?cat=1\" rel=\"category\">La radio<\/a> <a href=\"https:\/\/fmamiga909.com.ar\/?cat=3\" rel=\"category\">Noticias<\/a>","tag_info":"Noticias","comment_count":"0","_links":{"self":[{"href":"https:\/\/fmamiga909.com.ar\/index.php?rest_route=\/wp\/v2\/posts\/7571","targetHints":{"allow":["GET"]}}],"collection":[{"href":"https:\/\/fmamiga909.com.ar\/index.php?rest_route=\/wp\/v2\/posts"}],"about":[{"href":"https:\/\/fmamiga909.com.ar\/index.php?rest_route=\/wp\/v2\/types\/post"}],"author":[{"embeddable":true,"href":"https:\/\/fmamiga909.com.ar\/index.php?rest_route=\/wp\/v2\/users\/3"}],"replies":[{"embeddable":true,"href":"https:\/\/fmamiga909.com.ar\/index.php?rest_route=%2Fwp%2Fv2%2Fcomments&post=7571"}],"version-history":[{"count":2,"href":"https:\/\/fmamiga909.com.ar\/index.php?rest_route=\/wp\/v2\/posts\/7571\/revisions"}],"predecessor-version":[{"id":7574,"href":"https:\/\/fmamiga909.com.ar\/index.php?rest_route=\/wp\/v2\/posts\/7571\/revisions\/7574"}],"wp:featuredmedia":[{"embeddable":true,"href":"https:\/\/fmamiga909.com.ar\/index.php?rest_route=\/wp\/v2\/media\/7575"}],"wp:attachment":[{"href":"https:\/\/fmamiga909.com.ar\/index.php?rest_route=%2Fwp%2Fv2%2Fmedia&parent=7571"}],"wp:term":[{"taxonomy":"category","embeddable":true,"href":"https:\/\/fmamiga909.com.ar\/index.php?rest_route=%2Fwp%2Fv2%2Fcategories&post=7571"},{"taxonomy":"post_tag","embeddable":true,"href":"https:\/\/fmamiga909.com.ar\/index.php?rest_route=%2Fwp%2Fv2%2Ftags&post=7571"}],"curies":[{"name":"wp","href":"https:\/\/api.w.org\/{rel}","templated":true}]}}