{"id":7688,"date":"2019-07-04T14:36:12","date_gmt":"2019-07-04T14:36:12","guid":{"rendered":"http:\/\/fmamiga909.com.ar\/?p=7688"},"modified":"2019-07-04T14:36:12","modified_gmt":"2019-07-04T14:36:12","slug":"vacaciones-de-invierno-en-santa-fe-entra-aqui-y-mira-las-ofertas-de-la-provincia","status":"publish","type":"post","link":"https:\/\/fmamiga909.com.ar\/?p=7688","title":{"rendered":"VACACIONES DE INVIERNO EN SANTA FE  ENTRA AQUI Y MIRA LAS OFERTAS DE LA PROVINCIA"},"content":{"rendered":"<p>Agenda por espacios:<\/p>\n<ul>\n<li><b>Alero La Esperanza (VGG)<\/b><\/li>\n<\/ul>\n<p>Jueves 11 y viernes 12 de 14 a 17 hs<br \/>\nJuegos tradicionales para grandes y chicos, rinc\u00f3n de lectura, construcci\u00f3n de objetos y muchos espacios m\u00e1s para compartir.<\/p>\n<p>S\u00e1bado 13 de 14 a 17 hs<br \/>\nJuegos tradicionales para grandes y chicos, rinc\u00f3n de lectura, construcci\u00f3n de objetos y muchos espacios mas para compartir + funci\u00f3n especial de \u201cEl gran circo de los Semaforelli\u201d.<\/p>\n<ul>\n<li><b>Alero Nahuel Huapi (VGG)<\/b><\/li>\n<\/ul>\n<p>Jueves 18 y viernes 19 de 14 a 17 hs<br \/>\nJuegos tradicionales para grandes y chicos, rinc\u00f3n de lectura, vestuarios para inventarse, jugar a ser otro y muchos espacios mas para compartir.<\/p>\n<p>S\u00e1bado 20 de 14 a 17 hs<br \/>\nJuegos tradicionales para grandes y chicos, rinc\u00f3n de lectura, vestuarios para inventarse, jugar a ser otro y muchos espacios mas para compartir + funci\u00f3n especial de \u00abUniverso estupenda \u00a1\u00a1de luxe!!\u00bb<\/p>\n<ul>\n<li><b>Alero Coronel Dorrego (Santa Fe)<\/b><\/li>\n<\/ul>\n<p>10 de julio \u2013 15:30hs<br \/>\nEl Tr\u00edo Boler\u00edstico Genial presentar\u00e1 su show humor\u00edstico musical<\/p>\n<p>13 de julio- 16:30 hs<br \/>\nSe presentar\u00e1 el espect\u00e1culo de clown \u201cMargarina invita\u201d<\/p>\n<p>14 de julio \u2013 16:30hs<br \/>\nLa compa\u00f1\u00eda Saltimbanquis presentar\u00e1 el espect\u00e1culos de t\u00edteres \u00abAl diablo con el pan lo hicimos trabajar\u00bb<\/p>\n<p>18 de julio \u2013 16:30hs<br \/>\nLa compa\u00f1\u00eda teatral los \u201cHijos de la pavota\u201d presenta el espect\u00e1culo \u201cEsos dos raros del grupo\u201d.<\/p>\n<p>20 de julio &#8211; 16:30hs<br \/>\nSe presentar\u00e1 un espect\u00e1culo de circo, m\u00fasica y teatro a cargo de la compa\u00f1\u00eda \u201cCircostero\u201d<\/p>\n<p>21 de julio -16:30 hs<br \/>\nLa Banda de Armando L\u00edo presentar\u00e1 el espect\u00e1culo musical \u201cHoy sonamos fuerte\u201d.<\/p>\n<ul>\n<li><b>Alero Sportivo Cultural Las Flores (Mill\u00e1n Medina y Azopardo, Santa Fe)<\/b><\/li>\n<\/ul>\n<p>Abierto de mi\u00e9rcoles a domingo de 14:30 a 17:30<br \/>\nMi\u00e9rcoles 10 y 17 de julio: Salidas desde el Alero para conocer otros espacios del tr\u00edptico<br \/>\nJueves 11, viernes 12, jueves 18 de julio y viernes 19: juegos y actividades para toda la familia.<br \/>\nS\u00e1bados y domingos: espect\u00e1culos, juegos y actividades para toda la familia.<\/p>\n<ul>\n<li><b><a class=\"links_subrayados\" href=\"http:\/\/www.casarijon.gob.ar\/\" target=\"_blank\" rel=\"noopener\">Casarij\u00f3n (Rosario)<\/a><\/b><\/li>\n<\/ul>\n<p>Jueves 11 y viernes 12<br \/>\nJuegos de kermes para grandes y chicos, cortos animados y mas espacios para desafiarse y compartir.<\/p>\n<p>S\u00e1bado 13<br \/>\nJuegos de kermes para grandes y chicos, cortos animados y mas espacios para desafiarse y compartir + funci\u00f3n especial: La Gorda Azul, presenta, Odisea de Tres en Triciclo (espect\u00e1culo para toda la familia de actores y mu\u00f1ecos)<\/p>\n<p>Jueves 18 y viernes 19<br \/>\nJuegos de kermes para grandes y chicos, cortos animados y mas espacios para desafiarse y compartir.<\/p>\n<p>S\u00e1bado 20<br \/>\nJuegos de kermes para grandes y chicos, cortos animados y mas espacios para desafiarse y compartir + funci\u00f3n especial: Circo Lumiere, presenta, Les Vol\u00e1tiles (espect\u00e1culo de circo callejero atravesado por acrobacias, malabares y humor)<\/p>\n<p>M\u00e1s info en la\u00a0<a class=\"links_subrayados\" href=\"http:\/\/www.casarijon.gob.ar\/\" target=\"_blank\" rel=\"noopener\">Web de Casarij\u00f3n<\/a><\/p>\n<ul>\n<li><b><a class=\"links_subrayados\" href=\"https:\/\/elcairocinepublico.gob.ar\/\" target=\"_blank\" rel=\"noopener\">El Cairo cine P\u00fablico (Rosario)<\/a><\/b><\/li>\n<\/ul>\n<p>El Cairo Cine P\u00fablico cumple 10 a\u00f1os como espacio cultural y en estas vacaciones de invierno lo festeja con las mejores pel\u00edculas animadas de la d\u00e9cada. Un ciclo de 10 pel\u00edculas que representan la diversidad de estilos, relatos y or\u00edgenes de la producci\u00f3n cinematogr\u00e1fica infantil internacional. Todas las funciones son a las 16 horas, habladas en castellano, con entrada gratuita.<\/p>\n<p>Mi\u00e9rcoles 10\/07 &#8211; Ponyo y el secreto de la sirenita \/ Gake no ue no Ponyo<br \/>\nJueves 11\/07 &#8211; Toy story 3<br \/>\nViernes 12\/07 &#8211; El Rat\u00f3n P\u00e9rez y los guardianes del libro m\u00e1gico<br \/>\nS\u00e1bado 13\/07 &#8211; Ernest y C\u00e9lestine<br \/>\nDomingo 14\/07 &#8211; Intensamente \/ Inside out<br \/>\nMi\u00e9rcoles 17\/07 &#8211; La canci\u00f3n del mar \/ Song of the Sea<br \/>\nJueves 18\/07 &#8211; Bob Esponja: la pel\u00edcula \/ The SpongeBob SquarePants Movie<br \/>\nViernes 19\/07 &#8211; La vida de Calabac\u00edn \/ Ma Vie De Courgette<br \/>\nS\u00e1bado 20\/07 &#8211; Coco<br \/>\nDomingo 21\/07 &#8211; Mary y Max \/ Mary and Max<br \/>\nLa info completa encontrala en\u00a0<a class=\"links_subrayados\" href=\"https:\/\/elcairocinepublico.gob.ar\/\" target=\"_blank\" rel=\"noopener\">la Web del cine<\/a><\/p>\n<ul>\n<li><b><a class=\"links_subrayados\" href=\"http:\/\/www.museomarc.gob.ar\/\" target=\"_blank\" rel=\"noopener\">Museo Marc<\/a><\/b><\/li>\n<\/ul>\n<p>Celebramos los 80 a\u00f1os del Museo Marc con una agenda completa de actividades para grandes y chicos, recorriendo los tres ejes que inspiraron a Julio Marc para crear el Museo: Arte Americano, Arte Colonial e Historia Patria.<\/p>\n<p>Lunes 8 de julio, de 11 a 19h \/ Festejo 80 a\u00f1os del Museo Marc para todo p\u00fablico<br \/>\nMi\u00e9rcoles 10 de julio, 11h \/ Mesa abierta sobre conservaci\u00f3n y pintura<br \/>\nJueves 11 de julio, 16h \/ Mesa de dibujo sobre Arte Colonial para adultos y adultas mayores<br \/>\nS\u00e1bado 13 de julio, 16h \/ Visita mediada por la exposici\u00f3n \u201cMar\u00eda Obligado, pintora\u201d, dirigida al p\u00fablico general<br \/>\nDomingo 14 de julio, 16h \/ Teatro de t\u00edteres para ni\u00f1os, j\u00f3venes y adultos \u201cSoy Abya Yala\u201d<br \/>\nMartes 16 de julio, 11h \/ Mesa de dibujo sobre Historia Patria para adultos y adultas mayores<br \/>\nMi\u00e9rcoles 17 de julio, 16h \/ Mesa abierta sobre conservaci\u00f3n y escultura<br \/>\nJueves 18 de julio, 16h \/ Teatro de t\u00edteres para ni\u00f1os, j\u00f3venes y adultos \u201cSoy Abya Yala\u201d<br \/>\nS\u00e1bado 20 de julio, 17h \/ Visita mediada por el dep\u00f3sito de arte textil, dirigida al p\u00fablico general<br \/>\nDomingo 21 de julio, 17h \/ Visita mediada por la exposici\u00f3n \u201cEl Mataco\u201d, dirigida al p\u00fablico general<\/p>\n<p>M\u00e1s info en la\u00a0<a class=\"links_subrayados\" href=\"http:\/\/www.museomarc.gob.ar\/\" target=\"_blank\" rel=\"noopener\">Web del Museo<\/a><\/p>\n<ul>\n<li><b><a class=\"links_subrayados\" href=\"https:\/\/www.museogallardo.gob.ar\/\" target=\"_blank\" rel=\"noopener\">Museo Gallardo<\/a><\/b><\/li>\n<\/ul>\n<p>De martes a domingo a partir de las 15 h se pueden disfrutar las siguientes actividades:<\/p>\n<p>\u201cAmasando recetas\u201d &#8211; conocemos la diversidad de alimentos y recetas en diferentes contextos.<br \/>\n\u00abNi\u00f1xs exploradores, La Pampa nos espera!\u00bb &#8211; descubrimos las relaciones entre las caracter\u00edsticas corporales de los animales y el ambiente en el que habitan.<br \/>\n\u00abTardes de f\u00e1bula y leyenda\u00bb &#8211; nos acercamos a los animales que habitan la regi\u00f3n.<br \/>\n\u00ab\u00bfQu\u00e9 nos queda por descubrir?\u00bb &#8211; nos preguntamos qui\u00e9nes habitaron nuestro territorio y c\u00f3mo este se fue transformando.<br \/>\n\u00ab\u00bfCuanta diversidad puede entrar en la palma de una mano?\u00bb &#8211; conocemos la diversidad de semillas y su importancia.<\/p>\n<p>Adem\u00e1s\u2026<br \/>\nCiclo de cine en la biblioteca \/ Vereda &#8211; mercado agroecol\u00f3gico del gallardo \/ Extraordinaria visita mediada a cargo del artista de la muestra \u00abLos Hu\u00e9rfanos del Popo\u00f3 \/ Cuentos de un lago desaparecido\u00bb<\/p>\n<p>Las actividades no necesitan inscripci\u00f3n previa. M\u00e1s info en\u00a0<a class=\"links_subrayados\" href=\"https:\/\/www.museogallardo.gob.ar\/\" target=\"_blank\" rel=\"noopener\">la web del museo.<\/a><\/p>\n<ul>\n<li><b><a class=\"links_subrayados\" href=\"https:\/\/www.plataformalavarden.gob.ar\/maravillas\/\" target=\"_blank\" rel=\"noopener\">Plataforma de las Maravillas 2019 (Rosario)<\/a><\/b><\/li>\n<\/ul>\n<p>En vacaciones de invierno, todo el edificio de Plataforma Lavard\u00e9n se convierte para recibir a grandes y ni\u00f1os, el Teatro y Petit Sal\u00f3n se engalanar\u00e1n con obras y fant\u00e1sticos recitales; el Gran Sal\u00f3n ofrecer\u00e1 veladas para merendar y bailar en familia; y los Subsuelos ser\u00e1n la arena de m\u00faltiples intervenciones circenses. Todos ellos gratis, de jueves a domingos, algunos con retiro previo de entradas en boleter\u00eda y otros que podr\u00e1n encontrarse al paso en los recorridos propuestos. Se puede encontrar informaci\u00f3n detallada en\u00a0<a class=\"links_subrayados\" href=\"https:\/\/www.plataformalavarden.gob.ar\/maravillas\/\" target=\"_blank\" rel=\"noopener\">la Web de Plataforma<\/a>.<br \/>\nEspect\u00e1culos programados:<\/p>\n<p>Jueves 11<br \/>\n15 h Teatro. La Gordini presenta Canciones Para Compartir<br \/>\n16 h Subsuelo. La Risa es Bella<br \/>\n17 h Gran Sal\u00f3n. Triple Orquestina Ilustrada del Grupo El Casi Cirk<\/p>\n<p>Viernes 12<br \/>\n15 h Teatro. Mariana Baggio Barcos y mariposas 5<br \/>\n16 h Subsuelo. La Risa es Bella<br \/>\n17 h Gran Sal\u00f3n. Tertulia y Oblicuo. Dos payasos en acci\u00f3n<\/p>\n<p>S\u00e1bado 13<br \/>\n15 h Teatro. La Banda de los Papas Fritas<br \/>\n16 h Subsuelo. Magiclown presenta \u00bfC\u00f3mo lo hizo?<br \/>\n17 h Gran Sal\u00f3n. Latin D\u00fao presenta Se desconcierta el concierto<\/p>\n<p>Domingo 14<br \/>\n15 h Teatro. Pim Pau<br \/>\n16 h Subsuelo. Tallar\u00edn con Banana presenta Desprovisto<br \/>\n17 h Gran Sal\u00f3n. Los Fen\u00f3menos del Grupo Pato Mojado<\/p>\n<p>Jueves 18<br \/>\n15 h Teatro. La Banda de Armando Lio presenta Hoy sonamos fuerte!<br \/>\n16 h Espacio Subsuelo. Los Hermanos Bolo\u00f1os<br \/>\n17 h Gran Sal\u00f3n. Barakatum Interl\u00fadico<\/p>\n<p>Viernes 19<br \/>\n15 h Teatro. Las Vecinas del Pasaje, del Grupo El Boyo Teatral<br \/>\n16 h Subsuelo. El Cuco de la Compa\u00f1\u00eda Circo Alboroto<br \/>\n17 h Gran Sal\u00f3n. Jazz for kids<\/p>\n<p>S\u00e1bado 20<br \/>\n15 h Teatro. D\u00fao Karma &#8211; M\u00fasica para todas las edades<br \/>\n16 h Subsuelo. Magiclown presenta \u00bfC\u00f3mo lo hizo?<br \/>\n17 h Gran Sal\u00f3n. Barakatum Interl\u00fadico<\/p>\n<p>Domingo 21<br \/>\n15 h Teatro. Los Raviolis presenta Hoy no vino la ni\u00f1era<br \/>\n16 h Subsuelo. Tallar\u00edn con Banana presenta Desprovisto<br \/>\n17 h Gran Sal\u00f3n. Laberinto Masticable presenta Todos contra m\u00ed<\/p>\n<p>Mundo Creciente<br \/>\nLa sala de juego libre para beb\u00e9s de 0 a 3 a\u00f1os funcionar\u00e1 del jueves 11 al domingo 21 de julio de 15 a 19 h. Por orden de llegada. Capacidad limitada con retiro previo de entrada gratuita en el piso 2.<\/p>\n<ul>\n<li><b>Museo del Deporte<\/b><\/li>\n<\/ul>\n<p>Entrada libre y gratuita \/ En caso de lluvia las actividades se suspenden<\/p>\n<p>S\u00e1bado 6, 14h<br \/>\nJuegos para todas las edades<br \/>\nTallar\u00edn con Banana presentan Desprovisto<br \/>\nTransmisi\u00f3n en pantalla gigante partido por tercer y cuarto puesto Copa Am\u00e9rica &#8211; Brasil 2019.<\/p>\n<p>Domingo 7, 14h<br \/>\nJuegos para todas las edades<br \/>\nJos\u00e9 Guirado presenta Calle del circo y la alegr\u00eda<br \/>\nTransmisi\u00f3n en pantalla gigante final Copa Am\u00e9rica<\/p>\n<p>S\u00e1bado 13, 14h<br \/>\nJuegos para todas las edades<br \/>\nShow de Les Amici<br \/>\nProyecci\u00f3n en pantalla gigante de cortometrajes<\/p>\n<p>Domingo 14, 14h<br \/>\nJuegos para todas las edades<br \/>\nShow de Talindo<br \/>\nProyecci\u00f3n en pantalla gigante de cortometrajes<\/p>\n<ul>\n<li><b>Franja del R\u00edo (Rosario)<\/b><\/li>\n<\/ul>\n<p>Galp\u00f3n 11 \u201cEL MUELLE, CULTURAS URBANAS\u201d<br \/>\nInvasi\u00f3n Po\u00e9tica: Intervenci\u00f3n art\u00edstica colectiva, ciclo de charlas y workshops + paisajes sonoros yperformances.S\u00e1bados y domingos de 15 a 19h<\/p>\n<p>Galp\u00f3n 15 EL FABULOSO MUNDO DEL CUERPO<\/p>\n<p>S\u00e1bado 6<br \/>\n15h &#8211; D\u00fao Karma har\u00e1 un recorrido por sus maravillosas composiciones. Entrada gratis, capacidad limitada.18.30h \u2013 \u201cVangart\u201d Vacaciones de Invierno Entradas 2&#215;1<\/p>\n<p>Domingo 7<br \/>\n15h &#8211; D\u00fao Karma har\u00e1 un recorrido por sus maravillosas composiciones. Entrada gratis, capacidad limitada.16.30h \u2013 \u201cGran Gala de Circo\u201d18.30h &#8211; \u201cVangart\u201d Vacaciones de Invierno Entradas 2&#215;1<\/p>\n<p>Lunes 8<br \/>\n16.30h \u2013 \u201cCirco Mano a Mano\u201d presenta \u201c100 % locos\u201d.<\/p>\n<p>Martes 9<br \/>\n16.30h &#8211; \u201cTallar\u00edn con Banana\u201d presentan: \u201cDesprovisto\u201d<\/p>\n<p>Jueves 11<br \/>\n15h &#8211; \u201cPlanetario m\u00f3vil digital\u201d: Una experiencia sensorial por los confines del Universo dentro de unex\u00f3tico dispositivo tecnol\u00f3gico. Entrada gratis, capacidad limitada.18.30h &#8211; \u201cVangart\u201d Vacaciones de Invierno Entradas 2&#215;1<\/p>\n<p>Viernes 12<br \/>\n15h &#8211; \u201cPlanetario m\u00f3vil digital\u201d: Una experiencia sensorial por los confines del Universo dentro de un ex\u00f3tico dispositivo tecnol\u00f3gico. Entrada gratis, capacidad limitada.<br \/>\n16.30h &#8211; \u201cGala de circo para toda la familia\u201d. Entrada a la Gorra, capacidad Limitada.<br \/>\n18.30h &#8211; \u201cVangart\u201d Vacaciones de Invierno Entradas 2&#215;1<\/p>\n<p>S\u00e1bado 13<br \/>\n15h &#8211; \u201cMio (de m\u00ed)\u201d de Carla Rodr\u00edguez. Entrada gratis, capacidad limitada.<br \/>\n16.30h &#8211; \u201cGala de circo para toda la familia\u201d Entrada a la Gorra, capacidad Limitada<br \/>\n18.30h &#8211; \u201cVangart\u201d Vacaciones de Invierno Entradas 2&#215;1<\/p>\n<p>Domingo 14<br \/>\n15h &#8211; \u201cMio (de m\u00ed)\u201d de Carla Rodr\u00edguez.<br \/>\n16.30h &#8211; \u201cGala de circo para toda la familia\u201d Entrada a la Gorra, capacidad Limitada.<br \/>\n18.30h &#8211; \u201cVangart\u201d Vacaciones de Invierno Entradas 2&#215;1<\/p>\n<p>Jueves 18<br \/>\n15h &#8211; \u201cPim Pau\u201d<br \/>\n18.30h &#8211; \u201cVangart\u201d Vacaciones de Invierno Entradas 2&#215;1<\/p>\n<p>Viernes 19<br \/>\n15h &#8211; \u201cPim Pau\u201d<br \/>\n16.30h &#8211; \u201cGala de circo para toda la familia\u201d Entrada a la Gorra, capacidad Limitada.<br \/>\n18.30h &#8211; \u201cVangart\u201d Vacaciones de Invierno Entradas 2&#215;1<\/p>\n<p>S\u00e1bado 20<br \/>\n15h &#8211; \u201cLa Banda de Armando L\u00edo\u201d<br \/>\n16.30h &#8211; \u201cGala de circo para toda la familia\u201d Entrada a la Gorra, capacidad Limitada.<br \/>\n18.30h &#8211; \u201cVangart\u201d Vacaciones de Invierno Entradas 2&#215;1<\/p>\n<p>Domingo 21<br \/>\n15h &#8211; \u201cY por \u00faltimo&#8230;frenes\u00ed\u201d Compa\u00f1\u00eda Tuto Tul. Jos\u00e9 Guirado<br \/>\n16.30h &#8211; \u201cGala de circo para toda la familia\u201d Entrada a la Gorra, capacidad Limitada.<br \/>\n18.30h &#8211; \u201cVangart\u201d Vacaciones de Invierno Entradas 2&#215;1<\/p>\n<p>S\u00e1bado 27<br \/>\n21h \u201cVangart\u201d Vacaciones de Invierno Entradas 2&#215;1<\/p>\n<p>Domingo 28<br \/>\n18h \u201cVangart\u201d Vacaciones de Invierno Entradas 2&#215;1<\/p>\n<p>Galp\u00f3n 17 \u2013 MERCADO DE FRUTOS CULTURALES<\/p>\n<p>Aquellas peque\u00f1as cosas\u2026 De palabras, juegos y juguetesUn rinc\u00f3n de juegos, libros, construcciones, lectura, juguetes antiguos y muchas propuestas m\u00e1s para vivir el mundo m\u00e1gico de las infancias. Adem\u00e1s en vacaciones el Mercado te espera con los 37 puestos de productores locales, acompa\u00f1ados de espacios de comida, dibujo, m\u00fasica en vivo y muchas sorpresas para disfrutar en familia. Del 6 al 9 \/\/ 11 al 14 \/\/ 18 al 21 \/\/ 26 al 28 &#8211; De 15 a 19h<\/p>\n<ul>\n<li><b>El Molino. F\u00e1brica Cultural (Boulevard G\u00e1lvez 2350, Santa Fe)<\/b><\/li>\n<\/ul>\n<p>S\u00e1bado 6 de julio \u2013 18 hs<br \/>\nEl Circo Lumiere presenta la obra teatral \u201cLes Vol\u00e1tiles\u201d<\/p>\n<p>Domingo 7 de julio- 18 hs<br \/>\nObra \u201cGalileo, mensajero de estrellas\u201d<\/p>\n<p>Mi\u00e9rcoles 10 de julio- 18 hs<br \/>\nEspect\u00e1culo \u201cCanciones para bailar sonrientes y apreta\u00edcos\u201d<\/p>\n<p>S\u00e1bado 13 de julio- 18 hs<br \/>\nEspect\u00e1culo musical \u201cLa Mona tremenda\u201d<\/p>\n<p>Domingo 14 de julio- 17 hs<br \/>\n\u201cMelocot\u00f3n pajarito\u201d<\/p>\n<p>Mi\u00e9rcoles 17 de julio \u2013 17 hs<br \/>\nEspect\u00e1culo \u201cEl c\u00edrculo de la campanita\u201d<\/p>\n<p>Jueves 18 de julio- 18 hs<br \/>\nCuarteto de jazz de Cristian Bortoli<\/p>\n<p>Viernes 19 de julio- 18hs<br \/>\nConcierto del grupo Barro<\/p>\n<p>S\u00e1bado 20 de julio &#8211; 18 hs<br \/>\nConcierto de La Alexander Petit Orquesta<\/p>\n<p>Domingo 21 de julio &#8211; 16 hs<br \/>\nEspect\u00e1culo \u201cCuentos del Chiribitil\u201d<\/p>\n<p>Domingo 28 de julio- 18 hs<br \/>\nEspect\u00e1culo \u201cLos fen\u00f3menos\u201d<\/p>\n<ul>\n<li><b>La Redonda. Arte y vida cotidiana (Salvador de Carril y Belgrano, Santa Fe)<\/b><\/li>\n<\/ul>\n<p>S\u00e1bado 6 de julio &#8211; 17 hs<br \/>\nEspect\u00e1culo musical \u201cHoy sonamos fuerte\u201d de Armando L\u00edo<\/p>\n<p>S\u00e1bado 13 de julio &#8211; 17 hs<br \/>\n\u201cMelocot\u00f3n pajarito\u201d<\/p>\n<p>Domingo 14 de julio \u2013 18 hs<br \/>\nEspect\u00e1culo \u201cEsos dos raros\u201d.<\/p>\n<p>Domingo 21 de julio &#8211; 18 hs<br \/>\nEspect\u00e1culo \u201cCuentos del Chiribitil\u201d<\/p>\n<ul>\n<li><b>La Esquina Encendida ( Av. Facundo Zuvir\u00eda y Estanislao Zeballos)<\/b><\/li>\n<\/ul>\n<p>Domingo 7 de julio &#8211; 17 hs<br \/>\n\u201cHoy sonamos fuerte\u201d de la Banda de Armando L\u00edo<\/p>\n<p>Domingo 14 de julio \u2013 16:30 hs<br \/>\nTeatro \u201cTibur\u00f3n\u201d<\/p>\n<p>S\u00e1bado 20 de julio \u2013 16:30 hs<br \/>\nTeatro \u201cVioleta y Margarita\u201d<\/p>\n<p>Domingo 21 de julio \u2013 16:30 hs<br \/>\nT\u00edteres \u201cHasta Las Manos\u201d<\/p>\n<ul>\n<li><b>Sapukay. La Casa de Fernando Birri (Rinc\u00f3n)<\/b><\/li>\n<\/ul>\n<p>Mi\u00e9rcoles 10 de julio \u2013 16hs<br \/>\n\u201cHumeando bajito\u201d (se podr\u00e1n hacer masas tradicionales al horno de barro)<\/p>\n<p>Viernes 12 de julio \u2013 16hs<br \/>\n\u201cMicromundos retroiluminados\u00bb (propuesta l\u00fadica de dispositivos pre-cin\u00e9ticos)<\/p>\n<p>S\u00e1bado 13 de julio- 16:30hs<br \/>\nT\u00edteres \u201cLos due\u00f1os del cuento\u201d<\/p>\n<p>Mi\u00e9rcoles 17 de julio &#8211; 16 hs<br \/>\n\u201cHumeando bajito\u201d (se podr\u00e1n hacer masas tradicionales al horno de barro)<\/p>\n<p>Jueves 18 de julio &#8211; 16 hs<br \/>\n\u00abYuyitos del Litoral\u00bb (propuesta l\u00fadica de uso y combinaciones de hierbas para infusiones y yerba mate)<\/p>\n<p>Viernes 19 de julio &#8211; 16:30 hs<br \/>\nT\u00edteres \u201cAbracadabra la mar\u201d<\/p>\n<p>S\u00e1bado 20 de julio- 16:30 hs<br \/>\nEspect\u00e1culo de clown \u201cEl circo del gran Enrique\u201d<\/p>\n<p>Domingo 21 de julio &#8211; 16:30 hs<br \/>\nTeatro \u201cVioleta y Margarita\u201d<\/p>\n<ul>\n<li><b>Centro Cultural Provincial (Jun\u00edn 2457, Santa Fe)<\/b><\/li>\n<\/ul>\n<p>S\u00e1bado 13 de julio &#8211; 15 hs (Sala Mayor)<br \/>\n\u201cUn cuento negro\u201d<\/p>\n<p>Viernes 19, s\u00e1bado 20 y domingo 21 de julio &#8211; 16hs (Sala Mayor y Foyer)<br \/>\n3\u00ba Festivalito \u00abMu\u00f1ecos en vacaciones\u00bb<\/p>\n<p>Viernes 19 de julio &#8211; \u00abY la m\u00fasica viene&#8230;\u00bb de la Compa\u00f1\u00eda Troupe Vagabunda.<\/p>\n<p>S\u00e1bado 20 de julio &#8211; \u00abSomos el recuerdo del mar que pas\u00f3\u00bb<\/p>\n<p>Domingo 21 de julio &#8211; Teatro para bebes \u00abCuando la luna en la laguna\u00bb<b><\/b><\/p>\n<ul>\n<li><b><a class=\"links_subrayados\" href=\"https:\/\/www.museoameghino.gob.ar\/\" target=\"_blank\" rel=\"noopener\">Museo Ameghino (Primera Junta 2859, Santa Fe)<\/a><\/b><\/li>\n<\/ul>\n<p>Teniendo como eje la muestra Cr\u00f3nicas de descubrimientos y extinciones, el Ameghino ofrece diez d\u00edas donde donde la naturaleza no deja de sorprendernos! Revis\u00e1 con nosotros las colecciones, f\u00f3siles, huesos, armarios viejos, y descubr\u00ed las m\u00faltiples formas de vida\u2026<\/p>\n<p>Del 13 al 21 de Julio visit\u00e1 el Museo Ameghino de 14:30 a 18:30<\/p>\n<p>Programaci\u00f3n de laboratorios abiertos, salidas de exploraci\u00f3n a la plaza (investigaci\u00f3n de f\u00f3siles y biodiversidad urbana), talleres con juegos, actividades para ni\u00f1os (tatuajes, pintura, dibujo).<\/p>\n<p>S\u00e1bado 13 &#8211; V\u00edboras, culebras y boas<br \/>\nDomingo 14 &#8211; Universo de bichos<br \/>\nLunes 15 &#8211; Salidas de exploraci\u00f3n a la Plaza San Mart\u00edn<br \/>\nMartes 16 &#8211; Vampiros y Murci\u00e9lagos<br \/>\nMi\u00e9rcoles 17 &#8211; V\u00edboras, culebras y boas<br \/>\nJueves 18 &#8211; Universo de bichos<br \/>\nViernes 19 &#8211; Vampiros y Murci\u00e9lagos<br \/>\nS\u00e1bado 20 &#8211; Elefantes y tigres dientes de sable en el r\u00edo Salado<br \/>\nDomingo 21 &#8211; Fiesta de despedida de vacaciones<\/p>\n<p>M\u00e1s info en<a class=\"links_subrayados\" href=\"https:\/\/www.museoameghino.gob.ar\/\" target=\"_blank\" rel=\"noopener\">\u00a0la Web del museo<\/a><\/p>\n<ul>\n<li><b><a class=\"links_subrayados\" href=\"http:\/\/www.museorosagalisteo.gob.ar\/\" target=\"_blank\" rel=\"noopener\">Museo Rosa Galisteo de Rodr\u00edguez (4 de Enero 1510, Santa Fe)<\/a><\/b><\/li>\n<\/ul>\n<p>\u201cUn viaje por El Rosa\u201d convoca a las familias a visitar el museo en vacaciones de invierno. La propuesta llevar\u00e1 a recorrer el museo de punta a punta a trav\u00e9s de la muestra patrimonial \u201cMuseo Tomado\u201d con el acompa\u00f1amiento del \u00e1rea pedag\u00f3gica.<\/p>\n<p>La actividad se replicar\u00e1 de mi\u00e9rcoles a viernes a las 11.30h, 15.30 y 17.30h y los s\u00e1bados, domingos y feriados a las 16.30h. Est\u00e1 destinada a ni\u00f1os y ni\u00f1as acompa\u00f1ados por un adulto responsable. La participaci\u00f3n es gratuita, con cupo limitado por orden de llegada hasta completar los grupos.<\/p>\n<p>M\u00e1s info en\u00a0<a class=\"links_subrayados\" href=\"http:\/\/www.museorosagalisteo.gob.ar\/\" target=\"_blank\" rel=\"noopener\">la Web del museo<\/a><\/p>\n<ul>\n<li><b><a class=\"links_subrayados\" href=\"https:\/\/www.museobrigadierlopez.gob.ar\/\" target=\"_blank\" rel=\"noopener\">Museo Hist\u00f3rico de Santa Fe (3 de Febrero 2553, Santa Fe)<\/a><\/b><\/li>\n<\/ul>\n<p>Martes 10\/07 &#8211; 17 hs: \u00abImagen y poder. Santa Fe en el siglo XIX\u00bb. Visita mediada por la muestra \u00abEntre acuerdos y conflictos: fragmentos de la historia santafesina\u00bb a cargo de Raquel Garigliano y Patricia Vasconi, tomando el eje pinturas y vestimenta.<\/p>\n<p>Viernes 12\/07 &#8211; 16.30 hs<br \/>\n\u00abLos secretos y la magia del museo\u00bb con la compa\u00f1\u00eda teatral \u00abImprotantes\u00bb.<\/p>\n<p>Jueves 18\/07 &#8211; 17 hs<br \/>\n\u00abDime qu\u00e9 haces&#8230; algunas pr\u00e1cticas sociales en la Santa Fe \u00bfmoderna?\u00bb A cargo de sus curadoras Ma. Gabriela Pauli y Paula Sedr\u00e1n como cierre de la muestra.<\/p>\n<p>Horarios del Museo: Lunes a viernes de 8 a 19 hs S\u00e1bados, domingos y feriados de 16 a 19 hs<\/p>\n<p>M\u00e1s info en\u00a0<a class=\"links_subrayados\" href=\"https:\/\/www.museobrigadierlopez.gob.ar\/\" target=\"_blank\" rel=\"noopener\">la Web del museo<\/a><\/p>\n<ul>\n<li><b><a class=\"links_subrayados\" href=\"http:\/\/www.santafelavieja.gob.ar\/parque-arqueologico\" target=\"_blank\" rel=\"noopener\">Parque Arqueol\u00f3gico Ruinas de Santa Fe La Vieja (Ruta Provincial N\u00ba 1 km 78, Cayast\u00e1)<\/a><\/b><\/li>\n<\/ul>\n<p>Horarios: Martes a viernes de 8:30 a 13 y de 14 a 18:30 hs; S\u00e1bados, domingos y feriados de 12 a 18 hs. (En todos los casos se podr\u00e1 ingresar hasta 60 minutos antes del cierre). Tel. (3405) 493056<\/p>\n<p>Visitas guiadas caminando desde el Museo de Sitio, pasando por los lugares habituales como la Iglesia de San Francisco, la Plaza de Armas, La Casa de Gonz\u00e1lez de Ataide, La Casa Ambientada de Vera Muxica y las estaciones de recorrido.<\/p>\n<p>M\u00e1s info en<a class=\"links_subrayados\" href=\"http:\/\/www.santafelavieja.gob.ar\/parque-arqueologico\" target=\"_blank\" rel=\"noopener\">\u00a0la web del Parque<\/a><\/p>\n<ul>\n<li><b>Centro Cultural Provincial Ideal (Venado Tuerto)<\/b><\/li>\n<\/ul>\n<p><b>Vacaciones Ideales<\/b><\/p>\n<p>Martes 9, 16:30 h &#8211; Otras de Princesas y Piratas<br \/>\nMi\u00e9rcoles 10, 16 h &#8211; Tiempo de Sol<br \/>\nDomingo 14, 16 h &#8211; re-Aliados<br \/>\nLunes 15, 16 h &#8211; Glitter, Surprise!<br \/>\nMartes 16, 16 y 18:30 h &#8211; Alicia en el Pa\u00eds de las Maravillas<br \/>\nJueves 18 y Viernes 19, 16 h &#8211; Hab\u00eda una vez&#8230; Un Jard\u00edn<br \/>\nDomingo 21 &#8211; Marea Circo<\/p>\n","protected":false},"excerpt":{"rendered":"<p>Agenda por espacios: Alero La Esperanza (VGG) Jueves 11 y viernes 12 de 14 a&#8230;<\/p>\n","protected":false},"author":3,"featured_media":7689,"comment_status":"closed","ping_status":"closed","sticky":false,"template":"","format":"standard","meta":{"footnotes":""},"categories":[1,3],"tags":[],"class_list":["post-7688","post","type-post","status-publish","format-standard","has-post-thumbnail","hentry","category-uncategorized","category-noticias"],"featured_image_urls":{"full":["https:\/\/fmamiga909.com.ar\/wp-content\/uploads\/2019\/07\/descarga.jpg",263,192,false],"thumbnail":["https:\/\/fmamiga909.com.ar\/wp-content\/uploads\/2019\/07\/descarga-150x150.jpg",150,150,true],"medium":["https:\/\/fmamiga909.com.ar\/wp-content\/uploads\/2019\/07\/descarga.jpg",263,192,false],"medium_large":["https:\/\/fmamiga909.com.ar\/wp-content\/uploads\/2019\/07\/descarga.jpg",263,192,false],"large":["https:\/\/fmamiga909.com.ar\/wp-content\/uploads\/2019\/07\/descarga.jpg",263,192,false],"1536x1536":["https:\/\/fmamiga909.com.ar\/wp-content\/uploads\/2019\/07\/descarga.jpg",263,192,false],"2048x2048":["https:\/\/fmamiga909.com.ar\/wp-content\/uploads\/2019\/07\/descarga.jpg",263,192,false],"newsium-slider-full":["https:\/\/fmamiga909.com.ar\/wp-content\/uploads\/2019\/07\/descarga.jpg",263,192,false],"newsium-featured":["https:\/\/fmamiga909.com.ar\/wp-content\/uploads\/2019\/07\/descarga.jpg",263,192,false],"newsium-medium":["https:\/\/fmamiga909.com.ar\/wp-content\/uploads\/2019\/07\/descarga.jpg",263,192,false]},"author_info":{"display_name":"Fredy Giuliano","author_link":"https:\/\/fmamiga909.com.ar\/?author=3"},"category_info":"<a href=\"https:\/\/fmamiga909.com.ar\/?cat=1\" rel=\"category\">La radio<\/a> <a href=\"https:\/\/fmamiga909.com.ar\/?cat=3\" rel=\"category\">Noticias<\/a>","tag_info":"Noticias","comment_count":"0","_links":{"self":[{"href":"https:\/\/fmamiga909.com.ar\/index.php?rest_route=\/wp\/v2\/posts\/7688","targetHints":{"allow":["GET"]}}],"collection":[{"href":"https:\/\/fmamiga909.com.ar\/index.php?rest_route=\/wp\/v2\/posts"}],"about":[{"href":"https:\/\/fmamiga909.com.ar\/index.php?rest_route=\/wp\/v2\/types\/post"}],"author":[{"embeddable":true,"href":"https:\/\/fmamiga909.com.ar\/index.php?rest_route=\/wp\/v2\/users\/3"}],"replies":[{"embeddable":true,"href":"https:\/\/fmamiga909.com.ar\/index.php?rest_route=%2Fwp%2Fv2%2Fcomments&post=7688"}],"version-history":[{"count":1,"href":"https:\/\/fmamiga909.com.ar\/index.php?rest_route=\/wp\/v2\/posts\/7688\/revisions"}],"predecessor-version":[{"id":7690,"href":"https:\/\/fmamiga909.com.ar\/index.php?rest_route=\/wp\/v2\/posts\/7688\/revisions\/7690"}],"wp:featuredmedia":[{"embeddable":true,"href":"https:\/\/fmamiga909.com.ar\/index.php?rest_route=\/wp\/v2\/media\/7689"}],"wp:attachment":[{"href":"https:\/\/fmamiga909.com.ar\/index.php?rest_route=%2Fwp%2Fv2%2Fmedia&parent=7688"}],"wp:term":[{"taxonomy":"category","embeddable":true,"href":"https:\/\/fmamiga909.com.ar\/index.php?rest_route=%2Fwp%2Fv2%2Fcategories&post=7688"},{"taxonomy":"post_tag","embeddable":true,"href":"https:\/\/fmamiga909.com.ar\/index.php?rest_route=%2Fwp%2Fv2%2Ftags&post=7688"}],"curies":[{"name":"wp","href":"https:\/\/api.w.org\/{rel}","templated":true}]}}