{"id":7703,"date":"2019-07-15T13:14:01","date_gmt":"2019-07-15T13:14:01","guid":{"rendered":"http:\/\/fmamiga909.com.ar\/?p=7703"},"modified":"2019-07-15T13:14:01","modified_gmt":"2019-07-15T13:14:01","slug":"se-inaugurara-una-delegacion-de-la-camara-de-senadores","status":"publish","type":"post","link":"https:\/\/fmamiga909.com.ar\/?p=7703","title":{"rendered":"Se inaugurar\u00e1 una Delegaci\u00f3n de la C\u00e1mara de Senadores"},"content":{"rendered":"<p><span style=\"font-size: small;\">El Senador Provincial Felipe Michlig confirm\u00f3 que en el\u00a0<b>pr\u00f3ximo mes de agosto se inaugurar\u00e1 en la ciudad de San Crist\u00f3bal una Delegaci\u00f3n Departamental de la C\u00e1mara de Senadores.<\/b>\u00a0\u201cLa decisi\u00f3n que se viene implementando en distintas cabeceras departamentales de la provincia, permitir\u00e1 una\u00a0<b>mejor din\u00e1mica y una mayor cercan\u00eda<\/b>\u00a0con los vecinos, autoridades e instituciones de cada departamento\u201d.\u00a0\u00a0<\/span><\/p>\n<p><span style=\"font-size: small;\">Michlig explic\u00f3 que \u201cen su momento la C\u00e1mara de Senadores a trav\u00e9s de la presidencia que ejerce Carlos Fascendini, con la anuencia de los diecinueve Senadores y de la Comisi\u00f3n de Gesti\u00f3n y Administraci\u00f3n que integro (encargada de administrar el presupuesto del cuerpo), decidimos que era conveniente y<b>necesario hacer la apertura de Delegaciones en las cabeceras de los distintos departamentos<\/b>, exceptuando a Santa Fe que tiene la legislatura y\u00a0Rosario la Delegaci\u00f3n de Gobierno\u201d.<\/span><\/p>\n<p><span style=\"font-size: small;\"><b><u>Mayor cercan\u00eda<\/u><\/b><\/span><\/p>\n<p><span style=\"font-size: small;\">En tal sentido ya se avanz\u00f3 en la mayor\u00eda de los departamentos, faltaba -entre otros- San Crist\u00f3bal, as\u00ed que ya hemos alquilado un local donde funcion\u00f3 el Ministerio P\u00fablico de la Acusaci\u00f3n,\u00a0<b>en calle Sarmiento y Las Heras<\/b>. Se est\u00e1 concluyendo con las obras encaradas, hemos hecho modificaciones, peque\u00f1os arreglos y ya hemos encargado el equipamiento y todo el amoblamiento en comercios locales. Calculamos que\u00a0<b>para agosto estar\u00e1 todo provisto y estaremos en condiciones de hacer la inauguraci\u00f3n oficial\u00a0<\/b>de esta Delegaci\u00f3n de la C\u00e1mara de Senadores, con la presencia del Vicegobernador Carlos Fascendini y posiblemente del Gobernador Miguel Lifschitz\u201d.<\/span><\/p>\n<p><span style=\"font-size: small;\">\u201cSer\u00e1 muy importante porque all\u00ed podremos\u00a0<b>atender todos los requerimiento de Intendentes, Concejales, Presidentes Comunales y de los vecinos de las 32 localidades del departamento, para desarrollar distintos actos, entregas de aportes o gestiones a favor de las instituciones, municipios y comunas, para distintas reuniones que nos sean requeridas<\/b>. Adem\u00e1s la C\u00e1mara de Senadores tendr\u00e1 visibilidad en la cabecera departamental como corresponde, para todo el departamento, en donde se canalicen todas las inquietudes de la gente de cada lugar. Tambi\u00e9n las instalaciones van a estar disponibles para los dem\u00e1s legisladores del departamento, como es el caso del Diputado electo Marcelo Gonz\u00e1lez, el Senador Suplente Edgardo Martino y quien habla como Senador Titular\u201d.<\/span><\/p>\n<p><span style=\"font-size: small;\">Lunes 15 de julio de 2019<\/span><\/p>\n<p><span style=\"font-size: small;\"><a id=\"LPlnk832834\" href=\"http:\/\/www.felipemichlig.com\/\" target=\"_blank\" rel=\"noopener noreferrer\" data-auth=\"NotApplicable\">www.felipemichlig.com<\/a><\/span><\/p>\n","protected":false},"excerpt":{"rendered":"<p>El Senador Provincial Felipe Michlig confirm\u00f3 que en el\u00a0pr\u00f3ximo mes de agosto se inaugurar\u00e1 en&#8230;<\/p>\n","protected":false},"author":3,"featured_media":7704,"comment_status":"closed","ping_status":"closed","sticky":false,"template":"","format":"standard","meta":{"footnotes":""},"categories":[1,3],"tags":[],"class_list":["post-7703","post","type-post","status-publish","format-standard","has-post-thumbnail","hentry","category-uncategorized","category-noticias"],"featured_image_urls":{"full":["https:\/\/fmamiga909.com.ar\/wp-content\/uploads\/2019\/07\/delegaci\u00f3n-senado.jpg",1280,960,false],"thumbnail":["https:\/\/fmamiga909.com.ar\/wp-content\/uploads\/2019\/07\/delegaci\u00f3n-senado-150x150.jpg",150,150,true],"medium":["https:\/\/fmamiga909.com.ar\/wp-content\/uploads\/2019\/07\/delegaci\u00f3n-senado-300x225.jpg",300,225,true],"medium_large":["https:\/\/fmamiga909.com.ar\/wp-content\/uploads\/2019\/07\/delegaci\u00f3n-senado.jpg",1280,960,false],"large":["https:\/\/fmamiga909.com.ar\/wp-content\/uploads\/2019\/07\/delegaci\u00f3n-senado-1024x768.jpg",640,480,true],"1536x1536":["https:\/\/fmamiga909.com.ar\/wp-content\/uploads\/2019\/07\/delegaci\u00f3n-senado.jpg",1280,960,false],"2048x2048":["https:\/\/fmamiga909.com.ar\/wp-content\/uploads\/2019\/07\/delegaci\u00f3n-senado.jpg",1280,960,false],"newsium-slider-full":["https:\/\/fmamiga909.com.ar\/wp-content\/uploads\/2019\/07\/delegaci\u00f3n-senado.jpg",1127,845,false],"newsium-featured":["https:\/\/fmamiga909.com.ar\/wp-content\/uploads\/2019\/07\/delegaci\u00f3n-senado.jpg",1024,768,false],"newsium-medium":["https:\/\/fmamiga909.com.ar\/wp-content\/uploads\/2019\/07\/delegaci\u00f3n-senado.jpg",633,475,false]},"author_info":{"display_name":"Fredy Giuliano","author_link":"https:\/\/fmamiga909.com.ar\/?author=3"},"category_info":"<a href=\"https:\/\/fmamiga909.com.ar\/?cat=1\" rel=\"category\">La radio<\/a> <a href=\"https:\/\/fmamiga909.com.ar\/?cat=3\" rel=\"category\">Noticias<\/a>","tag_info":"Noticias","comment_count":"0","_links":{"self":[{"href":"https:\/\/fmamiga909.com.ar\/index.php?rest_route=\/wp\/v2\/posts\/7703","targetHints":{"allow":["GET"]}}],"collection":[{"href":"https:\/\/fmamiga909.com.ar\/index.php?rest_route=\/wp\/v2\/posts"}],"about":[{"href":"https:\/\/fmamiga909.com.ar\/index.php?rest_route=\/wp\/v2\/types\/post"}],"author":[{"embeddable":true,"href":"https:\/\/fmamiga909.com.ar\/index.php?rest_route=\/wp\/v2\/users\/3"}],"replies":[{"embeddable":true,"href":"https:\/\/fmamiga909.com.ar\/index.php?rest_route=%2Fwp%2Fv2%2Fcomments&post=7703"}],"version-history":[{"count":1,"href":"https:\/\/fmamiga909.com.ar\/index.php?rest_route=\/wp\/v2\/posts\/7703\/revisions"}],"predecessor-version":[{"id":7705,"href":"https:\/\/fmamiga909.com.ar\/index.php?rest_route=\/wp\/v2\/posts\/7703\/revisions\/7705"}],"wp:featuredmedia":[{"embeddable":true,"href":"https:\/\/fmamiga909.com.ar\/index.php?rest_route=\/wp\/v2\/media\/7704"}],"wp:attachment":[{"href":"https:\/\/fmamiga909.com.ar\/index.php?rest_route=%2Fwp%2Fv2%2Fmedia&parent=7703"}],"wp:term":[{"taxonomy":"category","embeddable":true,"href":"https:\/\/fmamiga909.com.ar\/index.php?rest_route=%2Fwp%2Fv2%2Fcategories&post=7703"},{"taxonomy":"post_tag","embeddable":true,"href":"https:\/\/fmamiga909.com.ar\/index.php?rest_route=%2Fwp%2Fv2%2Ftags&post=7703"}],"curies":[{"name":"wp","href":"https:\/\/api.w.org\/{rel}","templated":true}]}}