{"id":7714,"date":"2019-07-25T12:07:09","date_gmt":"2019-07-25T12:07:09","guid":{"rendered":"http:\/\/fmamiga909.com.ar\/?p=7714"},"modified":"2019-07-25T12:07:09","modified_gmt":"2019-07-25T12:07:09","slug":"murio-hugo-santillan","status":"publish","type":"post","link":"https:\/\/fmamiga909.com.ar\/?p=7714","title":{"rendered":"Muri\u00f3 Hugo Santill\u00e1n"},"content":{"rendered":"<p class=\"capital\">Falleci\u00f3 esta madrugada\u00a0<b>Hugo Santill\u00e1n<\/b>, el\u00a0<b>boxeador santafesino<\/b>\u00a0que se desvaneci\u00f3 mientras le\u00edan el fallo de su \u00faltima pelea contra el campe\u00f3n uruguayo\u00a0<b>Eduardo Abreu<\/b>, en el Club Atl\u00e9tico San Nicol\u00e1s. El argentino estaba internado en grave estado en un hospital de la ciudad bonaerense de San Nicol\u00e1s, a causa de un severo traumatismo de cr\u00e1neo<\/p>\n<div id=\"hybs-mslot-3103d1ce-0\" class=\"hybs-mslot\"><\/div>\n<p>Santill\u00e1n, de 23 a\u00f1os y oriundo de la localidad de Ceres, el s\u00e1bado \u00faltimo no lleg\u00f3 a escuchar el veredicto completo de los jurados, quienes resolvieron dar empate en decisi\u00f3n dividida.\u00a0<a class=\"link\" href=\"https:\/\/www.lanacion.com.ar\/deportes\/boxeo\/boxeo-santafecino-hugo-santillan-fue-internado-grave-nid2269834\">Mientras se daba lectura al fallo, se desmay\u00f3 y le tuvieron que aplicar ox\u00edgeno en el mismo cuadril\u00e1tero<\/a>.<\/p>\n<div id=\"hybs-mslot-3103d1ce-1\" class=\"hybs-mslot\"><\/div>\n<p>Santill\u00e1n hab\u00eda ingresado a la cl\u00ednica en un estado muy delicado y hab\u00eda sido internado en terapia intensiva. Inmediatamente fue operado por un co\u00e1gulo cerebral. Despu\u00e9s tuvo dos paros cardiorespiratorios y su delicado estado de salud colaps\u00f3 esta madrugada. La directora del Hospital de San Nicol\u00e1s, Dra. Graciela Olocco, confirm\u00f3 su deceso: \u00abNunca sali\u00f3 del estado de coma\u00bb.<\/p>\n<p>La Naci\u00f3n<\/p>\n","protected":false},"excerpt":{"rendered":"<p>Falleci\u00f3 esta madrugada\u00a0Hugo Santill\u00e1n, el\u00a0boxeador santafesino\u00a0que se desvaneci\u00f3 mientras le\u00edan el fallo de su \u00faltima&#8230;<\/p>\n","protected":false},"author":3,"featured_media":7715,"comment_status":"closed","ping_status":"closed","sticky":false,"template":"","format":"standard","meta":{"footnotes":""},"categories":[1,3],"tags":[],"class_list":["post-7714","post","type-post","status-publish","format-standard","has-post-thumbnail","hentry","category-uncategorized","category-noticias"],"featured_image_urls":{"full":["https:\/\/fmamiga909.com.ar\/wp-content\/uploads\/2019\/07\/hugo-santillan.jpg",380,253,false],"thumbnail":["https:\/\/fmamiga909.com.ar\/wp-content\/uploads\/2019\/07\/hugo-santillan-150x150.jpg",150,150,true],"medium":["https:\/\/fmamiga909.com.ar\/wp-content\/uploads\/2019\/07\/hugo-santillan-300x200.jpg",300,200,true],"medium_large":["https:\/\/fmamiga909.com.ar\/wp-content\/uploads\/2019\/07\/hugo-santillan.jpg",380,253,false],"large":["https:\/\/fmamiga909.com.ar\/wp-content\/uploads\/2019\/07\/hugo-santillan.jpg",380,253,false],"1536x1536":["https:\/\/fmamiga909.com.ar\/wp-content\/uploads\/2019\/07\/hugo-santillan.jpg",380,253,false],"2048x2048":["https:\/\/fmamiga909.com.ar\/wp-content\/uploads\/2019\/07\/hugo-santillan.jpg",380,253,false],"newsium-slider-full":["https:\/\/fmamiga909.com.ar\/wp-content\/uploads\/2019\/07\/hugo-santillan.jpg",380,253,false],"newsium-featured":["https:\/\/fmamiga909.com.ar\/wp-content\/uploads\/2019\/07\/hugo-santillan.jpg",380,253,false],"newsium-medium":["https:\/\/fmamiga909.com.ar\/wp-content\/uploads\/2019\/07\/hugo-santillan.jpg",380,253,false]},"author_info":{"display_name":"Fredy Giuliano","author_link":"https:\/\/fmamiga909.com.ar\/?author=3"},"category_info":"<a href=\"https:\/\/fmamiga909.com.ar\/?cat=1\" rel=\"category\">La radio<\/a> <a href=\"https:\/\/fmamiga909.com.ar\/?cat=3\" rel=\"category\">Noticias<\/a>","tag_info":"Noticias","comment_count":"0","_links":{"self":[{"href":"https:\/\/fmamiga909.com.ar\/index.php?rest_route=\/wp\/v2\/posts\/7714","targetHints":{"allow":["GET"]}}],"collection":[{"href":"https:\/\/fmamiga909.com.ar\/index.php?rest_route=\/wp\/v2\/posts"}],"about":[{"href":"https:\/\/fmamiga909.com.ar\/index.php?rest_route=\/wp\/v2\/types\/post"}],"author":[{"embeddable":true,"href":"https:\/\/fmamiga909.com.ar\/index.php?rest_route=\/wp\/v2\/users\/3"}],"replies":[{"embeddable":true,"href":"https:\/\/fmamiga909.com.ar\/index.php?rest_route=%2Fwp%2Fv2%2Fcomments&post=7714"}],"version-history":[{"count":1,"href":"https:\/\/fmamiga909.com.ar\/index.php?rest_route=\/wp\/v2\/posts\/7714\/revisions"}],"predecessor-version":[{"id":7716,"href":"https:\/\/fmamiga909.com.ar\/index.php?rest_route=\/wp\/v2\/posts\/7714\/revisions\/7716"}],"wp:featuredmedia":[{"embeddable":true,"href":"https:\/\/fmamiga909.com.ar\/index.php?rest_route=\/wp\/v2\/media\/7715"}],"wp:attachment":[{"href":"https:\/\/fmamiga909.com.ar\/index.php?rest_route=%2Fwp%2Fv2%2Fmedia&parent=7714"}],"wp:term":[{"taxonomy":"category","embeddable":true,"href":"https:\/\/fmamiga909.com.ar\/index.php?rest_route=%2Fwp%2Fv2%2Fcategories&post=7714"},{"taxonomy":"post_tag","embeddable":true,"href":"https:\/\/fmamiga909.com.ar\/index.php?rest_route=%2Fwp%2Fv2%2Ftags&post=7714"}],"curies":[{"name":"wp","href":"https:\/\/api.w.org\/{rel}","templated":true}]}}