{"id":7723,"date":"2019-08-08T14:53:20","date_gmt":"2019-08-08T14:53:20","guid":{"rendered":"http:\/\/fmamiga909.com.ar\/?p=7723"},"modified":"2019-08-08T14:53:20","modified_gmt":"2019-08-08T14:53:20","slug":"crivelli-michlig-y-piumatti-inauguraron-10-nuevas-viviendas-en-arrufo","status":"publish","type":"post","link":"https:\/\/fmamiga909.com.ar\/?p=7723","title":{"rendered":"Crivelli, Michlig y Piumatti inauguraron 10 nuevas viviendas en Arruf\u00f3"},"content":{"rendered":"<p class=\"x_MsoNormal\"><span style=\"font-size: small;\">El d\u00eda miercoles 7 durante un acto presidido por\u00a0 el Director Provincial de Vivienda y Urbanismo, Lucas Crivelli, el Senador Provincial Felipe Michlig y el Presidente Comunal de Arruf\u00f3, Cristian Piumatti, se procedi\u00f3 a la inauguraci\u00f3n de 10 viviendas del Plan Provincial \u201cLote propio\u201d, sumando \u201cun total de 27 unidades habitacionales ya inauguradas en la presente gesti\u00f3n, quedando a\u00fan otras 6 a inaugurar a la brevedad y 5 que se comenzar\u00e1n a ejecutar\u201d, se\u00f1al\u00f3 el Senador.<\/span><\/p>\n<p class=\"x_MsoNormal\"><span style=\"font-size: small;\">En el lugar, adem\u00e1s de las flamantes viviendas, tambi\u00e9n se apreciaron las nuevas obras urbanas ya habilitadas \u2013con inversi\u00f3n provincial-, entre ellas, nuevo cord\u00f3n cuneta y ripio, carteler\u00eda urbana (a trav\u00e9s del Programa de seguridad vial), forestaci\u00f3n de nuevas especies (a trav\u00e9s del programa \u201cpara cada santafesino un \u00e1rbol\u201d).<\/span><\/p>\n<p class=\"x_MsoNormal\"><span style=\"font-size: small;\">Participaron \u2013adem\u00e1s- de las actividades oficiales consignadas el Diputado Provincial Edgardo Martino; la subsecretaria de Municipios y Comunas, Mar\u00eda Paula Salari, e<span class=\"x_m_-7042436525186210490gmail-st\">l subsecretario de Articulaci\u00f3n Territorial de H\u00e1bitat,\u00a0<\/span><i>Rams\u00e9s Medina<\/i><i>,\u00a0<\/i>familias beneficiadas y vecinos en general.<\/span><\/p>\n<p class=\"x_MsoNormal\"><span style=\"font-size: small;\"><b><u>Plan Lote Propio<\/u><\/b><\/span><\/p>\n<p class=\"x_MsoNormal\"><span style=\"font-size: small;\">Crivelli explic\u00f3 que \u201cesta obra, se realiz\u00f3 por administraci\u00f3n comunal, mediante anticipos financieros que otorga la Direcci\u00f3n Provincial de Vivienda y Urbanismo a medida que constata el avance de la Obra, en el marco del Subprograma \u201cEjecuci\u00f3n de Viviendas Individuales en Lotes Propios a trav\u00e9s de una Gesti\u00f3n Comunal\u201d, destinado a propietarios de terrenos que no tienen la posibilidad de construir su vivienda por medios propios\u201d.<\/span><\/p>\n<p class=\"x_MsoNormal\"><span style=\"font-size: small;\">El Senador Michlig indic\u00f3 que el valor de cada una de estas viviendas al presente es de $1.250.000 que siempre podr\u00e1n ir mejorando los adjudicatarios. Esto significa una gran inversi\u00f3n del gobierno de la provincia, que se financia a largo plazo, hasta 300 cuotas. El compromiso es seguir trabajando siempre en el mismo sentido para que cada vez m\u00e1s familias puedan acceder al sue\u00f1o de la vivienda propia\u201d.<\/span><\/p>\n<h6><span style=\"font-size: small;\"><u>\u201cSolo tenemos palabras de agradecimiento\u201d<\/u><\/span><\/h6>\n<p><span style=\"font-size: small;\">El presidente comunal de Arruf\u00f3, Cristian Piumatti, asegur\u00f3 que \u201choy es un d\u00eda muy especial para todos los arrufe\u00f1os\u201d. Luego, agradeci\u00f3 al gobierno provincial y en especial al Senador Michlig, ya que por su intermedio en Arruf\u00f3 estamos culminando con la remodelaci\u00f3n y ampliaci\u00f3n del hospital, hemos hecho la refacci\u00f3n de las plazas, de la comisar\u00eda, desag\u00fces pluviales, todas estas viviendas en lote propio. Hemos inaugurado cinco viviendas m\u00e1s, con esfuerzo compartido, se ejecutaron diez cuadras de cord\u00f3n cuneta, hemos trabajado fuertemente para la independizaci\u00f3n del Jard\u00edn que era comunal y pas\u00f3 al Ministerio de Educaci\u00f3n, recibi\u00f3 dos aportes de $ 500 mil cada uno para su refacci\u00f3n. Accedimos al programa Equipar: una camioneta, una retroexcavadora, un tractor; hemos recibido una ambulancia de alta complejidad para el hospital. Estamos ejecutando tres cuadras de pavimento, se ha cambiado el techo del club La Campesina, as\u00ed como tantas obras m\u00e1s. Por eso, algo que se va a repetir siempre en nosotros, es el agradecimiento\u201d, finaliz\u00f3.<\/span><\/p>\n<p><a href=\"https:\/\/fmamiga909.com.ar\/?attachment_id=7725\" rel=\"attachment wp-att-7725\"><img loading=\"lazy\" decoding=\"async\" class=\"aligncenter size-medium wp-image-7725\" src=\"https:\/\/fmamiga909.com.ar\/wp-content\/uploads\/2019\/08\/arrufo-inau-viv-yhogar-1-1-300x225.jpeg\" alt=\"\" width=\"300\" height=\"225\" srcset=\"https:\/\/fmamiga909.com.ar\/wp-content\/uploads\/2019\/08\/arrufo-inau-viv-yhogar-1-1-300x225.jpeg 300w, https:\/\/fmamiga909.com.ar\/wp-content\/uploads\/2019\/08\/arrufo-inau-viv-yhogar-1-1-1024x768.jpeg 1024w, https:\/\/fmamiga909.com.ar\/wp-content\/uploads\/2019\/08\/arrufo-inau-viv-yhogar-1-1-259x194.jpeg 259w, https:\/\/fmamiga909.com.ar\/wp-content\/uploads\/2019\/08\/arrufo-inau-viv-yhogar-1-1-950x713.jpeg 950w, https:\/\/fmamiga909.com.ar\/wp-content\/uploads\/2019\/08\/arrufo-inau-viv-yhogar-1-1.jpeg 1280w\" sizes=\"auto, (max-width: 300px) 100vw, 300px\" \/><\/a> <a href=\"https:\/\/fmamiga909.com.ar\/?attachment_id=7726\" rel=\"attachment wp-att-7726\"><img loading=\"lazy\" decoding=\"async\" class=\"aligncenter size-medium wp-image-7726\" src=\"https:\/\/fmamiga909.com.ar\/wp-content\/uploads\/2019\/08\/arrufo-inau-viv-3-300x225.jpeg\" alt=\"\" width=\"300\" height=\"225\" srcset=\"https:\/\/fmamiga909.com.ar\/wp-content\/uploads\/2019\/08\/arrufo-inau-viv-3-300x225.jpeg 300w, https:\/\/fmamiga909.com.ar\/wp-content\/uploads\/2019\/08\/arrufo-inau-viv-3-1024x768.jpeg 1024w, https:\/\/fmamiga909.com.ar\/wp-content\/uploads\/2019\/08\/arrufo-inau-viv-3-259x194.jpeg 259w, https:\/\/fmamiga909.com.ar\/wp-content\/uploads\/2019\/08\/arrufo-inau-viv-3-950x713.jpeg 950w, https:\/\/fmamiga909.com.ar\/wp-content\/uploads\/2019\/08\/arrufo-inau-viv-3.jpeg 1280w\" sizes=\"auto, (max-width: 300px) 100vw, 300px\" \/><\/a> <a href=\"https:\/\/fmamiga909.com.ar\/?attachment_id=7727\" rel=\"attachment wp-att-7727\"><img loading=\"lazy\" decoding=\"async\" class=\"aligncenter size-medium wp-image-7727\" src=\"https:\/\/fmamiga909.com.ar\/wp-content\/uploads\/2019\/08\/arrufo-inau-viv-5-300x225.jpeg\" alt=\"\" width=\"300\" height=\"225\" srcset=\"https:\/\/fmamiga909.com.ar\/wp-content\/uploads\/2019\/08\/arrufo-inau-viv-5-300x225.jpeg 300w, https:\/\/fmamiga909.com.ar\/wp-content\/uploads\/2019\/08\/arrufo-inau-viv-5-1024x768.jpeg 1024w, https:\/\/fmamiga909.com.ar\/wp-content\/uploads\/2019\/08\/arrufo-inau-viv-5-259x194.jpeg 259w, https:\/\/fmamiga909.com.ar\/wp-content\/uploads\/2019\/08\/arrufo-inau-viv-5-950x713.jpeg 950w, https:\/\/fmamiga909.com.ar\/wp-content\/uploads\/2019\/08\/arrufo-inau-viv-5.jpeg 1280w\" sizes=\"auto, (max-width: 300px) 100vw, 300px\" \/><\/a> <a href=\"https:\/\/fmamiga909.com.ar\/?attachment_id=7728\" rel=\"attachment wp-att-7728\"><img loading=\"lazy\" decoding=\"async\" class=\"aligncenter size-medium wp-image-7728\" src=\"https:\/\/fmamiga909.com.ar\/wp-content\/uploads\/2019\/08\/arrufo-inau-viv-PPAL-300x225.jpeg\" alt=\"\" width=\"300\" height=\"225\" srcset=\"https:\/\/fmamiga909.com.ar\/wp-content\/uploads\/2019\/08\/arrufo-inau-viv-PPAL-300x225.jpeg 300w, https:\/\/fmamiga909.com.ar\/wp-content\/uploads\/2019\/08\/arrufo-inau-viv-PPAL-1024x768.jpeg 1024w, https:\/\/fmamiga909.com.ar\/wp-content\/uploads\/2019\/08\/arrufo-inau-viv-PPAL-259x194.jpeg 259w, https:\/\/fmamiga909.com.ar\/wp-content\/uploads\/2019\/08\/arrufo-inau-viv-PPAL-950x713.jpeg 950w, https:\/\/fmamiga909.com.ar\/wp-content\/uploads\/2019\/08\/arrufo-inau-viv-PPAL.jpeg 1280w\" sizes=\"auto, (max-width: 300px) 100vw, 300px\" \/><\/a><\/p>\n","protected":false},"excerpt":{"rendered":"<p>El d\u00eda miercoles 7 durante un acto presidido por\u00a0 el Director Provincial de Vivienda y&#8230;<\/p>\n","protected":false},"author":3,"featured_media":7724,"comment_status":"closed","ping_status":"closed","sticky":false,"template":"","format":"standard","meta":{"footnotes":""},"categories":[1,3],"tags":[],"class_list":["post-7723","post","type-post","status-publish","format-standard","has-post-thumbnail","hentry","category-uncategorized","category-noticias"],"featured_image_urls":{"full":["https:\/\/fmamiga909.com.ar\/wp-content\/uploads\/2019\/08\/arrufo-inau-viv-yhogar-.jpeg",1280,960,false],"thumbnail":["https:\/\/fmamiga909.com.ar\/wp-content\/uploads\/2019\/08\/arrufo-inau-viv-yhogar--150x150.jpeg",150,150,true],"medium":["https:\/\/fmamiga909.com.ar\/wp-content\/uploads\/2019\/08\/arrufo-inau-viv-yhogar--300x225.jpeg",300,225,true],"medium_large":["https:\/\/fmamiga909.com.ar\/wp-content\/uploads\/2019\/08\/arrufo-inau-viv-yhogar-.jpeg",1280,960,false],"large":["https:\/\/fmamiga909.com.ar\/wp-content\/uploads\/2019\/08\/arrufo-inau-viv-yhogar--1024x768.jpeg",640,480,true],"1536x1536":["https:\/\/fmamiga909.com.ar\/wp-content\/uploads\/2019\/08\/arrufo-inau-viv-yhogar-.jpeg",1280,960,false],"2048x2048":["https:\/\/fmamiga909.com.ar\/wp-content\/uploads\/2019\/08\/arrufo-inau-viv-yhogar-.jpeg",1280,960,false],"newsium-slider-full":["https:\/\/fmamiga909.com.ar\/wp-content\/uploads\/2019\/08\/arrufo-inau-viv-yhogar-.jpeg",1127,845,false],"newsium-featured":["https:\/\/fmamiga909.com.ar\/wp-content\/uploads\/2019\/08\/arrufo-inau-viv-yhogar-.jpeg",1024,768,false],"newsium-medium":["https:\/\/fmamiga909.com.ar\/wp-content\/uploads\/2019\/08\/arrufo-inau-viv-yhogar-.jpeg",633,475,false]},"author_info":{"display_name":"Fredy Giuliano","author_link":"https:\/\/fmamiga909.com.ar\/?author=3"},"category_info":"<a href=\"https:\/\/fmamiga909.com.ar\/?cat=1\" rel=\"category\">La radio<\/a> <a href=\"https:\/\/fmamiga909.com.ar\/?cat=3\" rel=\"category\">Noticias<\/a>","tag_info":"Noticias","comment_count":"0","_links":{"self":[{"href":"https:\/\/fmamiga909.com.ar\/index.php?rest_route=\/wp\/v2\/posts\/7723","targetHints":{"allow":["GET"]}}],"collection":[{"href":"https:\/\/fmamiga909.com.ar\/index.php?rest_route=\/wp\/v2\/posts"}],"about":[{"href":"https:\/\/fmamiga909.com.ar\/index.php?rest_route=\/wp\/v2\/types\/post"}],"author":[{"embeddable":true,"href":"https:\/\/fmamiga909.com.ar\/index.php?rest_route=\/wp\/v2\/users\/3"}],"replies":[{"embeddable":true,"href":"https:\/\/fmamiga909.com.ar\/index.php?rest_route=%2Fwp%2Fv2%2Fcomments&post=7723"}],"version-history":[{"count":1,"href":"https:\/\/fmamiga909.com.ar\/index.php?rest_route=\/wp\/v2\/posts\/7723\/revisions"}],"predecessor-version":[{"id":7729,"href":"https:\/\/fmamiga909.com.ar\/index.php?rest_route=\/wp\/v2\/posts\/7723\/revisions\/7729"}],"wp:featuredmedia":[{"embeddable":true,"href":"https:\/\/fmamiga909.com.ar\/index.php?rest_route=\/wp\/v2\/media\/7724"}],"wp:attachment":[{"href":"https:\/\/fmamiga909.com.ar\/index.php?rest_route=%2Fwp%2Fv2%2Fmedia&parent=7723"}],"wp:term":[{"taxonomy":"category","embeddable":true,"href":"https:\/\/fmamiga909.com.ar\/index.php?rest_route=%2Fwp%2Fv2%2Fcategories&post=7723"},{"taxonomy":"post_tag","embeddable":true,"href":"https:\/\/fmamiga909.com.ar\/index.php?rest_route=%2Fwp%2Fv2%2Ftags&post=7723"}],"curies":[{"name":"wp","href":"https:\/\/api.w.org\/{rel}","templated":true}]}}