{"id":7881,"date":"2019-09-10T21:26:06","date_gmt":"2019-09-10T21:26:06","guid":{"rendered":"http:\/\/fmamiga909.com.ar\/?p=7881"},"modified":"2019-09-10T21:26:06","modified_gmt":"2019-09-10T21:26:06","slug":"el-senador-michlig-participo-de-actos-escolares-por-el-dia-del-maestro-y-entrego-aportes-gubernamentales","status":"publish","type":"post","link":"https:\/\/fmamiga909.com.ar\/?p=7881","title":{"rendered":"El Senador Michlig particip\u00f3 de actos escolares por el \u201cd\u00eda del maestro\u201d y entreg\u00f3 aportes gubernamentales"},"content":{"rendered":"<p class=\"x_MsoNormal\"><span style=\"font-size: small;\">El Senador Provincial Felipe Michig -en cumplimiento de su agenda de trabajo- visit\u00f3 escuelas de Hersilia y La Rubia, en donde particip\u00f3 de actos conmemorativo al d\u00eda del maestro y entreg\u00f3 aportes gubernamentales de distintas naturaleza por un monto total de\u00a0<b>$ 459.849,18<\/b>\u00a0(ver cuadro abajo).<\/span><\/p>\n<p class=\"x_MsoNormal\"><span style=\"font-size: small;\">Al momento de participar del acto del d\u00eda del maestro en la Esc. N\u00b0 6125 \u201cGob. De R\u00edo Negro\u201d de Hersilia, el Senador Michlig sostuvo que \u201cla labor que realiza cada docente es gigante e imprescindible para forjar una sociedad con mejores personas y un futuro con mejores posibilidades para todos\u201d.<\/span><\/p>\n<p class=\"x_MsoNormal\"><span style=\"font-size: small;\">Durante la ceremonia tambi\u00e9n se realiz\u00f3 un homenaje a docentes jubilados y ni\u00f1os de distintos grados escenificaron n\u00famero art\u00edsticos alusivos de gran emoci\u00f3n.<\/span><\/p>\n<p class=\"x_MsoNormal\"><span style=\"font-size: small;\"><b><u>Aportes entregados<\/u><\/b><\/span><\/p>\n<p class=\"x_MsoNormal\"><span style=\"font-size: small;\">Del acto realizado en la Escuela N\u00b0 6165 de Hersilia se destac\u00f3 \u2013adem\u00e1s- la presencia de la Directora Patricia Franco, el Diputado electo Marcelo Gonz\u00e1lez, el Pte. de la Cooperadora, Alcides Nicolau, los dirigentes Marcelo Airaldo y Silvana Romero, entre otros.<\/span><\/p>\n<p class=\"x_MsoNormal\"><span style=\"font-size: small;\">Por su parte, durante el acto desarrollado en la Escuela N\u00b0 6165 \u201cJuana M. de Corbat\u201d de La Rubia tambi\u00e9n participaron el Pte. Comunal Danilo Martinotti, la Directora Miriam Palacios y dem\u00e1s miembros de la comunidad eduicativa.<\/span><\/p>\n<table class=\"x_gmail-MsoTableGrid\" border=\"1\" cellspacing=\"0\" cellpadding=\"0\">\n<tbody>\n<tr>\n<td width=\"206\">\n<p class=\"x_MsoNormal\" align=\"center\"><span style=\"font-size: small;\"><b>INSTITUCI\u00d3N<\/b><\/span><\/p>\n<\/td>\n<td width=\"236\">\n<p class=\"x_MsoNormal\" align=\"center\"><span style=\"font-size: small;\"><b>DESTINO<\/b><\/span><\/p>\n<\/td>\n<td width=\"132\">\n<p class=\"x_MsoNormal\" align=\"center\"><span style=\"font-size: small;\"><b>MONTO<\/b><\/span><\/p>\n<\/td>\n<\/tr>\n<tr>\n<td width=\"206\">\n<p class=\"x_MsoNormal\"><span style=\"font-size: small;\">Esc. N\u00b0 6125 \u201cGob. De R\u00edo Negro\u201d<\/span><\/p>\n<\/td>\n<td width=\"236\">\n<p class=\"x_MsoNormal\"><span style=\"font-size: small;\">Aporte fiesta D\u00eda del Padre<\/span><\/p>\n<\/td>\n<td width=\"132\">\n<p class=\"x_MsoNormal\" align=\"center\"><span style=\"font-size: small;\">$ 15.000,00<\/span><\/p>\n<\/td>\n<\/tr>\n<tr>\n<td width=\"206\">\n<p class=\"x_MsoNormal\"><span style=\"font-size: small;\">Sal\u00f3n Estelar Hersilia<\/span><\/p>\n<\/td>\n<td width=\"236\">\n<p class=\"x_MsoNormal\"><span style=\"font-size: small;\">Aporte comedor social<\/span><\/p>\n<\/td>\n<td width=\"132\">\n<p class=\"x_MsoNormal\" align=\"center\"><span style=\"font-size: small;\">$ 5.000,00<\/span><\/p>\n<\/td>\n<\/tr>\n<tr>\n<td width=\"206\">\n<p class=\"x_MsoNormal\"><span style=\"font-size: small;\">Grupo Fuerza Natural<\/span><\/p>\n<\/td>\n<td width=\"236\">\n<p class=\"x_MsoNormal\"><span style=\"font-size: small;\">Aporte grabaci\u00f3n CD<\/span><\/p>\n<\/td>\n<td width=\"132\">\n<p class=\"x_MsoNormal\" align=\"center\"><span style=\"font-size: small;\">$ 11.000,00<\/span><\/p>\n<\/td>\n<\/tr>\n<tr>\n<td width=\"206\">\n<p class=\"x_MsoNormal\"><span style=\"font-size: small;\">Colegio Santa Teresita del Ni\u00f1o Jes\u00fas<\/span><\/p>\n<\/td>\n<td width=\"236\">\n<p class=\"x_MsoNormal\"><span style=\"font-size: small;\">Aporte organizaci\u00f3n evento<\/span><\/p>\n<\/td>\n<td width=\"132\">\n<p class=\"x_MsoNormal\" align=\"center\"><span style=\"font-size: small;\">$ 4.000,00<\/span><\/p>\n<\/td>\n<\/tr>\n<tr>\n<td width=\"206\">\n<p class=\"x_MsoNormal\"><span style=\"font-size: small;\">Colegio Santa Teresita del Ni\u00f1o Jes\u00fas<\/span><\/p>\n<\/td>\n<td width=\"236\">\n<p class=\"x_MsoNormal\"><span style=\"font-size: small;\">Aporte materiales de construcci\u00f3n<\/span><\/p>\n<\/td>\n<td width=\"132\">\n<p class=\"x_MsoNormal\" align=\"center\"><span style=\"font-size: small;\">$ 50.000,00<\/span><\/p>\n<\/td>\n<\/tr>\n<tr>\n<td width=\"206\">\n<p class=\"x_MsoNormal\"><span style=\"font-size: small;\">\u00a0<\/span><\/p>\n<\/td>\n<td width=\"236\">\n<p class=\"x_MsoNormal\" align=\"right\"><span style=\"font-size: small;\"><b>TOTAL<\/b><\/span><\/p>\n<\/td>\n<td width=\"132\">\n<p class=\"x_MsoNormal\" align=\"center\"><span style=\"font-size: small;\"><b>$ 85.000,00<\/b><\/span><\/p>\n<\/td>\n<\/tr>\n<tr>\n<td width=\"206\">\n<p class=\"x_MsoNormal\"><span style=\"font-size: small;\">Comuna de Hersilia<\/span><\/p>\n<\/td>\n<td width=\"236\">\n<p class=\"x_MsoNormal\"><span style=\"font-size: small;\">Construcci\u00f3n de Cord\u00f3n Cuneta, Badenes y Cantero Central<\/span><\/p>\n<\/td>\n<td width=\"132\">\n<p class=\"x_MsoNormal\" align=\"center\"><span style=\"font-size: small;\">$ 289.849,18<\/span><\/p>\n<\/td>\n<\/tr>\n<tr>\n<td width=\"206\">\n<p class=\"x_MsoNormal\"><span style=\"font-size: small;\">\u00a0<\/span><\/p>\n<\/td>\n<td width=\"236\">\n<p class=\"x_MsoNormal\" align=\"right\"><span style=\"font-size: small;\"><b>TOTAL<\/b><\/span><\/p>\n<\/td>\n<td width=\"132\">\n<p class=\"x_MsoNormal\" align=\"center\"><span style=\"font-size: small;\"><b>$ 374.849,18<\/b><\/span><\/p>\n<\/td>\n<\/tr>\n<tr>\n<td width=\"206\">\n<p class=\"x_MsoNormal\"><span style=\"font-size: small;\">Comuna de La Rubia<\/span><\/p>\n<\/td>\n<td width=\"236\">\n<p class=\"x_MsoNormal\"><span style=\"font-size: small;\">Aporte Caso Social<\/span><\/p>\n<\/td>\n<td width=\"132\">\n<p class=\"x_MsoNormal\" align=\"center\"><span style=\"font-size: small;\">$ 10.000,00<\/span><\/p>\n<\/td>\n<\/tr>\n<tr>\n<td width=\"206\">\n<p class=\"x_MsoNormal\"><span style=\"font-size: small;\">Esc. N\u00b0 6165 \u201cJuana M. de Corbat\u201d<\/span><\/p>\n<\/td>\n<td width=\"236\">\n<p class=\"x_MsoNormal\"><span style=\"font-size: small;\">Aporte Gastos Viaje Educativo<\/span><\/p>\n<\/td>\n<td width=\"132\">\n<p class=\"x_MsoNormal\" align=\"center\"><span style=\"font-size: small;\">$ 15.000,00<\/span><\/p>\n<\/td>\n<\/tr>\n<tr>\n<td colspan=\"2\" width=\"442\">\n<p class=\"x_MsoNormal\" align=\"right\"><span style=\"font-size: small;\"><b>TOTAL<\/b><\/span><\/p>\n<\/td>\n<td width=\"132\">\n<p class=\"x_MsoNormal\" align=\"center\"><span style=\"font-size: small;\"><b>$ 399.849,18<\/b><\/span><\/p>\n<\/td>\n<\/tr>\n<tr>\n<td width=\"206\">\n<p class=\"x_MsoNormal\"><span style=\"font-size: small;\">Club de Polo \u201cLa Palmita\u201d<\/span><\/p>\n<\/td>\n<td width=\"236\">\n<p class=\"x_MsoNormal\"><span style=\"font-size: small;\">Aporte Prof. Equitaci\u00f3n y Equinoterapia<\/span><\/p>\n<\/td>\n<td width=\"132\">\n<p class=\"x_MsoNormal\" align=\"center\"><span style=\"font-size: small;\">$ 60.000,00<\/span><\/p>\n<\/td>\n<\/tr>\n<tr>\n<td colspan=\"2\" width=\"442\">\n<p class=\"x_MsoNormal\" align=\"right\"><span style=\"font-size: small;\"><b>TOTAL<\/b><\/span><\/p>\n<\/td>\n<td width=\"132\">\n<p class=\"x_MsoNormal\" align=\"center\"><span style=\"font-size: small;\"><b>$ 459.849,18<\/b><b><\/b><\/span><\/p>\n<\/td>\n<\/tr>\n<\/tbody>\n<\/table>\n<p class=\"x_MsoNormal\"><span style=\"font-size: small;\"><span lang=\"ES-AR\">Martes, 10 de septiembre de 2019<\/span><\/span><\/p>\n","protected":false},"excerpt":{"rendered":"<p>El Senador Provincial Felipe Michig -en cumplimiento de su agenda de trabajo- visit\u00f3 escuelas de&#8230;<\/p>\n","protected":false},"author":3,"featured_media":7882,"comment_status":"closed","ping_status":"closed","sticky":false,"template":"","format":"standard","meta":{"footnotes":""},"categories":[1,3],"tags":[],"class_list":["post-7881","post","type-post","status-publish","format-standard","has-post-thumbnail","hentry","category-uncategorized","category-noticias"],"featured_image_urls":{"full":["https:\/\/fmamiga909.com.ar\/wp-content\/uploads\/2019\/09\/aportes-escPPAL.jpeg",1032,774,false],"thumbnail":["https:\/\/fmamiga909.com.ar\/wp-content\/uploads\/2019\/09\/aportes-escPPAL-150x150.jpeg",150,150,true],"medium":["https:\/\/fmamiga909.com.ar\/wp-content\/uploads\/2019\/09\/aportes-escPPAL-300x225.jpeg",300,225,true],"medium_large":["https:\/\/fmamiga909.com.ar\/wp-content\/uploads\/2019\/09\/aportes-escPPAL.jpeg",1032,774,false],"large":["https:\/\/fmamiga909.com.ar\/wp-content\/uploads\/2019\/09\/aportes-escPPAL-1024x768.jpeg",640,480,true],"1536x1536":["https:\/\/fmamiga909.com.ar\/wp-content\/uploads\/2019\/09\/aportes-escPPAL.jpeg",1032,774,false],"2048x2048":["https:\/\/fmamiga909.com.ar\/wp-content\/uploads\/2019\/09\/aportes-escPPAL.jpeg",1032,774,false],"newsium-slider-full":["https:\/\/fmamiga909.com.ar\/wp-content\/uploads\/2019\/09\/aportes-escPPAL.jpeg",1032,774,false],"newsium-featured":["https:\/\/fmamiga909.com.ar\/wp-content\/uploads\/2019\/09\/aportes-escPPAL.jpeg",1024,768,false],"newsium-medium":["https:\/\/fmamiga909.com.ar\/wp-content\/uploads\/2019\/09\/aportes-escPPAL.jpeg",633,475,false]},"author_info":{"display_name":"Fredy Giuliano","author_link":"https:\/\/fmamiga909.com.ar\/?author=3"},"category_info":"<a href=\"https:\/\/fmamiga909.com.ar\/?cat=1\" rel=\"category\">La radio<\/a> <a href=\"https:\/\/fmamiga909.com.ar\/?cat=3\" rel=\"category\">Noticias<\/a>","tag_info":"Noticias","comment_count":"0","_links":{"self":[{"href":"https:\/\/fmamiga909.com.ar\/index.php?rest_route=\/wp\/v2\/posts\/7881","targetHints":{"allow":["GET"]}}],"collection":[{"href":"https:\/\/fmamiga909.com.ar\/index.php?rest_route=\/wp\/v2\/posts"}],"about":[{"href":"https:\/\/fmamiga909.com.ar\/index.php?rest_route=\/wp\/v2\/types\/post"}],"author":[{"embeddable":true,"href":"https:\/\/fmamiga909.com.ar\/index.php?rest_route=\/wp\/v2\/users\/3"}],"replies":[{"embeddable":true,"href":"https:\/\/fmamiga909.com.ar\/index.php?rest_route=%2Fwp%2Fv2%2Fcomments&post=7881"}],"version-history":[{"count":1,"href":"https:\/\/fmamiga909.com.ar\/index.php?rest_route=\/wp\/v2\/posts\/7881\/revisions"}],"predecessor-version":[{"id":7883,"href":"https:\/\/fmamiga909.com.ar\/index.php?rest_route=\/wp\/v2\/posts\/7881\/revisions\/7883"}],"wp:featuredmedia":[{"embeddable":true,"href":"https:\/\/fmamiga909.com.ar\/index.php?rest_route=\/wp\/v2\/media\/7882"}],"wp:attachment":[{"href":"https:\/\/fmamiga909.com.ar\/index.php?rest_route=%2Fwp%2Fv2%2Fmedia&parent=7881"}],"wp:term":[{"taxonomy":"category","embeddable":true,"href":"https:\/\/fmamiga909.com.ar\/index.php?rest_route=%2Fwp%2Fv2%2Fcategories&post=7881"},{"taxonomy":"post_tag","embeddable":true,"href":"https:\/\/fmamiga909.com.ar\/index.php?rest_route=%2Fwp%2Fv2%2Ftags&post=7881"}],"curies":[{"name":"wp","href":"https:\/\/api.w.org\/{rel}","templated":true}]}}