{"id":7918,"date":"2019-10-03T00:03:35","date_gmt":"2019-10-03T00:03:35","guid":{"rendered":"http:\/\/fmamiga909.com.ar\/?p=7918"},"modified":"2019-10-03T00:03:35","modified_gmt":"2019-10-03T00:03:35","slug":"dia-historico-e-inolvidable-el-gas-natural-llego-a-la-ciudad-de-san-cristobal","status":"publish","type":"post","link":"https:\/\/fmamiga909.com.ar\/?p=7918","title":{"rendered":"\u201cD\u00eda hist\u00f3rico e inolvidable\u201d: el Gas Natural lleg\u00f3 a la ciudad de San Crist\u00f3bal"},"content":{"rendered":"<p class=\"x_MsoNormal\"><span style=\"font-size: small;\">Durante un emotivo acto desarrollado hoy en la ciudad de San Crist\u00f3bal, con la presencia del Senador Felipe Michlig, el Intendente Horacio Rigo \u2013entre otras autoridades empresariales y pol\u00edticas-,\u00a0\u00a0se concret\u00f3 la conexi\u00f3n de gas natural a la ciudad cabecera departamental. \u201c\u00c9sta es la primera localidad santafesina abastecida desde el Gasoducto del Noreste Argentino (GNEA) en la que se habilita la red de distribuci\u00f3n domiciliaria\u201d, indic\u00f3 el intendente local.<\/span><\/p>\n<p class=\"x_MsoNormal\"><span style=\"font-size: small;\">\u201cHoy es un d\u00eda hist\u00f3rico e inolvidable, la verdad que estamos muy satisfecho, muy contentos y muy agradecidos de lograr esta obra que significa un antes y un despu\u00e9s para el desarrollo, el progreso, las oportunidades y el crecimiento de toda una gran regi\u00f3n\u201d expres\u00f3 el Senador Michlig.<\/span><\/p>\n<p class=\"x_MsoNormal\"><span style=\"font-size: small;\">Durante la ceremonia realizada frente a la nueva sede de Litoral Gas, tambi\u00e9n se destac\u00f3 la presencia del diputado Edgardo Martino, los intendentes de la ciudad de Santa Fe, Jos\u00e9 Corral; de Suardi, Hugo Boscarol; funcionarios provinciales y nacionales; los concejales locales Juli\u00e1n Alloatti, Carlos Cattaneo, Diego Sartin, Cristian Barbini, Ricardo Gallo y Marcelo Gonz\u00e1lez; Presidentes Comunales, miembros del gabinete municipal, -adem\u00e1s- los representantes de las empresas IEASA (Nicanor Onetto), de Litoral Gas ( (C\u00e9sar Donna y Jos\u00e9 Gonz\u00e1lez), de TGN S.A. (Jos\u00e9 Montaldo y Martina Feister)\u00a0 y de Winkelmann S.R.L; gasistas y p\u00fablico en general.<\/span><\/p>\n<p class=\"x_MsoNormal\"><span style=\"font-size: small;\"><b><u>Caracter\u00edsticas de la obra local<\/u><\/b><\/span><\/p>\n<p class=\"x_MsoNormal\"><span style=\"font-size: small;\">La obra llega a este punto a partir de los trabajos ejecutados por el Estado Nacional a trav\u00e9s de Integraci\u00f3n Energ\u00e9tica Argentina S.A (IEASA) y de los acuerdos establecidos con la distribuidora Litoral Gas.<\/span><\/p>\n<p class=\"x_MsoNormal\"><span style=\"font-size: small;\">\u201cEn San Crist\u00f3bal se realiz\u00f3 un tendido de red domiciliaria de 62.568 metros que abastecer\u00e1 a 3.000 potenciales conexiones hogare\u00f1as y brindar\u00e1 factibilidades para empresas pymes. La obra cubre 100 manzanas, e incluye el parque o sector industrial, con la posibilidad en un futuro instalar un estaci\u00f3n GNC\u201d afirm\u00f3 el intendente Rigo.<\/span><\/p>\n<p class=\"x_MsoNormal\"><span style=\"font-size: small;\"><b><u>Extensi\u00f3n a otras localidades<\/u><\/b><\/span><\/p>\n<p><span style=\"font-size: small;\">En mayo, Ieasa acord\u00f3 con la distribuidora hacerse cargo de financiar las obras necesarias para la conexi\u00f3n de las plantas de regulaci\u00f3n del Gnea con las redes domiciliarias construidas por Litoral Gas, en el marco de su plan de inversiones, incluidas en la Revisi\u00f3n Tarifaria Integral (RTI).<\/span><\/p>\n<p><span style=\"font-size: small;\">El compromiso de nueva infraestructura de redes por parte de la distribuidora abarca adem\u00e1s de San Crist\u00f3bal, las localidades de Laguna Paiva, Nelson, Llambi Campbell, Mar\u00eda Luisa, La Pelada, Elisa, Ceres y San Justo.\u00a0El acuerdo incluye tambi\u00e9n otras 25 localidades santafesinas que una vez que tengan las redes domiciliarias construidas podr\u00e1n conectarse al gas natural.<\/span><\/p>\n<p><span style=\"font-size: small;\">Se trata de Candiotti, Emilia, Videla, Arruf\u00f3, Hersilia, Ramall\u00f3n, Marcelino Escalada, Colonia Silva, Gobernador Crespo, La Criolla, Vera y Pintado, Pedro Cello, Calchaqu\u00ed, Margarita, Vera, Malabrigo, Las Garzas, Villa Ocampo, Obligado, Las Toscas, Florencia, Tacuarend\u00ed, Romang, San Javier y Helvecia.<\/span><\/p>\n<p><span style=\"font-size: small;\">Tambi\u00e9n a mediados de septiembre, Ieasa entreg\u00f3 a la distribuidora GasNea las instalaciones correspondientes del Gnea, lo que permitir\u00e1\u00a0llevar el gas natural a la provincia de Chaco por primera vez.<\/span><\/p>\n<p><span style=\"font-size: small;\"><b><u>Nuevas oportunidades y posibilidades<\/u><\/b><\/span><\/p>\n<p><span style=\"font-size: small;\">En parte de su alocuci\u00f3n el Senador Michlig manifest\u00f3 que \u201cen mi caso, hace 25 a\u00f1os atr\u00e1s, cuando comenzaba a gestionar en lo p\u00fablico so\u00f1abamos con el gas natural para nuestra zona, dec\u00eda que\u00a0\u00a0le llegada del gas se podr\u00eda comparar con la llegada del ferrocarril a la zona, que dio origen a nuestros pueblos, que se pod\u00eda comparar con las llegada de las rutas, que daba conectividad, que se pod\u00eda comparar con la llegada de electricidad a trav\u00e9s del sistema interconectado y ese futuro parec\u00eda muy lejano, pero el futuro hoy lo tenemos aqu\u00ed, est\u00e1 presente, es esta obra del gas, y en esto quiero agradecer al gobierno nacional por esta respuesta extraordinaria que nos ha dado\u201d.<\/span><\/p>\n<p><span style=\"font-size: small;\">\u201c<b><u>El norte provincial ya no se siente desprotegido\u201d<\/u><\/b><\/span><\/p>\n<p><span style=\"font-size: small;\">\u201cSeguiremos trabajando para que la mayor cantidad de\u00a0\u00a0personas puedan\u00a0\u00a0tener este servicio, nos queda todav\u00eda avanzar con Ceres, Arruf\u00f3 y Hersilia (que ya est\u00e1n incluidas en Gnea), pero no nos quedamos ah\u00ed, ya tenemos un proyecto de gasoducto provincial -que est\u00e1 esperando la autorizaci\u00f3n de las autoridades nacionales- para el suroeste del departamento para poder dotar de gas a Villa Trinidad, Colonia Rosa, San Guillermo y Suardi, que significar\u00e1 que cerca del 80% del departamento tenga acceso al gas natural. En una Argentina\u00a0\u00a0que tiene muchos inconvenientes, muchos problemas, muchos desencuentros,\u00a0\u00a0cuando nos ponemos de acuerdo y trabajamos en conjunto se logran estos resultados en beneficio de la gente\u201d.<\/span><\/p>\n<p><span style=\"font-size: small;\">\u201cEn cuanto a la generaci\u00f3n de puestos de trabajo,\u00a0\u00a0me dec\u00eda el intendente Rigo que hace una gran tarea con todo su equipo, que son 11 o tal vez 15 personas que van a tener trabajo permanente. Tambi\u00e9n el hecho que\u00a0\u00a0en su momento \u2013adelant\u00e1ndonos a esta concreci\u00f3n-, se han formado 40 gasistas en San Crist\u00f3bal y en Ceres, habr\u00e1 mucho trabajo m\u00e1s para desarrollar en lo que es un nuevo abanico de oportunidades. El norte provincial ya no se siente desprotegido, no se siente postergado, con estas concreciones estamos equilibrando la balanza\u201d destac\u00f3 el legislador.<\/span><\/p>\n<p><span style=\"font-size: small;\">Mi\u00e9rcoles, 02 de octubre de 2019<\/span><\/p>\n<p><a href=\"https:\/\/fmamiga909.com.ar\/?attachment_id=7920\" rel=\"attachment wp-att-7920\"><img loading=\"lazy\" decoding=\"async\" class=\"aligncenter size-medium wp-image-7920\" src=\"https:\/\/fmamiga909.com.ar\/wp-content\/uploads\/2019\/10\/Sc-gas-natural1-300x225.jpeg\" alt=\"\" width=\"300\" height=\"225\" srcset=\"https:\/\/fmamiga909.com.ar\/wp-content\/uploads\/2019\/10\/Sc-gas-natural1-300x225.jpeg 300w, https:\/\/fmamiga909.com.ar\/wp-content\/uploads\/2019\/10\/Sc-gas-natural1-1024x768.jpeg 1024w, https:\/\/fmamiga909.com.ar\/wp-content\/uploads\/2019\/10\/Sc-gas-natural1-259x194.jpeg 259w, https:\/\/fmamiga909.com.ar\/wp-content\/uploads\/2019\/10\/Sc-gas-natural1-950x713.jpeg 950w, https:\/\/fmamiga909.com.ar\/wp-content\/uploads\/2019\/10\/Sc-gas-natural1.jpeg 1280w\" sizes=\"auto, (max-width: 300px) 100vw, 300px\" \/><\/a> <a href=\"https:\/\/fmamiga909.com.ar\/?attachment_id=7921\" rel=\"attachment wp-att-7921\"><img loading=\"lazy\" decoding=\"async\" class=\"aligncenter size-medium wp-image-7921\" src=\"https:\/\/fmamiga909.com.ar\/wp-content\/uploads\/2019\/10\/Sc-gas-natural2-300x225.jpeg\" alt=\"\" width=\"300\" height=\"225\" srcset=\"https:\/\/fmamiga909.com.ar\/wp-content\/uploads\/2019\/10\/Sc-gas-natural2-300x225.jpeg 300w, https:\/\/fmamiga909.com.ar\/wp-content\/uploads\/2019\/10\/Sc-gas-natural2-1024x768.jpeg 1024w, https:\/\/fmamiga909.com.ar\/wp-content\/uploads\/2019\/10\/Sc-gas-natural2-259x194.jpeg 259w, https:\/\/fmamiga909.com.ar\/wp-content\/uploads\/2019\/10\/Sc-gas-natural2-950x713.jpeg 950w, https:\/\/fmamiga909.com.ar\/wp-content\/uploads\/2019\/10\/Sc-gas-natural2.jpeg 1280w\" sizes=\"auto, (max-width: 300px) 100vw, 300px\" \/><\/a> <a href=\"https:\/\/fmamiga909.com.ar\/?attachment_id=7922\" rel=\"attachment wp-att-7922\"><img loading=\"lazy\" decoding=\"async\" class=\"aligncenter size-medium wp-image-7922\" src=\"https:\/\/fmamiga909.com.ar\/wp-content\/uploads\/2019\/10\/Sc-gas-natural3-300x225.jpeg\" alt=\"\" width=\"300\" height=\"225\" srcset=\"https:\/\/fmamiga909.com.ar\/wp-content\/uploads\/2019\/10\/Sc-gas-natural3-300x225.jpeg 300w, https:\/\/fmamiga909.com.ar\/wp-content\/uploads\/2019\/10\/Sc-gas-natural3-1024x768.jpeg 1024w, https:\/\/fmamiga909.com.ar\/wp-content\/uploads\/2019\/10\/Sc-gas-natural3-259x194.jpeg 259w, https:\/\/fmamiga909.com.ar\/wp-content\/uploads\/2019\/10\/Sc-gas-natural3-950x713.jpeg 950w, https:\/\/fmamiga909.com.ar\/wp-content\/uploads\/2019\/10\/Sc-gas-natural3.jpeg 1280w\" sizes=\"auto, (max-width: 300px) 100vw, 300px\" \/><\/a> <a href=\"https:\/\/fmamiga909.com.ar\/?attachment_id=7923\" rel=\"attachment wp-att-7923\"><img loading=\"lazy\" decoding=\"async\" class=\"aligncenter size-medium wp-image-7923\" src=\"https:\/\/fmamiga909.com.ar\/wp-content\/uploads\/2019\/10\/Sc-gas-naturalPRINCIPAL-1-300x225.jpeg\" alt=\"\" width=\"300\" height=\"225\" srcset=\"https:\/\/fmamiga909.com.ar\/wp-content\/uploads\/2019\/10\/Sc-gas-naturalPRINCIPAL-1-300x225.jpeg 300w, https:\/\/fmamiga909.com.ar\/wp-content\/uploads\/2019\/10\/Sc-gas-naturalPRINCIPAL-1-1024x768.jpeg 1024w, https:\/\/fmamiga909.com.ar\/wp-content\/uploads\/2019\/10\/Sc-gas-naturalPRINCIPAL-1-259x194.jpeg 259w, https:\/\/fmamiga909.com.ar\/wp-content\/uploads\/2019\/10\/Sc-gas-naturalPRINCIPAL-1-950x713.jpeg 950w, https:\/\/fmamiga909.com.ar\/wp-content\/uploads\/2019\/10\/Sc-gas-naturalPRINCIPAL-1.jpeg 1280w\" sizes=\"auto, (max-width: 300px) 100vw, 300px\" \/><\/a><\/p>\n","protected":false},"excerpt":{"rendered":"<p>Durante un emotivo acto desarrollado hoy en la ciudad de San Crist\u00f3bal, con la presencia&#8230;<\/p>\n","protected":false},"author":3,"featured_media":7919,"comment_status":"closed","ping_status":"closed","sticky":false,"template":"","format":"standard","meta":{"footnotes":""},"categories":[1,3],"tags":[],"class_list":["post-7918","post","type-post","status-publish","format-standard","has-post-thumbnail","hentry","category-uncategorized","category-noticias"],"featured_image_urls":{"full":["https:\/\/fmamiga909.com.ar\/wp-content\/uploads\/2019\/10\/Sc-gas-naturalPRINCIPAL.jpeg",1280,960,false],"thumbnail":["https:\/\/fmamiga909.com.ar\/wp-content\/uploads\/2019\/10\/Sc-gas-naturalPRINCIPAL-150x150.jpeg",150,150,true],"medium":["https:\/\/fmamiga909.com.ar\/wp-content\/uploads\/2019\/10\/Sc-gas-naturalPRINCIPAL-300x225.jpeg",300,225,true],"medium_large":["https:\/\/fmamiga909.com.ar\/wp-content\/uploads\/2019\/10\/Sc-gas-naturalPRINCIPAL.jpeg",1280,960,false],"large":["https:\/\/fmamiga909.com.ar\/wp-content\/uploads\/2019\/10\/Sc-gas-naturalPRINCIPAL-1024x768.jpeg",640,480,true],"1536x1536":["https:\/\/fmamiga909.com.ar\/wp-content\/uploads\/2019\/10\/Sc-gas-naturalPRINCIPAL.jpeg",1280,960,false],"2048x2048":["https:\/\/fmamiga909.com.ar\/wp-content\/uploads\/2019\/10\/Sc-gas-naturalPRINCIPAL.jpeg",1280,960,false],"newsium-slider-full":["https:\/\/fmamiga909.com.ar\/wp-content\/uploads\/2019\/10\/Sc-gas-naturalPRINCIPAL.jpeg",1127,845,false],"newsium-featured":["https:\/\/fmamiga909.com.ar\/wp-content\/uploads\/2019\/10\/Sc-gas-naturalPRINCIPAL.jpeg",1024,768,false],"newsium-medium":["https:\/\/fmamiga909.com.ar\/wp-content\/uploads\/2019\/10\/Sc-gas-naturalPRINCIPAL.jpeg",633,475,false]},"author_info":{"display_name":"Fredy Giuliano","author_link":"https:\/\/fmamiga909.com.ar\/?author=3"},"category_info":"<a href=\"https:\/\/fmamiga909.com.ar\/?cat=1\" rel=\"category\">La radio<\/a> <a href=\"https:\/\/fmamiga909.com.ar\/?cat=3\" rel=\"category\">Noticias<\/a>","tag_info":"Noticias","comment_count":"0","_links":{"self":[{"href":"https:\/\/fmamiga909.com.ar\/index.php?rest_route=\/wp\/v2\/posts\/7918","targetHints":{"allow":["GET"]}}],"collection":[{"href":"https:\/\/fmamiga909.com.ar\/index.php?rest_route=\/wp\/v2\/posts"}],"about":[{"href":"https:\/\/fmamiga909.com.ar\/index.php?rest_route=\/wp\/v2\/types\/post"}],"author":[{"embeddable":true,"href":"https:\/\/fmamiga909.com.ar\/index.php?rest_route=\/wp\/v2\/users\/3"}],"replies":[{"embeddable":true,"href":"https:\/\/fmamiga909.com.ar\/index.php?rest_route=%2Fwp%2Fv2%2Fcomments&post=7918"}],"version-history":[{"count":1,"href":"https:\/\/fmamiga909.com.ar\/index.php?rest_route=\/wp\/v2\/posts\/7918\/revisions"}],"predecessor-version":[{"id":7924,"href":"https:\/\/fmamiga909.com.ar\/index.php?rest_route=\/wp\/v2\/posts\/7918\/revisions\/7924"}],"wp:featuredmedia":[{"embeddable":true,"href":"https:\/\/fmamiga909.com.ar\/index.php?rest_route=\/wp\/v2\/media\/7919"}],"wp:attachment":[{"href":"https:\/\/fmamiga909.com.ar\/index.php?rest_route=%2Fwp%2Fv2%2Fmedia&parent=7918"}],"wp:term":[{"taxonomy":"category","embeddable":true,"href":"https:\/\/fmamiga909.com.ar\/index.php?rest_route=%2Fwp%2Fv2%2Fcategories&post=7918"},{"taxonomy":"post_tag","embeddable":true,"href":"https:\/\/fmamiga909.com.ar\/index.php?rest_route=%2Fwp%2Fv2%2Ftags&post=7918"}],"curies":[{"name":"wp","href":"https:\/\/api.w.org\/{rel}","templated":true}]}}