{"id":7993,"date":"2019-10-29T21:45:38","date_gmt":"2019-10-29T21:45:38","guid":{"rendered":"http:\/\/fmamiga909.com.ar\/?p=7993"},"modified":"2019-10-29T21:45:39","modified_gmt":"2019-10-29T21:45:39","slug":"comunicado","status":"publish","type":"post","link":"https:\/\/fmamiga909.com.ar\/?p=7993","title":{"rendered":"COMUNICADO"},"content":{"rendered":"\n<p>En respuesta al comentario realizado en las redes sociales por alumnos de 5\u00ba a\u00f1o del Colegio Santa Teresita, donde dicen ser discriminados por las autoridades de la Instituci\u00f3n por no permitir exponer un trabajo realizado sobre LA FORESTAL, Integrantes del Consejo de Gesti\u00f3n Integral del Colegio Santa Teresita de Ni\u00f1o Jes\u00fas de Hersilia y la<br>Congregaci\u00f3n de Hermanas Dominicas del Sant\u00edsimo Nombre de Jes\u00fas comunican lo siguiente:<\/p>\n\n\n\n<p>Comunicado del Colegio Santa Teresita del Ni\u00f1o Jes\u00fas<br>Hersilia 28\/10\/2019<br>A ra\u00edz de las publicaciones realizadas en redes sociales durante los \u00faltimos d\u00edas, las autoridades del Colegio comunicamos lo siguiente:<br>Que el trabajo realizado por los estudiantes de quinto a\u00f1o denominado \u201cEl capitalismo: un caos para la naturaleza\u201d, ha sido oportunamente presentado en la instancia zonal de feria de ciencias desarrollada en la ciudad de Ceres el d\u00eda 23 de agosto de este a\u00f1o, \u00e1mbito en el que se han explicitado y socializado claramente los resultados e interpretaciones de dicha investigaci\u00f3n, llevada a cabo por alumnos y profesores en el marco de un espacio pedag\u00f3gico propicio.<br>Que el desarrollo de la investigaci\u00f3n realizada, tiene por finalidad el propiciar el esp\u00edritu cr\u00edtico, la acci\u00f3n investigativa de los estudiantes, con el objetivo de promover miradas diversas sobre una misma problem\u00e1tica; sustentado en el desarrollo curricular y accionar pedag\u00f3gico diario de todo el complejo educativo.<br>Que, en tal sentido, en la agenda pedag\u00f3gica de la instituci\u00f3n est\u00e1 programada para el mes de noviembre una presentaci\u00f3n abierta a la comunidad de dicha investigaci\u00f3n, as\u00ed como a presentaciones que se pudieran realizar al interior de la comunidad educativa.<br>Que, el hecho de que la maqueta (no el trabajo en s\u00ed) no se expusiera en la muestra de la \u201cFiesta de la Familia\u201d, responde a un discernimiento profundo y sincero que tom\u00f3 en cuenta la impronta de la fiesta de la familia cuyo t\u00edtulo era \u201cEmoci\u00f3n y Arte\u201d. Por ello no se vio conveniente la exposici\u00f3n de un trabajo que por su tem\u00e1tica ameritaba un espacio eminentemente pedag\u00f3gico como el previsto ya para el mes de noviembre.<br>Que, como Colegio Cristiano y Dominicano, hacemos propia la preocupaci\u00f3n de la Iglesia en la figura del Papa Francisco en relaci\u00f3n a el \u201ccuidado de la casa com\u00fan\u201d ante los excesos cometidos contra el medio ambiente, tem\u00e1tica abordada transversalmente en todos los Niveles de ense\u00f1anza.<br>Por todo lo anteriormente expresado, consideramos que dicha decisi\u00f3n de ninguna manera limit\u00f3 la libertad de expresi\u00f3n. Lamentamos las repercusiones negativas derivadas de una decisi\u00f3n basada en un criterio de oportunidad y no en la desvaloraci\u00f3n de la tem\u00e1tica de estudio abordada por los alumnos.<br>Integrantes del Consejo de Gesti\u00f3n Integral del Colegio Santa Teresita de Ni\u00f1o Jes\u00fas de Hersilia.<br>Congregaci\u00f3n de Hermanas Dominicas del Sant\u00edsimo Nombre de Jes\u00fas.<\/p>\n","protected":false},"excerpt":{"rendered":"<p>En respuesta al comentario realizado en las redes sociales por alumnos de 5\u00ba a\u00f1o del&#8230;<\/p>\n","protected":false},"author":3,"featured_media":7994,"comment_status":"closed","ping_status":"closed","sticky":false,"template":"","format":"standard","meta":{"footnotes":""},"categories":[1,3],"tags":[],"class_list":["post-7993","post","type-post","status-publish","format-standard","has-post-thumbnail","hentry","category-uncategorized","category-noticias"],"featured_image_urls":{"full":["https:\/\/fmamiga909.com.ar\/wp-content\/uploads\/2019\/10\/WhatsApp-Image-2019-10-29-at-5.37.34-PM.jpeg",960,720,false],"thumbnail":["https:\/\/fmamiga909.com.ar\/wp-content\/uploads\/2019\/10\/WhatsApp-Image-2019-10-29-at-5.37.34-PM-150x150.jpeg",150,150,true],"medium":["https:\/\/fmamiga909.com.ar\/wp-content\/uploads\/2019\/10\/WhatsApp-Image-2019-10-29-at-5.37.34-PM-300x225.jpeg",300,225,true],"medium_large":["https:\/\/fmamiga909.com.ar\/wp-content\/uploads\/2019\/10\/WhatsApp-Image-2019-10-29-at-5.37.34-PM.jpeg",960,720,false],"large":["https:\/\/fmamiga909.com.ar\/wp-content\/uploads\/2019\/10\/WhatsApp-Image-2019-10-29-at-5.37.34-PM.jpeg",640,480,false],"1536x1536":["https:\/\/fmamiga909.com.ar\/wp-content\/uploads\/2019\/10\/WhatsApp-Image-2019-10-29-at-5.37.34-PM.jpeg",960,720,false],"2048x2048":["https:\/\/fmamiga909.com.ar\/wp-content\/uploads\/2019\/10\/WhatsApp-Image-2019-10-29-at-5.37.34-PM.jpeg",960,720,false],"newsium-slider-full":["https:\/\/fmamiga909.com.ar\/wp-content\/uploads\/2019\/10\/WhatsApp-Image-2019-10-29-at-5.37.34-PM.jpeg",960,720,false],"newsium-featured":["https:\/\/fmamiga909.com.ar\/wp-content\/uploads\/2019\/10\/WhatsApp-Image-2019-10-29-at-5.37.34-PM.jpeg",960,720,false],"newsium-medium":["https:\/\/fmamiga909.com.ar\/wp-content\/uploads\/2019\/10\/WhatsApp-Image-2019-10-29-at-5.37.34-PM.jpeg",633,475,false]},"author_info":{"display_name":"Fredy Giuliano","author_link":"https:\/\/fmamiga909.com.ar\/?author=3"},"category_info":"<a href=\"https:\/\/fmamiga909.com.ar\/?cat=1\" rel=\"category\">La radio<\/a> <a href=\"https:\/\/fmamiga909.com.ar\/?cat=3\" rel=\"category\">Noticias<\/a>","tag_info":"Noticias","comment_count":"0","_links":{"self":[{"href":"https:\/\/fmamiga909.com.ar\/index.php?rest_route=\/wp\/v2\/posts\/7993","targetHints":{"allow":["GET"]}}],"collection":[{"href":"https:\/\/fmamiga909.com.ar\/index.php?rest_route=\/wp\/v2\/posts"}],"about":[{"href":"https:\/\/fmamiga909.com.ar\/index.php?rest_route=\/wp\/v2\/types\/post"}],"author":[{"embeddable":true,"href":"https:\/\/fmamiga909.com.ar\/index.php?rest_route=\/wp\/v2\/users\/3"}],"replies":[{"embeddable":true,"href":"https:\/\/fmamiga909.com.ar\/index.php?rest_route=%2Fwp%2Fv2%2Fcomments&post=7993"}],"version-history":[{"count":1,"href":"https:\/\/fmamiga909.com.ar\/index.php?rest_route=\/wp\/v2\/posts\/7993\/revisions"}],"predecessor-version":[{"id":7995,"href":"https:\/\/fmamiga909.com.ar\/index.php?rest_route=\/wp\/v2\/posts\/7993\/revisions\/7995"}],"wp:featuredmedia":[{"embeddable":true,"href":"https:\/\/fmamiga909.com.ar\/index.php?rest_route=\/wp\/v2\/media\/7994"}],"wp:attachment":[{"href":"https:\/\/fmamiga909.com.ar\/index.php?rest_route=%2Fwp%2Fv2%2Fmedia&parent=7993"}],"wp:term":[{"taxonomy":"category","embeddable":true,"href":"https:\/\/fmamiga909.com.ar\/index.php?rest_route=%2Fwp%2Fv2%2Fcategories&post=7993"},{"taxonomy":"post_tag","embeddable":true,"href":"https:\/\/fmamiga909.com.ar\/index.php?rest_route=%2Fwp%2Fv2%2Ftags&post=7993"}],"curies":[{"name":"wp","href":"https:\/\/api.w.org\/{rel}","templated":true}]}}