{"id":8051,"date":"2019-11-12T14:38:36","date_gmt":"2019-11-12T14:38:36","guid":{"rendered":"http:\/\/fmamiga909.com.ar\/?p=8051"},"modified":"2019-11-12T14:38:37","modified_gmt":"2019-11-12T14:38:37","slug":"galeria-de-presidentes","status":"publish","type":"post","link":"https:\/\/fmamiga909.com.ar\/?p=8051","title":{"rendered":"GALER\u00cdA DE PRESIDENTES."},"content":{"rendered":"\n<p> La Comuna de nuestra localidad se encuentra refaccionando el edificio administrativo y en la Sala de Reuniones realiz\u00f3 la Galer\u00eda de Presidentes. Un espacio donde est\u00e1 la foto de cada uno de los Presidentes que pasaron por esta Comuna. <\/p>\n\n\n\n<figure class=\"wp-block-image\"><img loading=\"lazy\" decoding=\"async\" width=\"960\" height=\"720\" src=\"https:\/\/fmamiga909.com.ar\/wp-content\/uploads\/2019\/11\/00.jpg\" alt=\"\" class=\"wp-image-8052\" srcset=\"https:\/\/fmamiga909.com.ar\/wp-content\/uploads\/2019\/11\/00.jpg 960w, https:\/\/fmamiga909.com.ar\/wp-content\/uploads\/2019\/11\/00-300x225.jpg 300w, https:\/\/fmamiga909.com.ar\/wp-content\/uploads\/2019\/11\/00-259x194.jpg 259w, https:\/\/fmamiga909.com.ar\/wp-content\/uploads\/2019\/11\/00-950x713.jpg 950w\" sizes=\"auto, (max-width: 960px) 100vw, 960px\" \/><\/figure>\n\n\n\n<figure class=\"wp-block-image\"><img loading=\"lazy\" decoding=\"async\" width=\"960\" height=\"720\" src=\"https:\/\/fmamiga909.com.ar\/wp-content\/uploads\/2019\/11\/000.jpg\" alt=\"\" class=\"wp-image-8053\" srcset=\"https:\/\/fmamiga909.com.ar\/wp-content\/uploads\/2019\/11\/000.jpg 960w, https:\/\/fmamiga909.com.ar\/wp-content\/uploads\/2019\/11\/000-300x225.jpg 300w, https:\/\/fmamiga909.com.ar\/wp-content\/uploads\/2019\/11\/000-259x194.jpg 259w, https:\/\/fmamiga909.com.ar\/wp-content\/uploads\/2019\/11\/000-950x713.jpg 950w\" sizes=\"auto, (max-width: 960px) 100vw, 960px\" \/><\/figure>\n\n\n\n<figure class=\"wp-block-image\"><img loading=\"lazy\" decoding=\"async\" width=\"960\" height=\"720\" src=\"https:\/\/fmamiga909.com.ar\/wp-content\/uploads\/2019\/11\/0.jpg\" alt=\"\" class=\"wp-image-8054\" srcset=\"https:\/\/fmamiga909.com.ar\/wp-content\/uploads\/2019\/11\/0.jpg 960w, https:\/\/fmamiga909.com.ar\/wp-content\/uploads\/2019\/11\/0-300x225.jpg 300w, https:\/\/fmamiga909.com.ar\/wp-content\/uploads\/2019\/11\/0-259x194.jpg 259w, https:\/\/fmamiga909.com.ar\/wp-content\/uploads\/2019\/11\/0-950x713.jpg 950w\" sizes=\"auto, (max-width: 960px) 100vw, 960px\" \/><\/figure>\n","protected":false},"excerpt":{"rendered":"<p>La Comuna de nuestra localidad se encuentra refaccionando el edificio administrativo y en la Sala&#8230;<\/p>\n","protected":false},"author":3,"featured_media":8052,"comment_status":"closed","ping_status":"closed","sticky":false,"template":"","format":"standard","meta":{"footnotes":""},"categories":[1,3],"tags":[],"class_list":["post-8051","post","type-post","status-publish","format-standard","has-post-thumbnail","hentry","category-uncategorized","category-noticias"],"featured_image_urls":{"full":["https:\/\/fmamiga909.com.ar\/wp-content\/uploads\/2019\/11\/00.jpg",960,720,false],"thumbnail":["https:\/\/fmamiga909.com.ar\/wp-content\/uploads\/2019\/11\/00-150x150.jpg",150,150,true],"medium":["https:\/\/fmamiga909.com.ar\/wp-content\/uploads\/2019\/11\/00-300x225.jpg",300,225,true],"medium_large":["https:\/\/fmamiga909.com.ar\/wp-content\/uploads\/2019\/11\/00.jpg",960,720,false],"large":["https:\/\/fmamiga909.com.ar\/wp-content\/uploads\/2019\/11\/00.jpg",640,480,false],"1536x1536":["https:\/\/fmamiga909.com.ar\/wp-content\/uploads\/2019\/11\/00.jpg",960,720,false],"2048x2048":["https:\/\/fmamiga909.com.ar\/wp-content\/uploads\/2019\/11\/00.jpg",960,720,false],"newsium-slider-full":["https:\/\/fmamiga909.com.ar\/wp-content\/uploads\/2019\/11\/00.jpg",960,720,false],"newsium-featured":["https:\/\/fmamiga909.com.ar\/wp-content\/uploads\/2019\/11\/00.jpg",960,720,false],"newsium-medium":["https:\/\/fmamiga909.com.ar\/wp-content\/uploads\/2019\/11\/00.jpg",633,475,false]},"author_info":{"display_name":"Fredy Giuliano","author_link":"https:\/\/fmamiga909.com.ar\/?author=3"},"category_info":"<a href=\"https:\/\/fmamiga909.com.ar\/?cat=1\" rel=\"category\">La radio<\/a> <a href=\"https:\/\/fmamiga909.com.ar\/?cat=3\" rel=\"category\">Noticias<\/a>","tag_info":"Noticias","comment_count":"0","_links":{"self":[{"href":"https:\/\/fmamiga909.com.ar\/index.php?rest_route=\/wp\/v2\/posts\/8051","targetHints":{"allow":["GET"]}}],"collection":[{"href":"https:\/\/fmamiga909.com.ar\/index.php?rest_route=\/wp\/v2\/posts"}],"about":[{"href":"https:\/\/fmamiga909.com.ar\/index.php?rest_route=\/wp\/v2\/types\/post"}],"author":[{"embeddable":true,"href":"https:\/\/fmamiga909.com.ar\/index.php?rest_route=\/wp\/v2\/users\/3"}],"replies":[{"embeddable":true,"href":"https:\/\/fmamiga909.com.ar\/index.php?rest_route=%2Fwp%2Fv2%2Fcomments&post=8051"}],"version-history":[{"count":1,"href":"https:\/\/fmamiga909.com.ar\/index.php?rest_route=\/wp\/v2\/posts\/8051\/revisions"}],"predecessor-version":[{"id":8055,"href":"https:\/\/fmamiga909.com.ar\/index.php?rest_route=\/wp\/v2\/posts\/8051\/revisions\/8055"}],"wp:featuredmedia":[{"embeddable":true,"href":"https:\/\/fmamiga909.com.ar\/index.php?rest_route=\/wp\/v2\/media\/8052"}],"wp:attachment":[{"href":"https:\/\/fmamiga909.com.ar\/index.php?rest_route=%2Fwp%2Fv2%2Fmedia&parent=8051"}],"wp:term":[{"taxonomy":"category","embeddable":true,"href":"https:\/\/fmamiga909.com.ar\/index.php?rest_route=%2Fwp%2Fv2%2Fcategories&post=8051"},{"taxonomy":"post_tag","embeddable":true,"href":"https:\/\/fmamiga909.com.ar\/index.php?rest_route=%2Fwp%2Fv2%2Ftags&post=8051"}],"curies":[{"name":"wp","href":"https:\/\/api.w.org\/{rel}","templated":true}]}}