{"id":8057,"date":"2019-11-27T14:11:06","date_gmt":"2019-11-27T14:11:06","guid":{"rendered":"http:\/\/fmamiga909.com.ar\/?p=8057"},"modified":"2019-11-27T14:11:07","modified_gmt":"2019-11-27T14:11:07","slug":"en-2020-habra-mas-fines-de-semana-largos","status":"publish","type":"post","link":"https:\/\/fmamiga909.com.ar\/?p=8057","title":{"rendered":"En 2020 habr\u00e1 m\u00e1s fines de semana largos"},"content":{"rendered":"\n<h3 class=\"wp-block-heading\"><\/h3>\n\n\n\n<p>El a\u00f1o pr\u00f3ximo habr\u00e1 16 feriados m\u00e1s tres d\u00edas destinados a \u00abpromover la actividad tur\u00edstica\u00bb que funcionar\u00e1n como \u00abpuentes\u00bb para conformar fines de semana de cuatro d\u00edas.<\/p>\n\n\n\n<ul class=\"wp-block-list\"><li><strong>La nueva disposici\u00f3n del gobierno nacional aclar\u00f3 que para 2020 se tratar\u00e1 de feriados y no de \u201cd\u00edas no laborables\u201d.<\/strong><\/li><li><strong>Es decir que tanto organismos y compa\u00f1\u00edas del Estado como las empresas y negocios privados estar\u00e1n obligados a otorgarles el d\u00eda a sus empleados o, en caso contrario, liquidarlo seg\u00fan lo establece la ley.<\/strong><\/li><\/ul>\n\n\n\n<p>En detalle, ser\u00e1n 12 feriados inamovibles: mi\u00e9rcoles 1\u00ba de enero, A\u00f1o Nuevo; lunes 24 y martes 25 de febrero, Carnaval; martes 24 de marzo, D\u00eda Nacional de la Memoria por la Verdad y la Justicia; jueves 2 de abril, D\u00eda del Veterano y de los Ca\u00eddos en la Guerra de Malvinas; viernes 10 de abril, Viernes Santo; viernes 1\u00ba de Mayo, D\u00eda del Trabajador; lunes 25 de Mayo, D\u00eda de la Revoluci\u00f3n de Mayo; s\u00e1bado 20 de Junio, Paso a la Inmortalidad del General Manuel Belgrano; jueves 9 de Julio, D\u00eda de la Independencia; martes 8 de Diciembre y viernes 25 de diciembre, Navidad.<\/p>\n\n\n\n<p>Adem\u00e1s, habr\u00e1 cuatro feriados trasladables: lunes 15 de junio, Paso a la Inmortalidad del Gral. G\u00fcemes; lunes 17 de agosto, Paso a la Inmortalidad del General Jos\u00e9 de San Mart\u00edn; lunes 12 de octubre, D\u00eda del Respeto a la Diversidad Cultural y lunes 23 de noviembre, D\u00eda de la Sobern\u00eda Nacional.<\/p>\n\n\n\n<p>Por \u00faltimo, habr\u00e1 tres feriados puente tur\u00edsticos: lunes 23 de marzo, viernes 10 de Julio y lunes 7 de diciembre.<\/p>\n\n\n\n<p><strong>Fuente: Informate Salta<\/strong><\/p>\n","protected":false},"excerpt":{"rendered":"<p>El a\u00f1o pr\u00f3ximo habr\u00e1 16 feriados m\u00e1s tres d\u00edas destinados a \u00abpromover la actividad tur\u00edstica\u00bb&#8230;<\/p>\n","protected":false},"author":3,"featured_media":8058,"comment_status":"closed","ping_status":"closed","sticky":false,"template":"","format":"standard","meta":{"footnotes":""},"categories":[1,3],"tags":[],"class_list":["post-8057","post","type-post","status-publish","format-standard","has-post-thumbnail","hentry","category-uncategorized","category-noticias"],"featured_image_urls":{"full":["https:\/\/fmamiga909.com.ar\/wp-content\/uploads\/2019\/11\/calendario-2020_1017-21131.jpg",626,500,false],"thumbnail":["https:\/\/fmamiga909.com.ar\/wp-content\/uploads\/2019\/11\/calendario-2020_1017-21131-150x150.jpg",150,150,true],"medium":["https:\/\/fmamiga909.com.ar\/wp-content\/uploads\/2019\/11\/calendario-2020_1017-21131-300x240.jpg",300,240,true],"medium_large":["https:\/\/fmamiga909.com.ar\/wp-content\/uploads\/2019\/11\/calendario-2020_1017-21131.jpg",626,500,false],"large":["https:\/\/fmamiga909.com.ar\/wp-content\/uploads\/2019\/11\/calendario-2020_1017-21131.jpg",626,500,false],"1536x1536":["https:\/\/fmamiga909.com.ar\/wp-content\/uploads\/2019\/11\/calendario-2020_1017-21131.jpg",626,500,false],"2048x2048":["https:\/\/fmamiga909.com.ar\/wp-content\/uploads\/2019\/11\/calendario-2020_1017-21131.jpg",626,500,false],"newsium-slider-full":["https:\/\/fmamiga909.com.ar\/wp-content\/uploads\/2019\/11\/calendario-2020_1017-21131.jpg",626,500,false],"newsium-featured":["https:\/\/fmamiga909.com.ar\/wp-content\/uploads\/2019\/11\/calendario-2020_1017-21131.jpg",626,500,false],"newsium-medium":["https:\/\/fmamiga909.com.ar\/wp-content\/uploads\/2019\/11\/calendario-2020_1017-21131.jpg",595,475,false]},"author_info":{"display_name":"Fredy Giuliano","author_link":"https:\/\/fmamiga909.com.ar\/?author=3"},"category_info":"<a href=\"https:\/\/fmamiga909.com.ar\/?cat=1\" rel=\"category\">La radio<\/a> <a href=\"https:\/\/fmamiga909.com.ar\/?cat=3\" rel=\"category\">Noticias<\/a>","tag_info":"Noticias","comment_count":"0","_links":{"self":[{"href":"https:\/\/fmamiga909.com.ar\/index.php?rest_route=\/wp\/v2\/posts\/8057","targetHints":{"allow":["GET"]}}],"collection":[{"href":"https:\/\/fmamiga909.com.ar\/index.php?rest_route=\/wp\/v2\/posts"}],"about":[{"href":"https:\/\/fmamiga909.com.ar\/index.php?rest_route=\/wp\/v2\/types\/post"}],"author":[{"embeddable":true,"href":"https:\/\/fmamiga909.com.ar\/index.php?rest_route=\/wp\/v2\/users\/3"}],"replies":[{"embeddable":true,"href":"https:\/\/fmamiga909.com.ar\/index.php?rest_route=%2Fwp%2Fv2%2Fcomments&post=8057"}],"version-history":[{"count":1,"href":"https:\/\/fmamiga909.com.ar\/index.php?rest_route=\/wp\/v2\/posts\/8057\/revisions"}],"predecessor-version":[{"id":8059,"href":"https:\/\/fmamiga909.com.ar\/index.php?rest_route=\/wp\/v2\/posts\/8057\/revisions\/8059"}],"wp:featuredmedia":[{"embeddable":true,"href":"https:\/\/fmamiga909.com.ar\/index.php?rest_route=\/wp\/v2\/media\/8058"}],"wp:attachment":[{"href":"https:\/\/fmamiga909.com.ar\/index.php?rest_route=%2Fwp%2Fv2%2Fmedia&parent=8057"}],"wp:term":[{"taxonomy":"category","embeddable":true,"href":"https:\/\/fmamiga909.com.ar\/index.php?rest_route=%2Fwp%2Fv2%2Fcategories&post=8057"},{"taxonomy":"post_tag","embeddable":true,"href":"https:\/\/fmamiga909.com.ar\/index.php?rest_route=%2Fwp%2Fv2%2Ftags&post=8057"}],"curies":[{"name":"wp","href":"https:\/\/api.w.org\/{rel}","templated":true}]}}