{"id":8151,"date":"2020-03-22T23:49:43","date_gmt":"2020-03-22T23:49:43","guid":{"rendered":"http:\/\/fmamiga909.com.ar\/?p=8151"},"modified":"2020-03-22T23:54:11","modified_gmt":"2020-03-22T23:54:11","slug":"parte-de-prensa-samco-local","status":"publish","type":"post","link":"https:\/\/fmamiga909.com.ar\/?p=8151","title":{"rendered":"PARTE DE PRENSA SAMCO LOCAL"},"content":{"rendered":"\n<p>La Directora del SAMCO local , Dra Karina Airaldo, acompa\u00f1ada de su equipo de trabajo realiz\u00f3 un parte de prensa m\u00e9dico. <\/p>\n\n\n\n<p>PARTE COVID-19<br>22\/03\/20 &#8211; 20 hs<br>* \u201c0\u201d casos confirmados<br>* \u201c2\u201d casos aislados preventivamente (d\u00eda 10) sin s\u00edntomas. Viajeros al exterior<br>* \u201c1\u201d caso aislado preventivamente dado de alta (llegado de Alemania)<\/p>\n\n\n\n<p>Nosotros seguimos haciendo nuestro trabajo.<br>Vos qu\u00e9date en tu casa y cuidate. <\/p>\n\n\n\n<p>\n\nInforman Dra&nbsp;<a href=\"https:\/\/www.facebook.com\/veronica.rodriguezsenn?__cft__[0]=AZWTYxPwo42_L0fprP3ta8T_6IxpaWKoDNV91Tg__guRKARknPknm2YJn02XuWbLP1OLqIq61BY7TDRNiMn0b86gAm8zNmOmJA0iXFCCMVG2qrzjxz_2OsO0allGNXszeKs&amp;__tn__=-]K*F\">Veronica Rodriguez Senn<\/a>&nbsp;&#8211; Dra&nbsp;<a href=\"https:\/\/www.facebook.com\/rosana.giroldi?__cft__[0]=AZWTYxPwo42_L0fprP3ta8T_6IxpaWKoDNV91Tg__guRKARknPknm2YJn02XuWbLP1OLqIq61BY7TDRNiMn0b86gAm8zNmOmJA0iXFCCMVG2qrzjxz_2OsO0allGNXszeKs&amp;__tn__=-]K*F\">Rosana Giroldi<\/a>&nbsp;&#8211; Dra&nbsp;<a href=\"https:\/\/www.facebook.com\/andrea.barcelo.90?__cft__[0]=AZWTYxPwo42_L0fprP3ta8T_6IxpaWKoDNV91Tg__guRKARknPknm2YJn02XuWbLP1OLqIq61BY7TDRNiMn0b86gAm8zNmOmJA0iXFCCMVG2qrzjxz_2OsO0allGNXszeKs&amp;__tn__=-]K*F\">Andrea Barcelo<\/a>&nbsp;&#8211; Dr&nbsp;<a href=\"https:\/\/www.facebook.com\/profile.php?id=100006851356899&amp;__cft__[0]=AZWTYxPwo42_L0fprP3ta8T_6IxpaWKoDNV91Tg__guRKARknPknm2YJn02XuWbLP1OLqIq61BY7TDRNiMn0b86gAm8zNmOmJA0iXFCCMVG2qrzjxz_2OsO0allGNXszeKs&amp;__tn__=-]K*F\">Daniel Oliver<\/a>&nbsp;&#8211; Dra&nbsp;<a href=\"https:\/\/www.facebook.com\/karina.airaldo?__cft__[0]=AZWTYxPwo42_L0fprP3ta8T_6IxpaWKoDNV91Tg__guRKARknPknm2YJn02XuWbLP1OLqIq61BY7TDRNiMn0b86gAm8zNmOmJA0iXFCCMVG2qrzjxz_2OsO0allGNXszeKs&amp;__tn__=-]K*F\">Karina Airaldo<\/a><a href=\"https:\/\/www.facebook.com\/photo?fbid=2996234250414736&amp;set=a.497809733590546#\">Ver menos<\/a><\/p>\n","protected":false},"excerpt":{"rendered":"<p>La Directora del SAMCO local , Dra Karina Airaldo, acompa\u00f1ada de su equipo de trabajo&#8230;<\/p>\n","protected":false},"author":3,"featured_media":8152,"comment_status":"closed","ping_status":"closed","sticky":false,"template":"","format":"standard","meta":{"footnotes":""},"categories":[1,3],"tags":[],"class_list":["post-8151","post","type-post","status-publish","format-standard","has-post-thumbnail","hentry","category-uncategorized","category-noticias"],"featured_image_urls":{"full":["https:\/\/fmamiga909.com.ar\/wp-content\/uploads\/2020\/03\/90488838_2996234253748069_5125420452704944128_n.jpg",960,912,false],"thumbnail":["https:\/\/fmamiga909.com.ar\/wp-content\/uploads\/2020\/03\/90488838_2996234253748069_5125420452704944128_n-150x150.jpg",150,150,true],"medium":["https:\/\/fmamiga909.com.ar\/wp-content\/uploads\/2020\/03\/90488838_2996234253748069_5125420452704944128_n-300x285.jpg",300,285,true],"medium_large":["https:\/\/fmamiga909.com.ar\/wp-content\/uploads\/2020\/03\/90488838_2996234253748069_5125420452704944128_n.jpg",960,912,false],"large":["https:\/\/fmamiga909.com.ar\/wp-content\/uploads\/2020\/03\/90488838_2996234253748069_5125420452704944128_n.jpg",640,608,false],"1536x1536":["https:\/\/fmamiga909.com.ar\/wp-content\/uploads\/2020\/03\/90488838_2996234253748069_5125420452704944128_n.jpg",960,912,false],"2048x2048":["https:\/\/fmamiga909.com.ar\/wp-content\/uploads\/2020\/03\/90488838_2996234253748069_5125420452704944128_n.jpg",960,912,false],"newsium-slider-full":["https:\/\/fmamiga909.com.ar\/wp-content\/uploads\/2020\/03\/90488838_2996234253748069_5125420452704944128_n.jpg",889,845,false],"newsium-featured":["https:\/\/fmamiga909.com.ar\/wp-content\/uploads\/2020\/03\/90488838_2996234253748069_5125420452704944128_n.jpg",960,912,false],"newsium-medium":["https:\/\/fmamiga909.com.ar\/wp-content\/uploads\/2020\/03\/90488838_2996234253748069_5125420452704944128_n.jpg",500,475,false]},"author_info":{"display_name":"Fredy Giuliano","author_link":"https:\/\/fmamiga909.com.ar\/?author=3"},"category_info":"<a href=\"https:\/\/fmamiga909.com.ar\/?cat=1\" rel=\"category\">La radio<\/a> <a href=\"https:\/\/fmamiga909.com.ar\/?cat=3\" rel=\"category\">Noticias<\/a>","tag_info":"Noticias","comment_count":"0","_links":{"self":[{"href":"https:\/\/fmamiga909.com.ar\/index.php?rest_route=\/wp\/v2\/posts\/8151","targetHints":{"allow":["GET"]}}],"collection":[{"href":"https:\/\/fmamiga909.com.ar\/index.php?rest_route=\/wp\/v2\/posts"}],"about":[{"href":"https:\/\/fmamiga909.com.ar\/index.php?rest_route=\/wp\/v2\/types\/post"}],"author":[{"embeddable":true,"href":"https:\/\/fmamiga909.com.ar\/index.php?rest_route=\/wp\/v2\/users\/3"}],"replies":[{"embeddable":true,"href":"https:\/\/fmamiga909.com.ar\/index.php?rest_route=%2Fwp%2Fv2%2Fcomments&post=8151"}],"version-history":[{"count":2,"href":"https:\/\/fmamiga909.com.ar\/index.php?rest_route=\/wp\/v2\/posts\/8151\/revisions"}],"predecessor-version":[{"id":8154,"href":"https:\/\/fmamiga909.com.ar\/index.php?rest_route=\/wp\/v2\/posts\/8151\/revisions\/8154"}],"wp:featuredmedia":[{"embeddable":true,"href":"https:\/\/fmamiga909.com.ar\/index.php?rest_route=\/wp\/v2\/media\/8152"}],"wp:attachment":[{"href":"https:\/\/fmamiga909.com.ar\/index.php?rest_route=%2Fwp%2Fv2%2Fmedia&parent=8151"}],"wp:term":[{"taxonomy":"category","embeddable":true,"href":"https:\/\/fmamiga909.com.ar\/index.php?rest_route=%2Fwp%2Fv2%2Fcategories&post=8151"},{"taxonomy":"post_tag","embeddable":true,"href":"https:\/\/fmamiga909.com.ar\/index.php?rest_route=%2Fwp%2Fv2%2Ftags&post=8151"}],"curies":[{"name":"wp","href":"https:\/\/api.w.org\/{rel}","templated":true}]}}