{"id":8162,"date":"2020-03-26T02:17:22","date_gmt":"2020-03-26T02:17:22","guid":{"rendered":"http:\/\/fmamiga909.com.ar\/?p=8162"},"modified":"2020-03-26T02:19:46","modified_gmt":"2020-03-26T02:19:46","slug":"michlig-recordo-que-anses-habilito-el-cronograma-de-fechas-para-iniciar-el-tramite-para-cobrar-los-10-000","status":"publish","type":"post","link":"https:\/\/fmamiga909.com.ar\/?p=8162","title":{"rendered":"Michlig record\u00f3 que Anses habilit\u00f3 el cronograma de fechas para iniciar el tr\u00e1mite para cobrar los $ 10.000"},"content":{"rendered":"\n<p>Atento las necesidades emergentes de la pandemia del COVID-19 y las expectativas surgidas a partir de las \u00faltimas disposiciones anunciadas por el Gobierno Nacional, el Senador Provincial Felipe Michlig record\u00f3 que&nbsp;<strong>Anses dio a conocer -en la fecha- e<\/strong><strong>l cronograma completo de fechas para iniciar el tr\u00e1mite y cobrar el Ingreso Familiar de Emergencia de 10.000 pesos.<\/strong><\/p>\n\n\n\n<p>Al respecto el legislador comunic\u00f3 que \u201c<strong>estaremos coordinando con las autoridades territoriales&nbsp;<\/strong>y en el marco del&nbsp;comit\u00e9 de emergencia departamental con municipios y comunas&nbsp;<strong>medidas adicionales para facilitar la operatoria,<\/strong>&nbsp;para que toda la poblaci\u00f3n alcanzada pueda acceder a ese beneficio,&nbsp;<strong>sobre todo los que no tienen&nbsp;&nbsp;acceso a medio tecnol\u00f3gicos como celulares o dispositivos con conexi\u00f3n a internet y el conocimiento necesario para realizar el tr\u00e1mite\u201d.<\/strong><\/p>\n\n\n\n<p><strong>Cronograma de inscripci\u00f3n en la web de Anses<\/strong><\/p>\n\n\n\n<p>La ANSES inform\u00f3 hoy que ya se estableci\u00f3&nbsp;el cronograma para que los beneficiarios del Ingreso Familiar de Emergencia (IFE) puedan comenzar a pre-inscribirse de acuerdo con sus n\u00fameros de DNI a partir del pr\u00f3ximo viernes 27 de marzo y de esa manera cobren el refuerzo de $10.000 en medio de la pandemia de coronavirus.<\/p>\n\n\n\n<p>Cada persona ingrese que en la p\u00e1gina Web de Anses para llenar un aplicativo de pre-inscripci\u00f3n, que les requerir\u00e1 datos m\u00ednimos para iniciar el tr\u00e1mite de solicitud de este subsidio extraordinario. Este es orden de los d\u00edas de este mes, seg\u00fan los \u00faltimos n\u00fameros del DNI de cada beneficiario:<\/p>\n\n\n\n<p>&#8211; 0 y 1 tendr\u00e1n que ingresar el viernes 27<\/p>\n\n\n\n<p>&#8211; 2 y 3 deber\u00e1n hacerlo el s\u00e1bado 28<\/p>\n\n\n\n<p>&#8211; 4 y 5 el domingo 29<\/p>\n\n\n\n<p>&#8211; 6 y 7 el lunes 30<\/p>\n\n\n\n<p>&#8211; 8 y el 9 el martes 31<\/p>\n\n\n\n<p><strong>Recomendaciones de Anses<\/strong><strong><\/strong><\/p>\n\n\n\n<p>\u201cSe ruega que los interesados en concretar la pre-inscripci\u00f3n para cobrar este beneficio respeten estrictamente las fechas indicadas, de tal manera que se pueda facilitar el tr\u00e1mite y evitar una congesti\u00f3n de la p\u00e1gina Web del organismo que haga m\u00e1s lento o impida su correcto funcionamiento\u201d, dijo Anses en un comunicado.<\/p>\n\n\n\n<p>\u201cDespu\u00e9s de concretada esta pre-inscripci\u00f3n en los d\u00edas y fechas detallados, la ANSES llevar\u00e1 adelante un r\u00e1pido relevamiento de datos de la informaci\u00f3n recibida de los solicitantes y, posteriormente, solicitar\u00e1 a \u00e9stos toda una serie de datos complementarios como, por ejemplo, sus n\u00fameros de cuentas bancarias. Finalmente,&nbsp;es muy importante que los beneficiarios de la Asignaci\u00f3n Universal por Hijo (AUH) se abstengan de realizar esta pre-inscripci\u00f3n ya que est\u00e1n autom\u00e1ticamente incluidos en el IFE y cobrar\u00e1n los 10.000 pesos en la misma cuenta en la que reciben pagos todos los meses\u201d, agreg\u00f3.<\/p>\n\n\n\n<p><strong>Ingreso Familiar de Emergencia&nbsp;(IFE)<\/strong><\/p>\n\n\n\n<p>El Ingreso Familiar de Emergencia es una asignaci\u00f3n de car\u00e1cter excepcional de $10.000 para el mes de abril, destinada a compensar a los sectores m\u00e1s vulnerables a las consecuencias econ\u00f3micas de la cuarentena,&nbsp;se otorgar\u00e1 a las personas que est\u00e1n desempleadas, trabajen de manera informal, sean monotributistas de las categor\u00edas A y B y tambi\u00e9n trabajadoras o trabajadores de casas particulares.<\/p>\n\n\n\n<p>Hay varios requisitos para acceder al pago: ser argentino y residente (con una residencia legal en el pa\u00eds no inferior a dos a\u00f1os) y tener entre 18 y 65 a\u00f1os. Adem\u00e1s,&nbsp;se podr\u00e1 cobrar siempre que la persona o alg\u00fan miembro de su grupo familiar no perciban ingresos provenientes de un trabajo en relaci\u00f3n de dependencia (p\u00fablico o privado), no sea monotributista de categor\u00eda C o superior o del r\u00e9gimen de aut\u00f3nomos, no reciba una prestaci\u00f3n de desempleo ni jubilaciones, pensiones o retiros.<\/p>\n\n\n\n<p>Tampoco podr\u00e1n recibir el ingreso de emergencia quienes reciben planes sociales, salario social complementario, Hacemos Futuro, Potenciar Trabajo y otros programas sociales nacionales, provinciales o municipales.<\/p>\n\n\n\n<p>La excepci\u00f3n son los beneficiarios de la AUH o la asignaci\u00f3n por embarazo, quienes van a recibir el beneficio porque ya est\u00e1n registrados y no tendr\u00e1n que ingresar datos adicionales.<\/p>\n\n\n\n<p>Mi\u00e9rcoles 25 de marzo de 2020<img loading=\"lazy\" decoding=\"async\" width=\"150\" height=\"100\" class=\"wp-image-8163\" style=\"width: 150px;\" src=\"https:\/\/fmamiga909.com.ar\/wp-content\/uploads\/2020\/03\/thumbnail_MRM_3923.jpg\" alt=\"\" srcset=\"https:\/\/fmamiga909.com.ar\/wp-content\/uploads\/2020\/03\/thumbnail_MRM_3923.jpg 1280w, https:\/\/fmamiga909.com.ar\/wp-content\/uploads\/2020\/03\/thumbnail_MRM_3923-300x200.jpg 300w, https:\/\/fmamiga909.com.ar\/wp-content\/uploads\/2020\/03\/thumbnail_MRM_3923-1024x683.jpg 1024w, https:\/\/fmamiga909.com.ar\/wp-content\/uploads\/2020\/03\/thumbnail_MRM_3923-315x210.jpg 315w, https:\/\/fmamiga909.com.ar\/wp-content\/uploads\/2020\/03\/thumbnail_MRM_3923-950x634.jpg 950w\" sizes=\"auto, (max-width: 150px) 100vw, 150px\" \/><\/p>\n","protected":false},"excerpt":{"rendered":"<p>Atento las necesidades emergentes de la pandemia del COVID-19 y las expectativas surgidas a partir&#8230;<\/p>\n","protected":false},"author":3,"featured_media":8163,"comment_status":"closed","ping_status":"closed","sticky":false,"template":"","format":"standard","meta":{"footnotes":""},"categories":[1,3],"tags":[],"class_list":["post-8162","post","type-post","status-publish","format-standard","has-post-thumbnail","hentry","category-uncategorized","category-noticias"],"featured_image_urls":{"full":["https:\/\/fmamiga909.com.ar\/wp-content\/uploads\/2020\/03\/thumbnail_MRM_3923.jpg",1280,854,false],"thumbnail":["https:\/\/fmamiga909.com.ar\/wp-content\/uploads\/2020\/03\/thumbnail_MRM_3923-150x150.jpg",150,150,true],"medium":["https:\/\/fmamiga909.com.ar\/wp-content\/uploads\/2020\/03\/thumbnail_MRM_3923-300x200.jpg",300,200,true],"medium_large":["https:\/\/fmamiga909.com.ar\/wp-content\/uploads\/2020\/03\/thumbnail_MRM_3923.jpg",1280,854,false],"large":["https:\/\/fmamiga909.com.ar\/wp-content\/uploads\/2020\/03\/thumbnail_MRM_3923-1024x683.jpg",640,427,true],"1536x1536":["https:\/\/fmamiga909.com.ar\/wp-content\/uploads\/2020\/03\/thumbnail_MRM_3923.jpg",1280,854,false],"2048x2048":["https:\/\/fmamiga909.com.ar\/wp-content\/uploads\/2020\/03\/thumbnail_MRM_3923.jpg",1280,854,false],"newsium-slider-full":["https:\/\/fmamiga909.com.ar\/wp-content\/uploads\/2020\/03\/thumbnail_MRM_3923.jpg",1267,845,false],"newsium-featured":["https:\/\/fmamiga909.com.ar\/wp-content\/uploads\/2020\/03\/thumbnail_MRM_3923.jpg",1024,683,false],"newsium-medium":["https:\/\/fmamiga909.com.ar\/wp-content\/uploads\/2020\/03\/thumbnail_MRM_3923.jpg",712,475,false]},"author_info":{"display_name":"Fredy Giuliano","author_link":"https:\/\/fmamiga909.com.ar\/?author=3"},"category_info":"<a href=\"https:\/\/fmamiga909.com.ar\/?cat=1\" rel=\"category\">La radio<\/a> <a href=\"https:\/\/fmamiga909.com.ar\/?cat=3\" rel=\"category\">Noticias<\/a>","tag_info":"Noticias","comment_count":"0","_links":{"self":[{"href":"https:\/\/fmamiga909.com.ar\/index.php?rest_route=\/wp\/v2\/posts\/8162","targetHints":{"allow":["GET"]}}],"collection":[{"href":"https:\/\/fmamiga909.com.ar\/index.php?rest_route=\/wp\/v2\/posts"}],"about":[{"href":"https:\/\/fmamiga909.com.ar\/index.php?rest_route=\/wp\/v2\/types\/post"}],"author":[{"embeddable":true,"href":"https:\/\/fmamiga909.com.ar\/index.php?rest_route=\/wp\/v2\/users\/3"}],"replies":[{"embeddable":true,"href":"https:\/\/fmamiga909.com.ar\/index.php?rest_route=%2Fwp%2Fv2%2Fcomments&post=8162"}],"version-history":[{"count":1,"href":"https:\/\/fmamiga909.com.ar\/index.php?rest_route=\/wp\/v2\/posts\/8162\/revisions"}],"predecessor-version":[{"id":8164,"href":"https:\/\/fmamiga909.com.ar\/index.php?rest_route=\/wp\/v2\/posts\/8162\/revisions\/8164"}],"wp:featuredmedia":[{"embeddable":true,"href":"https:\/\/fmamiga909.com.ar\/index.php?rest_route=\/wp\/v2\/media\/8163"}],"wp:attachment":[{"href":"https:\/\/fmamiga909.com.ar\/index.php?rest_route=%2Fwp%2Fv2%2Fmedia&parent=8162"}],"wp:term":[{"taxonomy":"category","embeddable":true,"href":"https:\/\/fmamiga909.com.ar\/index.php?rest_route=%2Fwp%2Fv2%2Fcategories&post=8162"},{"taxonomy":"post_tag","embeddable":true,"href":"https:\/\/fmamiga909.com.ar\/index.php?rest_route=%2Fwp%2Fv2%2Ftags&post=8162"}],"curies":[{"name":"wp","href":"https:\/\/api.w.org\/{rel}","templated":true}]}}