{"id":8193,"date":"2020-04-06T20:17:59","date_gmt":"2020-04-06T20:17:59","guid":{"rendered":"http:\/\/fmamiga909.com.ar\/?p=8193"},"modified":"2020-04-06T20:18:00","modified_gmt":"2020-04-06T20:18:00","slug":"suspension-eleccion-general-en-san-guillermo","status":"publish","type":"post","link":"https:\/\/fmamiga909.com.ar\/?p=8193","title":{"rendered":"Suspensi\u00f3n Elecci\u00f3n General en San Guillermo"},"content":{"rendered":"\n<p><em>Decreto N\u00b0 0310<\/em><\/p>\n\n\n\n<p><strong>A causa de la Pandemia se suspende la elecci\u00f3n General en San Guillermo, prevista para el pr\u00f3ximo 10 de Mayo<\/strong><\/p>\n\n\n\n<h3 class=\"wp-block-heading\">El Senador Provincial Felipe Michlig inform\u00f3 que \u201cel Gobernador Omar Perotti suscribi\u00f3 el&nbsp;decreto N\u00ba 0310&nbsp;mediante el cual dispone&nbsp;la&nbsp;&nbsp;suspensi\u00f3n de los Comicios Generales para la cobertura del cargo de Intendente Municipal, de la ciudad de San Guillermo, Departamento San Crist\u00f3bal\u201d, prevista para el pr\u00f3ximo 10 de Mayo de 2020, \u201cproducto de la emergencia&nbsp;por la pandemia del Covid-19&nbsp;y el estado de cuarentena existente\u201d.<\/h3>\n\n\n\n<p>El Senador Michlig record\u00f3 que \u201ceste proceso electoral se origin\u00f3 en el marco del Decreto N\u00b0 3122\/2019, (a efectos de completarse el mandato del extinto Intendente Daniel R. Martina)&nbsp;<strong>concret\u00e1ndose ya la instancia&nbsp;&nbsp;de de la elecci\u00f3n Primaria, Abierta, Simult\u00e1nea y Obligatoria<\/strong>&nbsp;(PASO), el \u00faltimo 1 de marzo del corriente a\u00f1o\u201d.<\/p>\n\n\n\n<p>\u201cEn las PASOS la alianza \u2018<strong>Somos San Guillermo\u2019<\/strong>&nbsp;(que integran la UCR, el PRO, el PDP y el Frente para el Cambio), que entre sus dos postulantes Romina L\u00f3pez y Pedro Morini,&nbsp;<strong>obtuvieron casi el 65%&nbsp;<\/strong>(45,45% L\u00f3pez y 19,40% Morini) de los sufragios emitidos, se impuso al<strong>&nbsp;Frente Justicialista<\/strong>&nbsp;(con el precandidato Luciano Parola) que obtuvo el&nbsp;<strong>33,35 %&nbsp;&nbsp;<\/strong>de los votos emitidos\u201d, record\u00f3 el legislador.<\/p>\n\n\n\n<p><strong>Otras consideraciones<\/strong><\/p>\n\n\n\n<p>En los considerando del Decreto gubernamental firmado tambi\u00e9n el Ministro de Gobierno, Dr. Esteban Borgonovo, se consigna \u2013adem\u00e1s de la suspensi\u00f3n del comicio- que \u201cSe suspende toda publicidad electoral e institucional previa las elecciones Generales excepto aquellas relacionadas a la campa\u00f1as vinculadas a las pol\u00edticas de salud.<\/p>\n\n\n\n<p>Sin perjuicio de ello&nbsp;<strong>el Tribunal Electoral informar\u00e1 a los ciudadanos con la debida antelaci\u00f3n respecto del ejercicio de sus derechos y deberes c\u00edvicos vinculados a las elecciones generales<\/strong>&nbsp;para la cobertura del Cargo Intendente Municipal en la Ciudad de San Guillermo, Departamento San Crist\u00f3bal\u201d, dispone la norma en su parte resolutiva.<\/p>\n\n\n\n<p><strong>Por causa de la Pandemia del Coronavirus<\/strong><\/p>\n\n\n\n<p>En los fundamentos esgrimidos en los considerando de la norma referida se se\u00f1ala que \u201ceste Poder Ejecutivo dispuso mediante Decreto N\u00b0 0213\/20 la adhesi\u00f3n al&nbsp;<strong>Decreto de Necesidad y Urgencia (DNU) N\u00b0 0260\/2020<\/strong>&nbsp;y su modificatorio, el que declar\u00f3 en nuestro pa\u00eds la&nbsp;<strong>Emergencia P\u00fablica Sanitaria,<\/strong>&nbsp;por el plazo de un a\u00f1o en virtud de la pandemia declarada\u201d.<\/p>\n\n\n\n<p>\u201cQue en el mismo sentido adhiri\u00f3 \u2014en tanto resulte competencia provincial- por intermedio del Decreto N\u00b0 0270\/20, a las&nbsp;<strong>medidas de \u00abaislamiento, social, preventivo y obligatorio\u00bb,&nbsp;<\/strong>dispuestas por el Decreto de Necesidad y Urgencia (DNU) N\u00b0 297\/20\u201d.<\/p>\n\n\n\n<p>Lunes 06 de abril de 2020<a href=\"http:\/\/www.felipemcihlig.com\/\" target=\"_blank\" rel=\"noreferrer noopener\">www.felipemcihlig.com<\/a><br>Oficina de Prensa Senador Felipe Michlig\n\n<\/p>\n","protected":false},"excerpt":{"rendered":"<p>Decreto N\u00b0 0310 A causa de la Pandemia se suspende la elecci\u00f3n General en San&#8230;<\/p>\n","protected":false},"author":3,"featured_media":8194,"comment_status":"closed","ping_status":"closed","sticky":false,"template":"","format":"standard","meta":{"footnotes":""},"categories":[1,3],"tags":[],"class_list":["post-8193","post","type-post","status-publish","format-standard","has-post-thumbnail","hentry","category-uncategorized","category-noticias"],"featured_image_urls":{"full":["https:\/\/fmamiga909.com.ar\/wp-content\/uploads\/2020\/04\/san-guillermo.jpg",696,418,false],"thumbnail":["https:\/\/fmamiga909.com.ar\/wp-content\/uploads\/2020\/04\/san-guillermo-150x150.jpg",150,150,true],"medium":["https:\/\/fmamiga909.com.ar\/wp-content\/uploads\/2020\/04\/san-guillermo-300x180.jpg",300,180,true],"medium_large":["https:\/\/fmamiga909.com.ar\/wp-content\/uploads\/2020\/04\/san-guillermo.jpg",696,418,false],"large":["https:\/\/fmamiga909.com.ar\/wp-content\/uploads\/2020\/04\/san-guillermo.jpg",640,384,false],"1536x1536":["https:\/\/fmamiga909.com.ar\/wp-content\/uploads\/2020\/04\/san-guillermo.jpg",696,418,false],"2048x2048":["https:\/\/fmamiga909.com.ar\/wp-content\/uploads\/2020\/04\/san-guillermo.jpg",696,418,false],"newsium-slider-full":["https:\/\/fmamiga909.com.ar\/wp-content\/uploads\/2020\/04\/san-guillermo.jpg",696,418,false],"newsium-featured":["https:\/\/fmamiga909.com.ar\/wp-content\/uploads\/2020\/04\/san-guillermo.jpg",696,418,false],"newsium-medium":["https:\/\/fmamiga909.com.ar\/wp-content\/uploads\/2020\/04\/san-guillermo.jpg",696,418,false]},"author_info":{"display_name":"Fredy Giuliano","author_link":"https:\/\/fmamiga909.com.ar\/?author=3"},"category_info":"<a href=\"https:\/\/fmamiga909.com.ar\/?cat=1\" rel=\"category\">La radio<\/a> <a href=\"https:\/\/fmamiga909.com.ar\/?cat=3\" rel=\"category\">Noticias<\/a>","tag_info":"Noticias","comment_count":"0","_links":{"self":[{"href":"https:\/\/fmamiga909.com.ar\/index.php?rest_route=\/wp\/v2\/posts\/8193","targetHints":{"allow":["GET"]}}],"collection":[{"href":"https:\/\/fmamiga909.com.ar\/index.php?rest_route=\/wp\/v2\/posts"}],"about":[{"href":"https:\/\/fmamiga909.com.ar\/index.php?rest_route=\/wp\/v2\/types\/post"}],"author":[{"embeddable":true,"href":"https:\/\/fmamiga909.com.ar\/index.php?rest_route=\/wp\/v2\/users\/3"}],"replies":[{"embeddable":true,"href":"https:\/\/fmamiga909.com.ar\/index.php?rest_route=%2Fwp%2Fv2%2Fcomments&post=8193"}],"version-history":[{"count":1,"href":"https:\/\/fmamiga909.com.ar\/index.php?rest_route=\/wp\/v2\/posts\/8193\/revisions"}],"predecessor-version":[{"id":8195,"href":"https:\/\/fmamiga909.com.ar\/index.php?rest_route=\/wp\/v2\/posts\/8193\/revisions\/8195"}],"wp:featuredmedia":[{"embeddable":true,"href":"https:\/\/fmamiga909.com.ar\/index.php?rest_route=\/wp\/v2\/media\/8194"}],"wp:attachment":[{"href":"https:\/\/fmamiga909.com.ar\/index.php?rest_route=%2Fwp%2Fv2%2Fmedia&parent=8193"}],"wp:term":[{"taxonomy":"category","embeddable":true,"href":"https:\/\/fmamiga909.com.ar\/index.php?rest_route=%2Fwp%2Fv2%2Fcategories&post=8193"},{"taxonomy":"post_tag","embeddable":true,"href":"https:\/\/fmamiga909.com.ar\/index.php?rest_route=%2Fwp%2Fv2%2Ftags&post=8193"}],"curies":[{"name":"wp","href":"https:\/\/api.w.org\/{rel}","templated":true}]}}