{"id":8216,"date":"2020-04-13T21:37:18","date_gmt":"2020-04-13T21:37:18","guid":{"rendered":"http:\/\/fmamiga909.com.ar\/?p=8216"},"modified":"2020-04-13T21:37:19","modified_gmt":"2020-04-13T21:37:19","slug":"la-provincia-brindo-detalles-sobre-la-campana-de-vacunacion-antigripal-en-territorio-santafesino","status":"publish","type":"post","link":"https:\/\/fmamiga909.com.ar\/?p=8216","title":{"rendered":"La provincia brind\u00f3 detalles sobre la campa\u00f1a de vacunaci\u00f3n antigripal en territorio santafesino"},"content":{"rendered":"\n<p><\/p>\n\n\n\n<p> El adelantamiento de la vacunaci\u00f3n antigripal logr\u00f3 porcentajes de aplicaci\u00f3n superiores a los obtenidos en 2019 en la denominada poblaci\u00f3n considerada de riesgo. <\/p>\n\n\n\n<p>La coordinadora del Programa de Inmunizaciones de la provincia, Soledad Guerrero, brind\u00f3 informaci\u00f3n sobre c\u00f3mo se est\u00e1 desarrollando la campa\u00f1a de vacunaci\u00f3n antigripal en territorio santafesino, frente a la pandemia COVID-19. En ese marco, detall\u00f3 las cifras por regi\u00f3n, al tiempo que confirm\u00f3 que el adelantamiento de la iniciativa logr\u00f3 porcentajes de aplicaci\u00f3n superiores a los obtenidos en 2019 en la poblaci\u00f3n de riesgo.<\/p>\n\n\n\n<p>\u201cDesde que comenz\u00f3 la campa\u00f1a, el 25 de marzo, se empez\u00f3 vacunando al personal de salud, que es la primera barrera para el virus de la influenza, y hasta el momento llevamos 36.269 vacunas aplicadas y registradas en nuestro sistema nominalizado, contra 23.833 en el mismo per\u00edodo de tiempo en 2019. Esto significa un incremento en porcentajes que va, de acuerdo a cada localidad, desde el 50 hasta el 100 por ciento en algunos departamentos\u201d.<\/p>\n\n\n\n<p>\u201cLa campa\u00f1a -dijo la funcionaria- se proyect\u00f3 para seguir con los mayores de 65 a\u00f1os, estrat\u00e9gicamente, y a todas las personas de entre 2 y 64 a\u00f1os que tuvieran factores de riesgo, as\u00ed como embarazadas. En este caso, cada regi\u00f3n de la provincia ha logrado distintos porcentajes, pero siempre mejorando la performance de 2019\u201d.<\/p>\n\n\n\n<p>En ese contexto, inform\u00f3 en la regi\u00f3n de Venado Tuerto, entre el 25 de marzo y el 12 de abril, se colocaron 12.633 dosis de vacuna antigripal contra 7.103, lo que implica un incremento del 77,9 por ciento. Mientras que en la regi\u00f3n Rosario se aplicaron 103.329 dosis contra las 57.468 del a\u00f1o pasado. Esto es, un aumento del 79,8 por ciento.<\/p>\n\n\n\n<p>En la regi\u00f3n Santa Fe fueron 37.605 dosis contra 34.698 del mismo per\u00edodo 2019, una suba del 8,8 por ciento. En tanto que en la regi\u00f3n Rafaela las vacunas aplicadas fueron 20.536 contra 12.560 dosis, un crecimiento del 67,5 por ciento. Finalmente, en la regi\u00f3n Reconquista se vacunaron 15.527 personas contra 6.981, un incremento del 122,42 por ciento.<\/p>\n\n\n\n<p>Para cerrar, Guerrero subray\u00f3 que \u201chemos vacunado manteniendo un estricto aislamiento a 36.223 personas mayores de 65 a\u00f1os en la provincia de Santa Fe, versus 30.102 personas en el mismo per\u00edodo de 2019, lo que nos lleva a una reflexi\u00f3n important\u00edsima: el esfuerzo que hacen los equipos de salud abocados a la tarea de vacunaci\u00f3n ha sido muy importante. Y desde el Ministerio de Salud queremos agradecer el compromiso y la dedicaci\u00f3n\u201d.<\/p>\n","protected":false},"excerpt":{"rendered":"<p>El adelantamiento de la vacunaci\u00f3n antigripal logr\u00f3 porcentajes de aplicaci\u00f3n superiores a los obtenidos en&#8230;<\/p>\n","protected":false},"author":3,"featured_media":8217,"comment_status":"closed","ping_status":"closed","sticky":false,"template":"","format":"standard","meta":{"footnotes":""},"categories":[1,3],"tags":[],"class_list":["post-8216","post","type-post","status-publish","format-standard","has-post-thumbnail","hentry","category-uncategorized","category-noticias"],"featured_image_urls":{"full":["https:\/\/fmamiga909.com.ar\/wp-content\/uploads\/2020\/04\/sANTAfE.jpg",225,225,false],"thumbnail":["https:\/\/fmamiga909.com.ar\/wp-content\/uploads\/2020\/04\/sANTAfE-150x150.jpg",150,150,true],"medium":["https:\/\/fmamiga909.com.ar\/wp-content\/uploads\/2020\/04\/sANTAfE.jpg",225,225,false],"medium_large":["https:\/\/fmamiga909.com.ar\/wp-content\/uploads\/2020\/04\/sANTAfE.jpg",225,225,false],"large":["https:\/\/fmamiga909.com.ar\/wp-content\/uploads\/2020\/04\/sANTAfE.jpg",225,225,false],"1536x1536":["https:\/\/fmamiga909.com.ar\/wp-content\/uploads\/2020\/04\/sANTAfE.jpg",225,225,false],"2048x2048":["https:\/\/fmamiga909.com.ar\/wp-content\/uploads\/2020\/04\/sANTAfE.jpg",225,225,false],"newsium-slider-full":["https:\/\/fmamiga909.com.ar\/wp-content\/uploads\/2020\/04\/sANTAfE.jpg",225,225,false],"newsium-featured":["https:\/\/fmamiga909.com.ar\/wp-content\/uploads\/2020\/04\/sANTAfE.jpg",225,225,false],"newsium-medium":["https:\/\/fmamiga909.com.ar\/wp-content\/uploads\/2020\/04\/sANTAfE.jpg",225,225,false]},"author_info":{"display_name":"Fredy Giuliano","author_link":"https:\/\/fmamiga909.com.ar\/?author=3"},"category_info":"<a href=\"https:\/\/fmamiga909.com.ar\/?cat=1\" rel=\"category\">La radio<\/a> <a href=\"https:\/\/fmamiga909.com.ar\/?cat=3\" rel=\"category\">Noticias<\/a>","tag_info":"Noticias","comment_count":"0","_links":{"self":[{"href":"https:\/\/fmamiga909.com.ar\/index.php?rest_route=\/wp\/v2\/posts\/8216","targetHints":{"allow":["GET"]}}],"collection":[{"href":"https:\/\/fmamiga909.com.ar\/index.php?rest_route=\/wp\/v2\/posts"}],"about":[{"href":"https:\/\/fmamiga909.com.ar\/index.php?rest_route=\/wp\/v2\/types\/post"}],"author":[{"embeddable":true,"href":"https:\/\/fmamiga909.com.ar\/index.php?rest_route=\/wp\/v2\/users\/3"}],"replies":[{"embeddable":true,"href":"https:\/\/fmamiga909.com.ar\/index.php?rest_route=%2Fwp%2Fv2%2Fcomments&post=8216"}],"version-history":[{"count":1,"href":"https:\/\/fmamiga909.com.ar\/index.php?rest_route=\/wp\/v2\/posts\/8216\/revisions"}],"predecessor-version":[{"id":8218,"href":"https:\/\/fmamiga909.com.ar\/index.php?rest_route=\/wp\/v2\/posts\/8216\/revisions\/8218"}],"wp:featuredmedia":[{"embeddable":true,"href":"https:\/\/fmamiga909.com.ar\/index.php?rest_route=\/wp\/v2\/media\/8217"}],"wp:attachment":[{"href":"https:\/\/fmamiga909.com.ar\/index.php?rest_route=%2Fwp%2Fv2%2Fmedia&parent=8216"}],"wp:term":[{"taxonomy":"category","embeddable":true,"href":"https:\/\/fmamiga909.com.ar\/index.php?rest_route=%2Fwp%2Fv2%2Fcategories&post=8216"},{"taxonomy":"post_tag","embeddable":true,"href":"https:\/\/fmamiga909.com.ar\/index.php?rest_route=%2Fwp%2Fv2%2Ftags&post=8216"}],"curies":[{"name":"wp","href":"https:\/\/api.w.org\/{rel}","templated":true}]}}