{"id":8221,"date":"2020-04-13T21:45:40","date_gmt":"2020-04-13T21:45:40","guid":{"rendered":"http:\/\/fmamiga909.com.ar\/?p=8221"},"modified":"2020-04-13T21:45:41","modified_gmt":"2020-04-13T21:45:41","slug":"senadores-radicales-requieren-que-se-evalue-el-uso-obligatorio-del-barbijo-en-la-provincia-de-santa-fe","status":"publish","type":"post","link":"https:\/\/fmamiga909.com.ar\/?p=8221","title":{"rendered":"Senadores radicales requieren que se eval\u00fae el uso obligatorio del Barbijo en la Provincia de Santa Fe"},"content":{"rendered":"\n<p><strong>Senadores P<\/strong>rovinciales del&nbsp;<strong>Bloque de la UCR<\/strong>&nbsp;<strong>solicitan<\/strong>&nbsp;al Gobierno Provincial, que&nbsp;<strong>\u201cse eval\u00fae la posible implementaci\u00f3n del uso obligatorio de barbijos<\/strong>&nbsp;comunes (tapabocas)&nbsp;<strong>para todos los habitantes&nbsp;&nbsp;que deban circular o realizar atenci\u00f3n al p\u00fablico en todo el territorio provincial\u201d.<\/strong><\/p>\n\n\n\n<p>El Pte. del Bloque Felipe Michlig indic\u00f3 que&nbsp;<strong>\u201cla regla es no salir y cumplir con la cuarentena<\/strong>, pero para los que deban salir de sus domicilios&nbsp;<strong>estando autorizados para ello,<\/strong>&nbsp;se deben&nbsp;<strong>agotar todas las medidas de prevenci\u00f3n y control<\/strong>. En ese sentido \u2013como ya se hizo en&nbsp;<strong>otras provincias y tambi\u00e9n en algunas localidades de Santa Fe-<\/strong>&nbsp;con el uso obligatorio del barbijo se podr\u00eda brindar&nbsp;<strong>mayor seguridad a la poblaci\u00f3n<\/strong>&nbsp;y un&nbsp;<strong>criterio jur\u00eddico uniforme<\/strong>&nbsp;para un mejor ordenamiento social\u201d.<\/p>\n\n\n\n<p>La iniciativa es suscripta por los Senadores&nbsp;<strong>Felipe Michlig&nbsp;<\/strong>(San Crist\u00f3bal),&nbsp;<strong>Lisandro Enrico&nbsp;<\/strong>(General L\u00f3pez),&nbsp;<strong>Rodrigo Borla<\/strong>&nbsp;(San Justo),&nbsp;<strong>Orfilio Marc\u00f3n<\/strong>&nbsp;(General Obligado) y&nbsp;<strong>Germ\u00e1n Giacomino<\/strong>&nbsp;(Constituci\u00f3n).<\/p>\n\n\n\n<p><strong>Fundamentos de la iniciativa<\/strong><\/p>\n\n\n\n<p>En los fundamentos esgrimidos por el conjunto de Senadores de la UCR se menciona que&nbsp;<strong>\u201cla emergencia sanitaria en la cual se encuentra nuestro pa\u00eds nos obliga a redoblar los esfuerzos y las protecciones<\/strong>&nbsp;con la que debemos cuidar a todos los habitantes de nuestra provincia\u201d.<\/p>\n\n\n\n<p>\u201cEs por ello que proponemos a trav\u00e9s del presente proyecto de comunicaci\u00f3n solicitar al poder ejecutivo que disponga la&nbsp;<strong>obligatoriedad del uso de barbijos comunes (tapabocas) para todos los habitantes autorizados para circular, (a diferencia de los barbijos quir\u00fargicos que se requieren espec\u00edficamente para el personal de Salud)\u201d.<\/strong><\/p>\n\n\n\n<p><strong>Importancia de su utilizaci\u00f3n<\/strong><\/p>\n\n\n\n<p>\u201cDebemos hacer notar la&nbsp;<strong>importancia de la utilizaci\u00f3n masiva&nbsp;<\/strong>de elementos de protecci\u00f3n que cubran&nbsp;&nbsp;boca,&nbsp;&nbsp;nariz y ment\u00f3n, por parte de las&nbsp;<strong>personas que habi\u00e9ndose contagiado COVID19 son asintom\u00e1ticos<\/strong>&nbsp;y puedan encontrarse circulando por estar amparados en algunas de las excepciones actuales o que puedan ser solicitadas\u201d.<\/p>\n\n\n\n<p>Entonces es importante establecer que pueden darse situaciones&nbsp;<strong>donde sea m\u00e1s complejo garantizar el m\u00ednimo distanciamiento social,<\/strong>&nbsp;tales como&nbsp;<strong>el transporte<\/strong>&nbsp;<strong>p\u00fablico<\/strong>,&nbsp;<strong>los comercios, y las dependencias de atenci\u00f3n al p\u00fablico&nbsp;<\/strong>en nuestra provincia. Por ello se hace imprescindible&nbsp;<strong>profundizar los recaudos para prevenir el contagio del COVID-19\u201d.<\/strong><\/p>\n\n\n\n<p>Finalmente los Senadores radicales hacen notar que&nbsp;<strong>\u201cmedidas de este tenor ya se han dispuesto en C.A.B.A y en numerosas provincias<\/strong>&nbsp;como por ejemplo: Jujuy, La Rioja, Misiones, Santiago del Estero, Tucum\u00e1n y Salta.&nbsp;<strong>Asimismo Gobiernos locales de nuestra provincia<\/strong>&nbsp;tomaron decisiones en el mismo sentido, lo cual provoca dis\u00edmiles ordenamientos distritales, que podr\u00eda solucionarse con&nbsp;<strong>una norma provincial que unifique el criterio a se<\/strong>guir, en cuanto la obligatoriedad del uso del barbijo\u201d.<strong><\/strong><\/p>\n\n\n\n<p>Lunes 13 de abril de 2020<a href=\"http:\/\/www.felipe.michlig.com\/\" target=\"_blank\" rel=\"noreferrer noopener\">www.felipe.michlig.com<\/a><\/p>\n","protected":false},"excerpt":{"rendered":"<p>Senadores Provinciales del&nbsp;Bloque de la UCR&nbsp;solicitan&nbsp;al Gobierno Provincial, que&nbsp;\u201cse eval\u00fae la posible implementaci\u00f3n del uso&#8230;<\/p>\n","protected":false},"author":3,"featured_media":8222,"comment_status":"closed","ping_status":"closed","sticky":false,"template":"","format":"standard","meta":{"footnotes":""},"categories":[1,3],"tags":[],"class_list":["post-8221","post","type-post","status-publish","format-standard","has-post-thumbnail","hentry","category-uncategorized","category-noticias"],"featured_image_urls":{"full":["https:\/\/fmamiga909.com.ar\/wp-content\/uploads\/2020\/04\/barbijo.jpg",680,357,false],"thumbnail":["https:\/\/fmamiga909.com.ar\/wp-content\/uploads\/2020\/04\/barbijo-150x150.jpg",150,150,true],"medium":["https:\/\/fmamiga909.com.ar\/wp-content\/uploads\/2020\/04\/barbijo-300x158.jpg",300,158,true],"medium_large":["https:\/\/fmamiga909.com.ar\/wp-content\/uploads\/2020\/04\/barbijo.jpg",680,357,false],"large":["https:\/\/fmamiga909.com.ar\/wp-content\/uploads\/2020\/04\/barbijo.jpg",640,336,false],"1536x1536":["https:\/\/fmamiga909.com.ar\/wp-content\/uploads\/2020\/04\/barbijo.jpg",680,357,false],"2048x2048":["https:\/\/fmamiga909.com.ar\/wp-content\/uploads\/2020\/04\/barbijo.jpg",680,357,false],"newsium-slider-full":["https:\/\/fmamiga909.com.ar\/wp-content\/uploads\/2020\/04\/barbijo.jpg",680,357,false],"newsium-featured":["https:\/\/fmamiga909.com.ar\/wp-content\/uploads\/2020\/04\/barbijo.jpg",680,357,false],"newsium-medium":["https:\/\/fmamiga909.com.ar\/wp-content\/uploads\/2020\/04\/barbijo.jpg",680,357,false]},"author_info":{"display_name":"Fredy Giuliano","author_link":"https:\/\/fmamiga909.com.ar\/?author=3"},"category_info":"<a href=\"https:\/\/fmamiga909.com.ar\/?cat=1\" rel=\"category\">La radio<\/a> <a href=\"https:\/\/fmamiga909.com.ar\/?cat=3\" rel=\"category\">Noticias<\/a>","tag_info":"Noticias","comment_count":"0","_links":{"self":[{"href":"https:\/\/fmamiga909.com.ar\/index.php?rest_route=\/wp\/v2\/posts\/8221","targetHints":{"allow":["GET"]}}],"collection":[{"href":"https:\/\/fmamiga909.com.ar\/index.php?rest_route=\/wp\/v2\/posts"}],"about":[{"href":"https:\/\/fmamiga909.com.ar\/index.php?rest_route=\/wp\/v2\/types\/post"}],"author":[{"embeddable":true,"href":"https:\/\/fmamiga909.com.ar\/index.php?rest_route=\/wp\/v2\/users\/3"}],"replies":[{"embeddable":true,"href":"https:\/\/fmamiga909.com.ar\/index.php?rest_route=%2Fwp%2Fv2%2Fcomments&post=8221"}],"version-history":[{"count":1,"href":"https:\/\/fmamiga909.com.ar\/index.php?rest_route=\/wp\/v2\/posts\/8221\/revisions"}],"predecessor-version":[{"id":8223,"href":"https:\/\/fmamiga909.com.ar\/index.php?rest_route=\/wp\/v2\/posts\/8221\/revisions\/8223"}],"wp:featuredmedia":[{"embeddable":true,"href":"https:\/\/fmamiga909.com.ar\/index.php?rest_route=\/wp\/v2\/media\/8222"}],"wp:attachment":[{"href":"https:\/\/fmamiga909.com.ar\/index.php?rest_route=%2Fwp%2Fv2%2Fmedia&parent=8221"}],"wp:term":[{"taxonomy":"category","embeddable":true,"href":"https:\/\/fmamiga909.com.ar\/index.php?rest_route=%2Fwp%2Fv2%2Fcategories&post=8221"},{"taxonomy":"post_tag","embeddable":true,"href":"https:\/\/fmamiga909.com.ar\/index.php?rest_route=%2Fwp%2Fv2%2Ftags&post=8221"}],"curies":[{"name":"wp","href":"https:\/\/api.w.org\/{rel}","templated":true}]}}